{"id":79870,"date":"2025-11-07T10:30:09","date_gmt":"2025-11-07T09:30:09","guid":{"rendered":"https:\/\/miradordeatarfe.es\/?p=79870"},"modified":"2025-11-07T14:03:31","modified_gmt":"2025-11-07T13:03:31","slug":"el-cementerio-y-mi-amigo-manolo-por-juan-de-dios-villanueva-roa","status":"publish","type":"post","link":"https:\/\/miradordeatarfe.es\/?p=79870","title":{"rendered":"\u00abEl cementerio y mi amigo Manolo\u00bb por Juan de Dios Villanueva Roa"},"content":{"rendered":"<p class=\"v-p\" style=\"text-align: justify;\">Dice mi amigo Manolo Ruiz que \u00ablos padres de ahora no quieren subir al cementerio a los hijos para llevar flores a sus abuelos porque <span class=\"paywall pw-open\">se traumatizan y es horrible&#8230; Yo me tir\u00e9 much\u00edsimos a\u00f1os subiendo todos los domingos al cementerio por la muerte de mi hermana Encarnita con 3 a\u00f1os. Fueron todos los domingos de mi infancia con recompensa en el quiosco de la Alhambra con un azucarillo. Mi hermana estaba con el Se\u00f1or y era muy feliz. \u00a1Qu\u00e9 padres los de antes! <\/span><\/p>\n<p class=\"v-p\" style=\"text-align: justify;\"><span class=\"paywall pw-open\">Hoy los ni\u00f1os no suben al cementerio, se les producen traumas&#8230;, pero luego los disfrazan con caretas sangrientas, cuchillos punzantes, sangre por doquier, heridas y vendas como si vinieran de la guerra&#8230; \u00a1Qu\u00e9 maravilla la sangre fluyendo sobre cuerpos maltratados! \u00a1Qu\u00e9 fiesta sanguinolenta m\u00e1s divertida!<\/span><\/p>\n<p class=\"v-p\" style=\"text-align: justify;\"><span class=\"paywall pw-open\"> Y aqu\u00ed los ni\u00f1os no se traumatizan porque hay truco, pero desconociendo lo que encierra la muerte de un familiar querido. <\/span><\/p>\n<p class=\"v-p\" style=\"text-align: justify;\"><span class=\"paywall pw-open\">Desprecio a todos aquellos que olvidan sus costumbres y ra\u00edces para adoptar tonter\u00edas \u2013usa otro t\u00e9rmino\u2013 que no tienen nada que ver con nuestras tradiciones\u00bb.<\/span><\/p>\n<div class=\"paywall\" data-mrf-recirculation=\"Link art\u00edculos\">\n<p class=\"v-p\" style=\"text-align: justify;\">Y es que ahora echamos la vida protegiendo tanto a los hijos que los despegamos de la realidad sobre la que vivir\u00e1n el resto de sus vidas. La muerte antes estaba en la vida, despu\u00e9s en las pel\u00edculas del oeste, luego pas\u00f3 a las series de ciencia ficci\u00f3n y ahora se queda en los disfraces y en juegos de rol.<\/p>\n<p>foto: https:\/\/www.ultimahora.es\/noticias\/sociedad\/2025\/10\/31\/2503285\/halloween-conquista-todos-rincones-mallorca.html<\/p>\n<p>&nbsp;<\/p>\n<\/div>\n","protected":false},"excerpt":{"rendered":"<p>Dice mi amigo Manolo Ruiz que \u00ablos padres de ahora no quieren subir al cementerio&#8230;<\/p>\n","protected":false},"author":1,"featured_media":79871,"comment_status":"closed","ping_status":"closed","sticky":false,"template":"","format":"standard","meta":{"_coblocks_attr":"","_coblocks_dimensions":"","_coblocks_responsive_height":"","_coblocks_accordion_ie_support":"","jetpack_post_was_ever_published":false,"_jetpack_newsletter_access":"","_jetpack_dont_email_post_to_subs":false,"_jetpack_newsletter_tier_id":0,"_jetpack_memberships_contains_paywalled_content":false,"_jetpack_memberships_contains_paid_content":false,"footnotes":"","jetpack_publicize_message":"","jetpack_publicize_feature_enabled":true,"jetpack_social_post_already_shared":true,"jetpack_social_options":{"image_generator_settings":{"template":"highway","default_image_id":0,"enabled":false},"version":2}},"categories":[187,1161,186,9772,44],"tags":[],"class_list":["post-79870","post","type-post","status-publish","format-standard","has-post-thumbnail","hentry","category-centros-educativos","category-ciudadania","category-instituciones","category-opinion-de-juan-de-dios-villanueva","category-noticias-de-hoy"],"jetpack_publicize_connections":[],"jetpack_featured_media_url":"https:\/\/i0.wp.com\/miradordeatarfe.es\/wp-content\/uploads\/2025\/11\/1.jpeg?fit=730%2C500&ssl=1","jetpack_likes_enabled":true,"jetpack_sharing_enabled":true,"_links":{"self":[{"href":"https:\/\/miradordeatarfe.es\/index.php?rest_route=\/wp\/v2\/posts\/79870","targetHints":{"allow":["GET"]}}],"collection":[{"href":"https:\/\/miradordeatarfe.es\/index.php?rest_route=\/wp\/v2\/posts"}],"about":[{"href":"https:\/\/miradordeatarfe.es\/index.php?rest_route=\/wp\/v2\/types\/post"}],"author":[{"embeddable":true,"href":"https:\/\/miradordeatarfe.es\/index.php?rest_route=\/wp\/v2\/users\/1"}],"replies":[{"embeddable":true,"href":"https:\/\/miradordeatarfe.es\/index.php?rest_route=%2Fwp%2Fv2%2Fcomments&post=79870"}],"version-history":[{"count":1,"href":"https:\/\/miradordeatarfe.es\/index.php?rest_route=\/wp\/v2\/posts\/79870\/revisions"}],"predecessor-version":[{"id":79872,"href":"https:\/\/miradordeatarfe.es\/index.php?rest_route=\/wp\/v2\/posts\/79870\/revisions\/79872"}],"wp:featuredmedia":[{"embeddable":true,"href":"https:\/\/miradordeatarfe.es\/index.php?rest_route=\/wp\/v2\/media\/79871"}],"wp:attachment":[{"href":"https:\/\/miradordeatarfe.es\/index.php?rest_route=%2Fwp%2Fv2%2Fmedia&parent=79870"}],"wp:term":[{"taxonomy":"category","embeddable":true,"href":"https:\/\/miradordeatarfe.es\/index.php?rest_route=%2Fwp%2Fv2%2Fcategories&post=79870"},{"taxonomy":"post_tag","embeddable":true,"href":"https:\/\/miradordeatarfe.es\/index.php?rest_route=%2Fwp%2Fv2%2Ftags&post=79870"}],"curies":[{"name":"wp","href":"https:\/\/api.w.org\/{rel}","templated":true}]}}