{"id":79874,"date":"2025-11-07T10:37:50","date_gmt":"2025-11-07T09:37:50","guid":{"rendered":"https:\/\/miradordeatarfe.es\/?p=79874"},"modified":"2025-11-06T13:00:19","modified_gmt":"2025-11-06T12:00:19","slug":"empiezan-a-limpiar-el-bloque-de-atarfe-que-sufrio-una-explosion-por-un-laboratorio-de-droga","status":"publish","type":"post","link":"https:\/\/miradordeatarfe.es\/?p=79874","title":{"rendered":"Empiezan a limpiar el bloque de Atarfe que sufri\u00f3 una explosi\u00f3n por un laboratorio de droga"},"content":{"rendered":"<h2 class=\"v-a-sub-t \" style=\"text-align: justify;\">El Ayuntamiento afirma que se ha reestablecido ya el suministro el\u00e9ctrico y el agua, pero se desconoce cu\u00e1ndo podr\u00e1n volver los vecinos a sus casas<\/h2>\n<p class=\"v-p\" style=\"text-align: justify;\">Las labores de limpieza y retirada de materiales y escombros han comenzado ya en el bloque de Atarfe que sufri\u00f3 una deflagraci\u00f3n la tarde del <span class=\"paywall pw-open\">pasado jueves por un piso que se usaba como laboratorio de droga. As\u00ed lo ha confirmado a IDEAL la alcaldesa del municipio, Yolanda Fern\u00e1ndez, que tambi\u00e9n ha asegurado que el edificio cuenta de nuevo con suministro el\u00e9ctrico y agua. Ambos servicios quedaron interrumpidos tras la explosi\u00f3n. <\/span><\/p>\n<div class=\"paywall\" data-mrf-recirculation=\"Link art\u00edculos\">\n<p class=\"v-p\" style=\"text-align: justify;\">Los vecinos, por el momento, no han podido regresar a sus casas, pero s\u00ed han empezado a reparar los da\u00f1os que sufrieron en el interior de las viviendas. El humo impregn\u00f3 las paredes y la detonaci\u00f3n hizo saltar las ventanas, rompi\u00f3 muebles e incluso descolg\u00f3 algunas puertas principales.<\/p>\n<p class=\"v-p\" style=\"text-align: justify;\">Seg\u00fan ha indicado la regidora, se desconoce la fecha exacta en la que los ciudadanos podr\u00e1n regresar a sus domicilios. Todo depender\u00e1 de cada caso y del arreglo de las infraestructuras. Un perito acudi\u00f3 este lunes al lugar para evaluar la situaci\u00f3n.<\/p>\n<p class=\"v-p\" style=\"text-align: justify;\">Bomberos de Granada y t\u00e9cnicos municipales detallaron el pasado viernes que la estructura del bloque no estaba afectada. Pero s\u00ed las instalaciones del portal, donde algunos marcos quedaron descolgados y los accesos llenos de cristales y holl\u00edn.<\/p>\n<p class=\"v-p\" style=\"text-align: justify;\">Una decena de familias fueron desalojadas esa noche. Se han reubicado con allegados o en un hotel de la localidad. El Ayuntamiento busca ahora un alquiler social para una de ellas por estar en situaci\u00f3n de vulnerabilidad.<\/p>\n<p class=\"v-p\" style=\"text-align: justify;\">La \u00fanica vivienda que est\u00e1 precintada es donde se origin\u00f3 la deflagraci\u00f3n ya que ha quedado derruida. Tras la explosi\u00f3n, las llamas invadieron el piso. De ella a\u00fan no se ha empezado a retirar escombros y otros materiales inservibles.<\/p>\n<p class=\"v-p\" style=\"text-align: justify;\">Dos j\u00f3venes de origen marroqu\u00ed se encontraban en el lugar de los hechos cuando se produjo la deflagraci\u00f3n. Trataban de conseguir hach\u00eds a trav\u00e9s del m\u00e9todo BHO, seg\u00fan inform\u00f3 la Guardia Civil tras el informe de los TEDAX y la inspecci\u00f3n ocular.<\/p>\n<p><a href=\"https:\/\/www.ideal.es\/autor\/sandra-martinez-4935.html\" data-mrf-link=\"https:\/\/www.ideal.es\/autor\/sandra-martinez-4935.html\"><strong>Sandra Mart\u00ednez<\/strong><\/a><\/p>\n<p>FOTO: <span class=\"v-fc__t\">Piso en el que tuvo lugar la deflegraci\u00f3n el pasado jueves.<\/span> <span class=\"v-fc__p\">S. M.<\/span><\/p>\n<p>https:\/\/www.ideal.es\/granada\/provincia-granada\/empiezan-limpiar-bloque-atarfe-sufrio-explosion-laboratorio-20251105170955-nt.html<\/p>\n<\/div>\n","protected":false},"excerpt":{"rendered":"<p>El Ayuntamiento afirma que se ha reestablecido ya el suministro el\u00e9ctrico y el agua, pero&#8230;<\/p>\n","protected":false},"author":1,"featured_media":79832,"comment_status":"closed","ping_status":"closed","sticky":false,"template":"","format":"standard","meta":{"_coblocks_attr":"","_coblocks_dimensions":"","_coblocks_responsive_height":"","_coblocks_accordion_ie_support":"","jetpack_post_was_ever_published":false,"_jetpack_newsletter_access":"","_jetpack_dont_email_post_to_subs":false,"_jetpack_newsletter_tier_id":0,"_jetpack_memberships_contains_paywalled_content":false,"_jetpack_memberships_contains_paid_content":false,"footnotes":"","jetpack_publicize_message":"","jetpack_publicize_feature_enabled":true,"jetpack_social_post_already_shared":true,"jetpack_social_options":{"image_generator_settings":{"template":"highway","default_image_id":0,"enabled":false},"version":2}},"categories":[2,6916,44],"tags":[],"class_list":["post-79874","post","type-post","status-publish","format-standard","has-post-thumbnail","hentry","category-atarfe","category-ayuntamiento-de-atarfe","category-noticias-de-hoy"],"jetpack_publicize_connections":[],"jetpack_featured_media_url":"https:\/\/i0.wp.com\/miradordeatarfe.es\/wp-content\/uploads\/2025\/11\/casa-atarfe-k1gH-U240103907770H4E-1200x840%40Ideal.jpg?fit=1200%2C840&ssl=1","jetpack_likes_enabled":true,"jetpack_sharing_enabled":true,"_links":{"self":[{"href":"https:\/\/miradordeatarfe.es\/index.php?rest_route=\/wp\/v2\/posts\/79874","targetHints":{"allow":["GET"]}}],"collection":[{"href":"https:\/\/miradordeatarfe.es\/index.php?rest_route=\/wp\/v2\/posts"}],"about":[{"href":"https:\/\/miradordeatarfe.es\/index.php?rest_route=\/wp\/v2\/types\/post"}],"author":[{"embeddable":true,"href":"https:\/\/miradordeatarfe.es\/index.php?rest_route=\/wp\/v2\/users\/1"}],"replies":[{"embeddable":true,"href":"https:\/\/miradordeatarfe.es\/index.php?rest_route=%2Fwp%2Fv2%2Fcomments&post=79874"}],"version-history":[{"count":1,"href":"https:\/\/miradordeatarfe.es\/index.php?rest_route=\/wp\/v2\/posts\/79874\/revisions"}],"predecessor-version":[{"id":79875,"href":"https:\/\/miradordeatarfe.es\/index.php?rest_route=\/wp\/v2\/posts\/79874\/revisions\/79875"}],"wp:featuredmedia":[{"embeddable":true,"href":"https:\/\/miradordeatarfe.es\/index.php?rest_route=\/wp\/v2\/media\/79832"}],"wp:attachment":[{"href":"https:\/\/miradordeatarfe.es\/index.php?rest_route=%2Fwp%2Fv2%2Fmedia&parent=79874"}],"wp:term":[{"taxonomy":"category","embeddable":true,"href":"https:\/\/miradordeatarfe.es\/index.php?rest_route=%2Fwp%2Fv2%2Fcategories&post=79874"},{"taxonomy":"post_tag","embeddable":true,"href":"https:\/\/miradordeatarfe.es\/index.php?rest_route=%2Fwp%2Fv2%2Ftags&post=79874"}],"curies":[{"name":"wp","href":"https:\/\/api.w.org\/{rel}","templated":true}]}}