{"id":79881,"date":"2025-11-11T11:29:26","date_gmt":"2025-11-11T10:29:26","guid":{"rendered":"https:\/\/miradordeatarfe.es\/?p=79881"},"modified":"2025-11-10T16:33:27","modified_gmt":"2025-11-10T15:33:27","slug":"atarfe-presentacion-del-comic-madinat-ilbira-el-candil-magico","status":"publish","type":"post","link":"https:\/\/miradordeatarfe.es\/?p=79881","title":{"rendered":"ATARFE: HOY Presentaci\u00f3n del c\u00f3mic \u201cMad\u012bnat Ilb\u012bra: El candil m\u00e1gico\u201d"},"content":{"rendered":"<div class=\"elementor-element elementor-element-691cbaee texto-destacado elementor-widget elementor-widget-heading\" data-id=\"691cbaee\" data-element_type=\"widget\" data-widget_type=\"heading.default\">\n<h2>HOY A LAS 17H SE PRESENTA EL COMIC <span class=\"fecha\"><span class=\"hora\"><span style=\"color: #800000;\">\u00abEL CANDIL M\u00c1GICO\u00bb<\/span> EN EL CENTRO CULTURAL MEDINA ELVIRA DE ATARFE<\/span><\/span><\/h2>\n<p>El Centro Cultural Medina Elvira de Atarfe acoge la presentaci\u00f3n del c\u00f3mic \u201cMad\u012bnat Ilb\u012bra: El candil m\u00e1gico\u201d, un proyecto escrito y dibujado por\u00a0<strong>Juanjo Meg\u00edas<\/strong>\u00a0que surge de la necesidad de contar con material did\u00e1ctico en las escuelas y bibliotecas para divulgar la historia de la ciudad \u00e1rabe de Medina Elvira, sus precedentes romanos y su futuro, a trav\u00e9s del proyecto de excavaci\u00f3n arqueol\u00f3gica que viene desarroll\u00e1ndose desde 2001, gracias a la Universidad de Granada.<\/p>\n<\/div>\n<div class=\"elementor-element elementor-element-77f9394 actividad-content elementor-widget elementor-widget-theme-post-content\" data-id=\"77f9394\" data-element_type=\"widget\" data-widget_type=\"theme-post-content.default\">\n<p>\u201cMad\u012bnat Ilb\u012bra: El candil m\u00e1gico\u201d cuenta con un pr\u00f3logo de Guillermo Garc\u00eda-Contreras Ruiz, director de la C\u00e1tedra G\u00f3mez-Moreno para la investigaci\u00f3n y puesta en valor de Medina Elvira, de la UGR, que ha asesorado al dibujante para que la obra guarde rigor hist\u00f3rico y cient\u00edfico. En sus p\u00e1ginas se muestran piezas encontradas en la ciudad y se ense\u00f1a c\u00f3mo es una excavaci\u00f3n arqueol\u00f3gica y las distintas disciplinas que intervienen.<\/p>\n<p>La protagonista Vega, hace un recorrido temporal pasando por las \u00e9pocas romana, omeya y el siglo XIX. Conocemos a personajes hist\u00f3ricos como el arque\u00f3logo Manuel G\u00f3mez-Moreno, que realiza los primeros hallazgos relevantes en Sierra Elvira en 1872 y Zawi ben Ziri, jefe bereber que decide trasladar la capital desde Medina Elvira a Granada, iniciando as\u00ed la dinast\u00eda zir\u00ed en el siglo XI.<\/p>\n<p>El libro incluye mapas did\u00e1cticos y una l\u00ednea temporal para explicar la evoluci\u00f3n de esta \u00e1rea de Granada y su relaci\u00f3n con el entorno, siendo un punto estrat\u00e9gico de la ruta comercial entre Oriente Medio y el Emirato de C\u00f3rdoba.<\/p>\n<p>El p\u00fablico objetivo son los alumnos en edad escolar. Es una historia que mezcla fantas\u00eda gracias a la leyenda de la ciudad y viajes en el tiempo para conocer su historia. Adem\u00e1s, se incluye material did\u00e1ctico y enlaces a art\u00edculos, tesis y comunicaciones en v\u00eddeo, para que este c\u00f3mic sea el punto de partida que ampl\u00ede el conocimiento sobre Medina Elvira y permita que todo lector aprenda de \u00e9l.<\/p>\n<p>Esta obra ha sido posible gracias al apoyo del Ayuntamiento de Atarfe y a la implicaci\u00f3n de la Fundaci\u00f3n Sierra Elvira y de la asociaci\u00f3n cultural La Cora de Ilbira, que han apostado por un proyecto diferente, capaz de acercar la historia de Medina Elvira al p\u00fablico. La supervisi\u00f3n cient\u00edfica se ha hecho desde el grupo de investigaci\u00f3n ISTMO (Hum-162) y la C\u00e1tedra G\u00f3mez-Moreno de la Universidad de Granada.<\/p>\n<ul>\n<li><strong>Lugar:<\/strong>\u00a0Centro Cultural Medina Elvira. Av. Diputaci\u00f3n, S\/N 18230. Atarfe (Granada) (<a href=\"https:\/\/maps.app.goo.gl\/VXsewQpwpE2bw2jE7\">ver ubicaci\u00f3n<\/a>)<\/li>\n<li><strong>Horario:<\/strong>\u00a017:00h.<\/li>\n<li><strong>Organizan:<\/strong>\u00a0Diputaci\u00f3n de Granada, Ayuntamiento de Atarfe y Fundaci\u00f3n Sierra Elvira. Colaboran: C\u00e1tedra G\u00f3mez-Moreno Investigaci\u00f3n en Medina Elvira y la puesta en valor del yacimiento Universidad de Granada, Grupo de investigaci\u00f3n de historia y arqueolog\u00eda medieval ISTMO (Hum-162) Identidades, Sociedades y Territorios en el Mediterr\u00e1neo Occidental (siglos VI-XVI), de la Universidad de Granada y Asociaci\u00f3n Cultural La Cora de Ilbira<\/li>\n<\/ul>\n<p><img data-recalc-dims=\"1\" loading=\"lazy\" decoding=\"async\" class=\"alignnone wp-image-79882 size-full\" src=\"https:\/\/i0.wp.com\/miradordeatarfe.es\/wp-content\/uploads\/2025\/11\/Comic-Madinat-Ilbira-Manuel-Gomez-Moreno.webp?resize=360%2C360&#038;ssl=1\" alt=\"\" width=\"360\" height=\"360\" srcset=\"https:\/\/i0.wp.com\/miradordeatarfe.es\/wp-content\/uploads\/2025\/11\/Comic-Madinat-Ilbira-Manuel-Gomez-Moreno.webp?w=360&amp;ssl=1 360w, https:\/\/i0.wp.com\/miradordeatarfe.es\/wp-content\/uploads\/2025\/11\/Comic-Madinat-Ilbira-Manuel-Gomez-Moreno.webp?resize=300%2C300&amp;ssl=1 300w, https:\/\/i0.wp.com\/miradordeatarfe.es\/wp-content\/uploads\/2025\/11\/Comic-Madinat-Ilbira-Manuel-Gomez-Moreno.webp?resize=150%2C150&amp;ssl=1 150w\" sizes=\"auto, (max-width: 360px) 100vw, 360px\" \/>\u00a0 \u00a0 \u00a0 \u00a0 \u00a0 \u00a0 <img data-recalc-dims=\"1\" loading=\"lazy\" decoding=\"async\" class=\"alignnone wp-image-79883 size-full\" src=\"https:\/\/i0.wp.com\/miradordeatarfe.es\/wp-content\/uploads\/2025\/11\/Comic-Madinat-Ilbira-Mezquita.webp?resize=360%2C360&#038;ssl=1\" alt=\"\" width=\"360\" height=\"360\" srcset=\"https:\/\/i0.wp.com\/miradordeatarfe.es\/wp-content\/uploads\/2025\/11\/Comic-Madinat-Ilbira-Mezquita.webp?w=360&amp;ssl=1 360w, https:\/\/i0.wp.com\/miradordeatarfe.es\/wp-content\/uploads\/2025\/11\/Comic-Madinat-Ilbira-Mezquita.webp?resize=300%2C300&amp;ssl=1 300w, https:\/\/i0.wp.com\/miradordeatarfe.es\/wp-content\/uploads\/2025\/11\/Comic-Madinat-Ilbira-Mezquita.webp?resize=150%2C150&amp;ssl=1 150w\" sizes=\"auto, (max-width: 360px) 100vw, 360px\" \/><\/p>\n<p>CANAL NOTICIAS DE LA UGR<\/p>\n<p><a href=\"https:\/\/canal.ugr.es\/actividad\/presentacion-del-comic-madinat-ilbira-el-candil-magico\/\">Presentaci\u00f3n del c\u00f3mic \u201cMad\u012bnat Ilb\u012bra: El candil m\u00e1gico\u201d &#8211; Canal UGR<\/a><\/p>\n<\/div>\n","protected":false},"excerpt":{"rendered":"<p>HOY A LAS 17H SE PRESENTA EL COMIC \u00abEL CANDIL M\u00c1GICO\u00bb EN EL CENTRO CULTURAL&#8230;<\/p>\n","protected":false},"author":1,"featured_media":79884,"comment_status":"closed","ping_status":"closed","sticky":false,"template":"","format":"standard","meta":{"_coblocks_attr":"","_coblocks_dimensions":"","_coblocks_responsive_height":"","_coblocks_accordion_ie_support":"","jetpack_post_was_ever_published":false,"_jetpack_newsletter_access":"","_jetpack_dont_email_post_to_subs":false,"_jetpack_newsletter_tier_id":0,"_jetpack_memberships_contains_paywalled_content":false,"_jetpack_memberships_contains_paid_content":false,"footnotes":"","jetpack_publicize_message":"","jetpack_publicize_feature_enabled":true,"jetpack_social_post_already_shared":true,"jetpack_social_options":{"image_generator_settings":{"template":"highway","default_image_id":0,"enabled":false},"version":2}},"categories":[6916,1161,1225,5359,10431,44],"tags":[],"class_list":["post-79881","post","type-post","status-publish","format-standard","has-post-thumbnail","hentry","category-ayuntamiento-de-atarfe","category-ciudadania","category-ha-de-atarfe","category-madinat-ilbira","category-medina-elvira-2","category-noticias-de-hoy"],"jetpack_publicize_connections":[],"jetpack_featured_media_url":"https:\/\/i0.wp.com\/miradordeatarfe.es\/wp-content\/uploads\/2025\/11\/comic-1.png?fit=1049%2C771&ssl=1","jetpack_likes_enabled":true,"jetpack_sharing_enabled":true,"_links":{"self":[{"href":"https:\/\/miradordeatarfe.es\/index.php?rest_route=\/wp\/v2\/posts\/79881","targetHints":{"allow":["GET"]}}],"collection":[{"href":"https:\/\/miradordeatarfe.es\/index.php?rest_route=\/wp\/v2\/posts"}],"about":[{"href":"https:\/\/miradordeatarfe.es\/index.php?rest_route=\/wp\/v2\/types\/post"}],"author":[{"embeddable":true,"href":"https:\/\/miradordeatarfe.es\/index.php?rest_route=\/wp\/v2\/users\/1"}],"replies":[{"embeddable":true,"href":"https:\/\/miradordeatarfe.es\/index.php?rest_route=%2Fwp%2Fv2%2Fcomments&post=79881"}],"version-history":[{"count":2,"href":"https:\/\/miradordeatarfe.es\/index.php?rest_route=\/wp\/v2\/posts\/79881\/revisions"}],"predecessor-version":[{"id":79989,"href":"https:\/\/miradordeatarfe.es\/index.php?rest_route=\/wp\/v2\/posts\/79881\/revisions\/79989"}],"wp:featuredmedia":[{"embeddable":true,"href":"https:\/\/miradordeatarfe.es\/index.php?rest_route=\/wp\/v2\/media\/79884"}],"wp:attachment":[{"href":"https:\/\/miradordeatarfe.es\/index.php?rest_route=%2Fwp%2Fv2%2Fmedia&parent=79881"}],"wp:term":[{"taxonomy":"category","embeddable":true,"href":"https:\/\/miradordeatarfe.es\/index.php?rest_route=%2Fwp%2Fv2%2Fcategories&post=79881"},{"taxonomy":"post_tag","embeddable":true,"href":"https:\/\/miradordeatarfe.es\/index.php?rest_route=%2Fwp%2Fv2%2Ftags&post=79881"}],"curies":[{"name":"wp","href":"https:\/\/api.w.org\/{rel}","templated":true}]}}