{"id":79887,"date":"2025-11-06T14:16:24","date_gmt":"2025-11-06T13:16:24","guid":{"rendered":"https:\/\/miradordeatarfe.es\/?p=79887"},"modified":"2025-11-06T14:17:36","modified_gmt":"2025-11-06T13:17:36","slug":"asociacion-de-mujeres-de-teatro-las-sin-sombrero-ponen-en-escena-su-obra-lagrimas-negras","status":"publish","type":"post","link":"https:\/\/miradordeatarfe.es\/?p=79887","title":{"rendered":"ASOCIACI\u00d3N DE MUJERES DE TEATRO \u201cLAS SIN SOMBRERO\u201d PONEN EN ESCENA SU OBRA \u00abLAGRIMAS NEGRAS\u00bb"},"content":{"rendered":"<h2 style=\"text-align: justify;\">El pr\u00f3ximo d\u00eda 7 de noviembre a las 19,30 en el Centro Cultural Medina Elvira de Atarfe se representa la obra\u00a0<span style=\"color: #800000;\">\u00abL\u00e1grimas Negras\u00bb. <\/span><\/h2>\n<h3 style=\"text-align: justify;\"><strong>\u00bfQuienes son La Asociaci\u00f3n de Mujeres Teatro \u201cLas Sin Sombrero\u201d?<\/strong><\/h3>\n<p style=\"text-align: justify;\">La Asociaci\u00f3n de Mujeres Teatro \u201cLas Sin Sombrero\u201d es una organizaci\u00f3n sin \u00e1nimo de lucro de ATARFE, formada por mujeres comprometidas con el arte y la igualdad. Todas sus obras son de creaci\u00f3n propia, desde la escritura del gui\u00f3n hasta la puesta en escena. Adem\u00e1s, se encarga de todo el proceso de montaje, incluyendo la escenograf\u00eda, el vestuario, la iluminaci\u00f3n y la direcci\u00f3n esc\u00e9nica, reflejando as\u00ed su esp\u00edritu colectivo, creativo y autogestionado. Cada producci\u00f3n es fruto del trabajo, la pasi\u00f3n y la colaboraci\u00f3n de todas las integrantes de Asociaci\u00f3n.<\/p>\n<p style=\"text-align: justify;\">\u201cLas Sin Sombrero\u201d cree que el teatro es un lugar de denuncia, pero tambi\u00e9n de esperanza. Creemos en la fuerza del colectivo, en el poder de la palabra y en la belleza de ver al p\u00fablico reconocerse sobre el escenario. Hacemos teatro feminista porque queremos un mundo donde todas y todos tengan un lugar, una voz y dignidad.<\/p>\n<p style=\"text-align: justify;\"><b>Las Sinsombrero<\/b> es un t\u00e9rmino acu\u00f1ado en 2015 por el documental hom\u00f3nimo para denominar a las mujeres espa\u00f1olas pertenecientes a la <b>Generaci\u00f3n del 27 (1920-1927)<\/b>. Sus aportaciones est\u00e1n poco estudiadas y, en su mayor\u00eda, han quedado al margen de las antolog\u00edas y los manuales de literatura y arte hasta nuestros d\u00edas.\u00a0Desarrollaron una actividad constante y destacada en campos como la literatura, la poes\u00eda, la pintura, la m\u00fasica, el cine o la filosof\u00eda. Muchas de ellas acabaron exiliadas tras el estallido de la Guerra Civil y continuaron su producci\u00f3n fuera de Espa\u00f1a.<\/p>\n<h3 style=\"text-align: justify;\"><strong>SINOSIP DE LA OBRA \u201cL\u00c1GRIMAS NEGRAS\u201d<\/strong><\/h3>\n<p style=\"text-align: justify;\"><span style=\"color: #800000;\"><span style=\"color: #000000;\">E<\/span><\/span><span style=\"color: #000000;\">s<\/span> una obra esc\u00e9nica que combina teatro textual y expresi\u00f3n corporal para sumergir al p\u00fablico en las m\u00faltiples caras de la violencia machista.<\/p>\n<p style=\"text-align: justify;\">A trav\u00e9s de escenas breves, intensas y simb\u00f3licas, un grupo de mujeres las \u201cSIN SOMBREROS\u00bb\u00a0 representa diversas situaciones de malos tratos que afectan a mujeres de diferentes edades, entornos y condiciones sociales. La obra alterna el uso de la palabra con momentos de silencio cargados de significado, donde la danza y el lenguaje del cuerpo toman el protagonismo.<\/p>\n<p style=\"text-align: justify;\">Las actrices transmiten emociones, historias y heridas a trav\u00e9s del movimiento, creando cuadros vivos que impactan, conmueven y provocan una reflexi\u00f3n profunda.\u00a0<\/p>\n<p style=\"text-align: justify;\">En L\u00e1grimas Negras, el miedo, la manipulaci\u00f3n, el control y la violencia f\u00edsica y psicol\u00f3gica se muestran con crudeza, pero tambi\u00e9n hay espacio para la sororidad, la resistencia y la esperanza. Es un viaje emocional que invita al espectador a mirar de frente una realidad dolorosa, pero necesaria de visibilizar.<\/p>\n<p>Esta obra no ofrece respuestas f\u00e1ciles, pero s\u00ed una llamada urgente a la conciencia colectiva y a la acci\u00f3n frente a las violencias machistas ahora que se acerca el 25N d\u00eda de la Violencia contra las Mujeres.<\/p>\n<p><img data-recalc-dims=\"1\" loading=\"lazy\" decoding=\"async\" class=\"alignnone wp-image-79888 size-full\" src=\"https:\/\/i0.wp.com\/miradordeatarfe.es\/wp-content\/uploads\/2025\/11\/Imagen-de-WhatsApp-2025-11-06-a-las-14.11.33_0b77391d.jpg?resize=640%2C905&#038;ssl=1\" alt=\"\" width=\"640\" height=\"905\" srcset=\"https:\/\/i0.wp.com\/miradordeatarfe.es\/wp-content\/uploads\/2025\/11\/Imagen-de-WhatsApp-2025-11-06-a-las-14.11.33_0b77391d.jpg?w=1131&amp;ssl=1 1131w, https:\/\/i0.wp.com\/miradordeatarfe.es\/wp-content\/uploads\/2025\/11\/Imagen-de-WhatsApp-2025-11-06-a-las-14.11.33_0b77391d.jpg?resize=212%2C300&amp;ssl=1 212w, https:\/\/i0.wp.com\/miradordeatarfe.es\/wp-content\/uploads\/2025\/11\/Imagen-de-WhatsApp-2025-11-06-a-las-14.11.33_0b77391d.jpg?resize=724%2C1024&amp;ssl=1 724w, https:\/\/i0.wp.com\/miradordeatarfe.es\/wp-content\/uploads\/2025\/11\/Imagen-de-WhatsApp-2025-11-06-a-las-14.11.33_0b77391d.jpg?resize=768%2C1086&amp;ssl=1 768w, https:\/\/i0.wp.com\/miradordeatarfe.es\/wp-content\/uploads\/2025\/11\/Imagen-de-WhatsApp-2025-11-06-a-las-14.11.33_0b77391d.jpg?resize=1086%2C1536&amp;ssl=1 1086w, https:\/\/i0.wp.com\/miradordeatarfe.es\/wp-content\/uploads\/2025\/11\/Imagen-de-WhatsApp-2025-11-06-a-las-14.11.33_0b77391d.jpg?resize=1024%2C1449&amp;ssl=1 1024w\" sizes=\"auto, (max-width: 640px) 100vw, 640px\" \/><\/p>\n<p>&nbsp;<\/p>\n","protected":false},"excerpt":{"rendered":"<p>El pr\u00f3ximo d\u00eda 7 de noviembre a las 19,30 en el Centro Cultural Medina Elvira&#8230;<\/p>\n","protected":false},"author":1,"featured_media":79889,"comment_status":"closed","ping_status":"closed","sticky":false,"template":"","format":"standard","meta":{"_coblocks_attr":"","_coblocks_dimensions":"","_coblocks_responsive_height":"","_coblocks_accordion_ie_support":"","jetpack_post_was_ever_published":false,"_jetpack_newsletter_access":"","_jetpack_dont_email_post_to_subs":false,"_jetpack_newsletter_tier_id":0,"_jetpack_memberships_contains_paywalled_content":false,"_jetpack_memberships_contains_paid_content":false,"footnotes":"","jetpack_publicize_message":"","jetpack_publicize_feature_enabled":true,"jetpack_social_post_already_shared":true,"jetpack_social_options":{"image_generator_settings":{"template":"highway","default_image_id":0,"enabled":false},"version":2}},"categories":[2,1161,186,44,10799],"tags":[],"class_list":["post-79887","post","type-post","status-publish","format-standard","has-post-thumbnail","hentry","category-atarfe","category-ciudadania","category-instituciones","category-noticias-de-hoy","category-voluntariado"],"jetpack_publicize_connections":[],"jetpack_featured_media_url":"https:\/\/i0.wp.com\/miradordeatarfe.es\/wp-content\/uploads\/2025\/11\/sin-.jpg?fit=1105%2C986&ssl=1","jetpack_likes_enabled":true,"jetpack_sharing_enabled":true,"_links":{"self":[{"href":"https:\/\/miradordeatarfe.es\/index.php?rest_route=\/wp\/v2\/posts\/79887","targetHints":{"allow":["GET"]}}],"collection":[{"href":"https:\/\/miradordeatarfe.es\/index.php?rest_route=\/wp\/v2\/posts"}],"about":[{"href":"https:\/\/miradordeatarfe.es\/index.php?rest_route=\/wp\/v2\/types\/post"}],"author":[{"embeddable":true,"href":"https:\/\/miradordeatarfe.es\/index.php?rest_route=\/wp\/v2\/users\/1"}],"replies":[{"embeddable":true,"href":"https:\/\/miradordeatarfe.es\/index.php?rest_route=%2Fwp%2Fv2%2Fcomments&post=79887"}],"version-history":[{"count":3,"href":"https:\/\/miradordeatarfe.es\/index.php?rest_route=\/wp\/v2\/posts\/79887\/revisions"}],"predecessor-version":[{"id":79892,"href":"https:\/\/miradordeatarfe.es\/index.php?rest_route=\/wp\/v2\/posts\/79887\/revisions\/79892"}],"wp:featuredmedia":[{"embeddable":true,"href":"https:\/\/miradordeatarfe.es\/index.php?rest_route=\/wp\/v2\/media\/79889"}],"wp:attachment":[{"href":"https:\/\/miradordeatarfe.es\/index.php?rest_route=%2Fwp%2Fv2%2Fmedia&parent=79887"}],"wp:term":[{"taxonomy":"category","embeddable":true,"href":"https:\/\/miradordeatarfe.es\/index.php?rest_route=%2Fwp%2Fv2%2Fcategories&post=79887"},{"taxonomy":"post_tag","embeddable":true,"href":"https:\/\/miradordeatarfe.es\/index.php?rest_route=%2Fwp%2Fv2%2Ftags&post=79887"}],"curies":[{"name":"wp","href":"https:\/\/api.w.org\/{rel}","templated":true}]}}