{"id":7989,"date":"2016-04-07T08:30:49","date_gmt":"2016-04-07T08:30:49","guid":{"rendered":"http:\/\/miradordeatarfe.es\/?p=7989"},"modified":"2016-04-07T08:19:12","modified_gmt":"2016-04-07T08:19:12","slug":"memorias-de-una-historia-inventada-mili-punto-uno-parte-2a","status":"publish","type":"post","link":"https:\/\/miradordeatarfe.es\/?p=7989","title":{"rendered":"MEMORIAS DE UNA HISTORIA INVENTADA: MILI. PUNTO UNO (parte 2\u00aa) por Manuel Sierra"},"content":{"rendered":"<p align=\"JUSTIFY\">Continuaci\u00f3n del articulo publicado por MANUEL SIERRA en el MIRADOR DE ATARFE\u00a0 el d\u00eda 05\/04\/2016<!--more--><\/p>\n<p align=\"JUSTIFY\">El mes y medio del campamento fue algo duro, y aquellas clases de teor\u00eda sobre bal\u00edstica, maniobras, manejo de armas, y otras tonter\u00edas, justo despu\u00e9s de comer, eran un suplicio chino, en el que solo mis ojos peque\u00f1os me serv\u00edan para no delatar mi somnolencia; pero a los diez d\u00edas desde mi llegada me llamaron de la Oficina de Correos y Caja Postal (seis meses antes hab\u00eda aprobado las oposiciones, aunque no era oficialmente cartero ya que no pude hacer las pr\u00e1cticas debido al dichoso servicio militar, hecho que puse en conocimiento de la persona responsable de la oficina) y all\u00ed conoc\u00ed a alguien que posteriormente tuvo una gran importancia en mi vida en Madrid, fuera de la mili, mi compa\u00f1ero y amigo Juan Carlos, manchego extremadamente delgado, con su fr\u00e1gil apariencia y su deje de pasmosa tranquilidad que exasperaba a cualquiera, pero con un coraz\u00f3n grande, siempre dispuesto a ayudar y compartir. Gracias a \u00e9l y al resto de compa\u00f1eros civiles y militares de la Oficina de Correos me rasp\u00e9 un resto de campamento&#8230; que no os pode\u00eds imaginar.<\/p>\n<p align=\"JUSTIFY\"><a href=\"https:\/\/i0.wp.com\/miradordeatarfe.es\/wp-content\/uploads\/2016\/04\/milipuntouno_jura.jpg?ssl=1\" rel=\"attachment wp-att-7997\"><img data-recalc-dims=\"1\" loading=\"lazy\" decoding=\"async\" class=\"alignnone size-full wp-image-7997\" src=\"https:\/\/i0.wp.com\/miradordeatarfe.es\/wp-content\/uploads\/2016\/04\/milipuntouno_jura.jpg?resize=260%2C168&#038;ssl=1\" alt=\"milipuntouno_jura\" width=\"260\" height=\"168\" \/><\/a><\/p>\n<p align=\"JUSTIFY\">La jura de bandera fue otro momento excitante, con todo el mundo mir\u00e1ndote (eso te cre\u00edas t\u00fa), a la par que algo decepcionado, porque mis padres, como muchos otros, no vinieron a verme, y es que se iba un past\u00f3n, que entonces no ten\u00edamos. All\u00ed, en la explanada del campamento, a m\u00e1s de cuarenta grados, sin una sombrica, alg\u00fan compa\u00f1ero lo pas\u00f3 mal e incluso alguien se desmay\u00f3 por lipotimia, pero yo aguant\u00e9 y cuando acabamos, me fui con otros amigos a celebrarlo a Tenerife. Ya sab\u00edamos que algunos no ir\u00edamos al mismo destino y la despedida era por tanto necesaria.<\/p>\n<p align=\"JUSTIFY\">Hubiera podido quedarme en el campamento todo el servicio militar como cartero, o tambi\u00e9n como maestro, que tambi\u00e9n me lo ofrecieron, ense\u00f1ando a los reclutas analfabetos y semianalfabetos, pero decid\u00ed que para una vez que iba a Canarias, vamos, \u00a1no me iba a quedar en el mismo sitio todo el rato!, as\u00ed que ped\u00ed Artiller\u00eda y me llevaron al Cristo de La Laguna, donde tuve la suerte de vivir un servicio militar de grato recuerdo, tanto por los compa\u00f1eros como por los civiles de la isla que conoc\u00ed.<\/p>\n<p align=\"JUSTIFY\">Mi buen amigo Juan, conductor, extreme\u00f1o de pura cepa, cabez\u00f3n como \u00e9l solo, pero un ni\u00f1o grande al que pod\u00edas llevar donde quisieras si no le met\u00edas los dedos en las narices (o sea, si no le tocabas&#8230;). Siempre que pod\u00eda sal\u00eda con \u00e9l al mercado a traernos las viandas para la comida, o a recoger a alg\u00fan mando, y aprend\u00ed muchas cosas con \u00e9l: responsabilidad, respeto, independencia y un toque de tozudez que tan necesario es a veces junto a una pizca de rebeld\u00eda, tan necesaria en ocasiones.<\/p>\n<p align=\"JUSTIFY\">Pedro, mi bilbaino de la lavander\u00eda, con el que pasaba tardes enteras cantando canciones de Silvio Rodr\u00edguez y Pablo Milan\u00e9s. O mi buen amigo Moncho, pintor de profesi\u00f3n y vasco de religi\u00f3n. Con \u00e9l compart\u00ed tardes de salida, tardes de paseo, y fines de semana de desenfreno.<\/p>\n<p align=\"JUSTIFY\">Alvaro, en la cocina, siempre nos preparaba unos bocatas p\u00e1 cortar el hipo; era un tipo grande, ingenuo e inocente, y a la vez un verdadero cocinero.<\/p>\n<p align=\"JUSTIFY\">No puedo olvidarme de mi \u00ababuelo\u00bb Fern\u00e1ndez, un cordob\u00e9s que me cogi\u00f3 cari\u00f1o porque yo era su \u00abrata\u00bb (abuelo era el nombre que le d\u00e1bamos a los soldados pr\u00f3ximos a licenciarse. mientras que rata eramos los que acab\u00e1bamos de llegar al cuartel); adem\u00e1s era universitario con una anchura de mente impresionante. Un tipo elegante a la par que decidido. Y un verdadero Quijote. No eludi\u00f3 alguna bronca con alguno de sus compa\u00f1eros de reemplazo que quiso propasarse en alguna inocentada conmigo.<\/p>\n<p align=\"JUSTIFY\">Porque entonces hab\u00eda en el ej\u00e9rcito (en mandos y tropa, sin distinci\u00f3n) un mont\u00f3n de desertores del arado que en la mili encontraban su raz\u00f3n de ser, y pagaban con fuerza en contra del recluta lo que nunca conseguir\u00edan con actitud o inteligencia. De esta gente tambi\u00e9n los hubo, y guardo borrosamente alg\u00fan incidente desafortunado, pero, como me ocurre con lo negativo, he olvidado sus nombres.<\/p>\n<p align=\"JUSTIFY\"><a href=\"https:\/\/i0.wp.com\/miradordeatarfe.es\/wp-content\/uploads\/2016\/04\/milipuntouno_coche.jpg?ssl=1\" rel=\"attachment wp-att-7991\"><img data-recalc-dims=\"1\" loading=\"lazy\" decoding=\"async\" class=\"alignnone size-full wp-image-7991\" src=\"https:\/\/i0.wp.com\/miradordeatarfe.es\/wp-content\/uploads\/2016\/04\/milipuntouno_coche.jpg?resize=270%2C186&#038;ssl=1\" alt=\"milipuntouno_coche\" width=\"270\" height=\"186\" \/><\/a><\/p>\n<p align=\"JUSTIFY\">Realmente fue una suerte ir a aquella bater\u00eda de Servicios, conocer al Teniente Lupia\u00f1ez, quien me nombr\u00f3 furriel el mismo d\u00eda que llegu\u00e9 y me dej\u00f3 llevar la administraci\u00f3n de la bater\u00eda casi a mi manera; quien deposit\u00f3 en m\u00ed una ciega confianza, que yo correspond\u00ed ayud\u00e1ndole en todo lo que me ped\u00eda; nuestra relaci\u00f3n fue tan cercana que me llev\u00f3 con su escarabajo amarillo al Puerto de La Cruz a por manteles bordados para mi madre cuando faltaban unos pocos d\u00edas para que me licenciara, y que no acept\u00f3 que pagara la gasolina ni la comida a la que me invit\u00f3 all\u00ed. Era un tipo rudo en apariencia y sereno en su trato, aunque cuando se enfadaba era mejor no estar cerca.<\/p>\n<p align=\"JUSTIFY\">Me acuerdo de Canarias, de La Laguna, y siempre resurge la imagen de mis amigas Lupe y Angustias, y de mi buen Gustavo, quien me llev\u00f3 de paquete en su Honda 1500 por todas las romer\u00edas que se celebraban en cada rinc\u00f3n de la isla. Gracias a todos ellos tuve un conocimiento del folclore canario superior a muchos de mis compa\u00f1eros de milicia, para quienes el destino en Canarias era cuando menos una cruel broma que les hab\u00eda enviado lejos de familia, novia o trabajo, o cuando m\u00e1s, una aut\u00e9ntica putada que les hab\u00eda dejado en paro porque al volver se encontraron con su puesto ocupado.<\/p>\n<p align=\"JUSTIFY\">Y ahora, aunque han pasado m\u00e1s de treinta a\u00f1os, muchas veces, cuando levanto la puerta de la cochera de casa, me siento de nuevo en la parte de atr\u00e1s del cuartel, en La Laguna, dispuesto a recorrer la carretera de las Canteras con la ventanilla bajada y la gorra en el asiento.<\/p>\n","protected":false},"excerpt":{"rendered":"<p>Continuaci\u00f3n del articulo publicado por MANUEL SIERRA en el MIRADOR DE ATARFE\u00a0 el d\u00eda 05\/04\/2016<\/p>\n","protected":false},"author":1,"featured_media":8000,"comment_status":"closed","ping_status":"closed","sticky":false,"template":"","format":"standard","meta":{"_coblocks_attr":"","_coblocks_dimensions":"","_coblocks_responsive_height":"","_coblocks_accordion_ie_support":"","jetpack_post_was_ever_published":false,"_jetpack_newsletter_access":"","_jetpack_dont_email_post_to_subs":false,"_jetpack_newsletter_tier_id":0,"_jetpack_memberships_contains_paywalled_content":false,"_jetpack_memberships_contains_paid_content":false,"footnotes":"","jetpack_publicize_message":"","jetpack_publicize_feature_enabled":true,"jetpack_social_post_already_shared":false,"jetpack_social_options":{"image_generator_settings":{"template":"highway","default_image_id":0,"enabled":false},"version":2}},"categories":[186,37,9,44,15],"tags":[2001,2430,2429],"class_list":["post-7989","post","type-post","status-publish","format-standard","has-post-thumbnail","hentry","category-instituciones","category-opinion-de-manuel-sierra","category-medio-ambiente","category-noticias-de-hoy","category-ultimas-noticias","tag-canarias","tag-furriel","tag-mili"],"jetpack_publicize_connections":[],"jetpack_featured_media_url":"https:\/\/i0.wp.com\/miradordeatarfe.es\/wp-content\/uploads\/2016\/04\/MILI.jpg?fit=590%2C332&ssl=1","jetpack_likes_enabled":true,"jetpack_sharing_enabled":true,"_links":{"self":[{"href":"https:\/\/miradordeatarfe.es\/index.php?rest_route=\/wp\/v2\/posts\/7989","targetHints":{"allow":["GET"]}}],"collection":[{"href":"https:\/\/miradordeatarfe.es\/index.php?rest_route=\/wp\/v2\/posts"}],"about":[{"href":"https:\/\/miradordeatarfe.es\/index.php?rest_route=\/wp\/v2\/types\/post"}],"author":[{"embeddable":true,"href":"https:\/\/miradordeatarfe.es\/index.php?rest_route=\/wp\/v2\/users\/1"}],"replies":[{"embeddable":true,"href":"https:\/\/miradordeatarfe.es\/index.php?rest_route=%2Fwp%2Fv2%2Fcomments&post=7989"}],"version-history":[{"count":5,"href":"https:\/\/miradordeatarfe.es\/index.php?rest_route=\/wp\/v2\/posts\/7989\/revisions"}],"predecessor-version":[{"id":8100,"href":"https:\/\/miradordeatarfe.es\/index.php?rest_route=\/wp\/v2\/posts\/7989\/revisions\/8100"}],"wp:featuredmedia":[{"embeddable":true,"href":"https:\/\/miradordeatarfe.es\/index.php?rest_route=\/wp\/v2\/media\/8000"}],"wp:attachment":[{"href":"https:\/\/miradordeatarfe.es\/index.php?rest_route=%2Fwp%2Fv2%2Fmedia&parent=7989"}],"wp:term":[{"taxonomy":"category","embeddable":true,"href":"https:\/\/miradordeatarfe.es\/index.php?rest_route=%2Fwp%2Fv2%2Fcategories&post=7989"},{"taxonomy":"post_tag","embeddable":true,"href":"https:\/\/miradordeatarfe.es\/index.php?rest_route=%2Fwp%2Fv2%2Ftags&post=7989"}],"curies":[{"name":"wp","href":"https:\/\/api.w.org\/{rel}","templated":true}]}}