{"id":79896,"date":"2025-11-09T09:39:32","date_gmt":"2025-11-09T08:39:32","guid":{"rendered":"https:\/\/miradordeatarfe.es\/?p=79896"},"modified":"2025-11-07T12:41:52","modified_gmt":"2025-11-07T11:41:52","slug":"y-el-arte-en-grana-rosalia-se-rinde-a-la-ciudad-y-la-proyecta-al-mundo-en-su-cancion-reliquia","status":"publish","type":"post","link":"https:\/\/miradordeatarfe.es\/?p=79896","title":{"rendered":"\u00abY el arte en Gran\u00e1\u00bb: Rosal\u00eda se rinde a la ciudad y la proyecta al mundo en su canci\u00f3n &#8216;Reliquia&#8217;"},"content":{"rendered":"<h2 class=\"v-a-sub-t \" style=\"text-align: justify;\">Esta menci\u00f3n a Granada coincide con el hecho de que en este nuevo disco tiene una canci\u00f3n, &#8216;La rumba del perd\u00f3n&#8217;, en la que canta acompa\u00f1ada de la granadina Estrella Morente<\/h2>\n<p class=\"v-p\" style=\"text-align: justify;\">La ciudad de Granada es una de las protagonistas de la nueva canci\u00f3n de Rosal\u00eda, que este viernes estrena &#8216;Lux&#8217;, su cuarto disco de estudio. <span class=\"paywall pw-open\">Y aunque el lanzamiento de su \u00faltimo trabajo no se produzca hasta hoy, lo cierto es que casi todos sus seguidores han podido escuchar ya varias de sus canciones debido a una filtraci\u00f3n que tuvo lugar a principios de esta semana.<\/span><\/p>\n<div class=\"paywall\" data-mrf-recirculation=\"Link art\u00edculos\">\n<p class=\"v-p\" style=\"text-align: justify;\">Una de esas canciones es &#8216;Reliquia&#8217;, que adem\u00e1s de escucharse por la filtraci\u00f3n tambi\u00e9n ha visto la luz antes de tiempo debido a un error de la plataforma de Spotify, que hizo que estuviera disponible durante algunos minutos para todos sus usuarios. Y al igual que ocurriera con &#8216;Berghain&#8217;, el primer tema que se pudo escuchar de &#8216;Lux&#8217;, la canci\u00f3n &#8216;Reliquia&#8217; tambi\u00e9n ha generado una gran expectaci\u00f3n.<\/p>\n<p class=\"v-p\" style=\"text-align: justify;\">Se trata de un tema que combina una base de m\u00fasica pop con arreglos de viol\u00edn, pero lo que m\u00e1s llama la atenci\u00f3n ha sido su letra, en la que la catalana recorre diferentes lugares del mundo y entre ellos se encuentra la ciudad de Granada. De hecho, en un pasaje menciona de forma concreta \u00abel arte en Gran\u00e1\u00bb.<\/p>\n<p class=\"v-p\" style=\"text-align: justify;\">Esta menci\u00f3n a Granada coincide con el hecho de que en este nuevo disco tiene una canci\u00f3n, &#8216;La rumba del perd\u00f3n&#8217;, en la que canta acompa\u00f1ada de la granadina Estrella Morente. Todo ello en el marco de la candidatura de Granada para ser capital europea de la cultura en 2031, algo que puede verse favorecido por el v\u00ednculo que guarda &#8216;Lux&#8217; con la ciudad si tenemos en cuenta de que millones de personas escuchar\u00e1n el nuevo disco de Rosal\u00eda.<\/p>\n<p class=\"v-p\" style=\"text-align: justify;\">De hecho, con la canci\u00f3n &#8216;Berghain&#8217; la cantante acumul\u00f3 m\u00e1s de tres millones de reproducciones tras dos d\u00edas desde su lanzamiento, siendo lo m\u00e1s escuchado en Spotify en nuestro pa\u00eds. Por lo que se espera que tanto &#8216;Reliquia&#8217;, el tema en el que menciona \u00abel arte en Gran\u00e1\u00bb, y &#8216;La rumba del perd\u00f3n&#8217;, en el que colabora con Estrella Morente, tambi\u00e9n alcancen millones de reproducciones.<\/p>\n<div class=\"v-c-cmp v-n-mrg\">\n<h3 class=\"v-cmp-suh\">La letra de &#8216;Reliquia&#8217;<\/h3>\n<\/div>\n<p class=\"v-p\">Yo, que perd\u00ed mis manos en Jerez<\/p>\n<p class=\"v-p\">Y mis ojos en Roma<\/p>\n<p class=\"v-p\">Crec\u00ed, y el descaro, lo aprend\u00ed<\/p>\n<p class=\"v-p\">Por ah\u00ed por Barcelona<\/p>\n<p class=\"v-p\">Perd\u00ed mi lengua en Par\u00eds<\/p>\n<p class=\"v-p\">Mi tiempo en L.A<\/p>\n<p class=\"v-p\">Los heels en Mil\u00e1n<\/p>\n<p class=\"v-p\">La sonrisa en U.K<\/p>\n<p class=\"v-p\">Pero mi coraz\u00f3n nunca ha sido m\u00edo<\/p>\n<p class=\"v-p\">Yo siempre lo doy<\/p>\n<p class=\"v-p\">Coge un trozo de m\u00ed<\/p>\n<p class=\"v-p\">Qu\u00e9datelo pa&#8217; cuando no est\u00e9<\/p>\n<p class=\"v-p\">Ser\u00e9 tu reliquia<\/p>\n<p class=\"v-p\">Soy tu reliquia<\/p>\n<p class=\"v-p\">Ser\u00e9 tu reliquia<\/p>\n<p class=\"v-p\">Perd\u00ed la fe en D.C<\/p>\n<p class=\"v-p\">La amiga en Bangkok<\/p>\n<p class=\"v-p\">Un mal amor en Madrid<\/p>\n<p class=\"v-p\">Y, en M\u00e9xico, el blunt<\/p>\n<p class=\"v-p\">La mala hostia en Berl\u00edn<\/p>\n<p class=\"v-p\">Y el arte en Gran\u00e1<\/p>\n<p class=\"v-p\">En PR, naci\u00f3 el coraje<\/p>\n<p class=\"v-p\">Pero el cielo naci\u00f3 en Buenos Aires<\/p>\n<p class=\"v-p\">En Jap\u00f3n, llor\u00e9<\/p>\n<p class=\"v-p\">Y mis pesta\u00f1as deshil\u00e9<\/p>\n<p class=\"v-p\">Y en la ciudad de cristal<\/p>\n<p class=\"v-p\">Fue que me trasquil\u00e9<\/p>\n<p class=\"v-p\">Pero el pelo vuelve a crecer<\/p>\n<p class=\"v-p\">La pureza tambi\u00e9n<\/p>\n<p class=\"v-p\">La pureza est\u00e1 en m\u00ed<\/p>\n<p class=\"v-p\">Y est\u00e1 en Marrakech, no, no<\/p>\n<p class=\"v-p\">No soy una santa, pero estoy blessed<\/p>\n<p class=\"v-p\">Pero mi coraz\u00f3n nunca ha sido m\u00edo<\/p>\n<p class=\"v-p\">Yo siempre lo doy, uh-uh<\/p>\n<p class=\"v-p\">Coge un trozo de m\u00ed<\/p>\n<p class=\"v-p\">Qu\u00e9datelo pa&#8217; cuando no est\u00e9<\/p>\n<p class=\"v-p\">Ser\u00e9 tu reliquia<\/p>\n<p class=\"v-p\">Soy tu reliquia<\/p>\n<p class=\"v-p\">Ser\u00e9 tu reliquia<\/p>\n<p class=\"v-p\">Huyendo de aqu\u00ed<\/p>\n<p class=\"v-p\">Como hui de Florida<\/p>\n<p class=\"v-p\">Somos delfines saltando<\/p>\n<p class=\"v-p\">Saliendo y entrando<\/p>\n<p class=\"v-p\">En el aro escarlata<\/p>\n<p class=\"v-p\">Y brillante del tiempo<\/p>\n<p class=\"v-p\">Es solo un momento<\/p>\n<p class=\"v-p\">Es solo un momento<\/p>\n<\/div>\n","protected":false},"excerpt":{"rendered":"<p>Esta menci\u00f3n a Granada coincide con el hecho de que en este nuevo disco tiene&#8230;<\/p>\n","protected":false},"author":1,"featured_media":79897,"comment_status":"closed","ping_status":"closed","sticky":false,"template":"","format":"standard","meta":{"_coblocks_attr":"","_coblocks_dimensions":"","_coblocks_responsive_height":"","_coblocks_accordion_ie_support":"","jetpack_post_was_ever_published":false,"_jetpack_newsletter_access":"","_jetpack_dont_email_post_to_subs":false,"_jetpack_newsletter_tier_id":0,"_jetpack_memberships_contains_paywalled_content":false,"_jetpack_memberships_contains_paid_content":false,"footnotes":"","jetpack_publicize_message":"","jetpack_publicize_feature_enabled":true,"jetpack_social_post_already_shared":true,"jetpack_social_options":{"image_generator_settings":{"template":"highway","default_image_id":0,"enabled":false},"version":2}},"categories":[1161,10781,44],"tags":[],"class_list":["post-79896","post","type-post","status-publish","format-standard","has-post-thumbnail","hentry","category-ciudadania","category-granada","category-noticias-de-hoy"],"jetpack_publicize_connections":[],"jetpack_featured_media_url":"https:\/\/i0.wp.com\/miradordeatarfe.es\/wp-content\/uploads\/2025\/11\/granada-arte-protagonistas-nueva-cancion-rosalia-kyKI-U240154199066LVE-758x531%40Ideal.webp?fit=758%2C531&ssl=1","jetpack_likes_enabled":true,"jetpack_sharing_enabled":true,"_links":{"self":[{"href":"https:\/\/miradordeatarfe.es\/index.php?rest_route=\/wp\/v2\/posts\/79896","targetHints":{"allow":["GET"]}}],"collection":[{"href":"https:\/\/miradordeatarfe.es\/index.php?rest_route=\/wp\/v2\/posts"}],"about":[{"href":"https:\/\/miradordeatarfe.es\/index.php?rest_route=\/wp\/v2\/types\/post"}],"author":[{"embeddable":true,"href":"https:\/\/miradordeatarfe.es\/index.php?rest_route=\/wp\/v2\/users\/1"}],"replies":[{"embeddable":true,"href":"https:\/\/miradordeatarfe.es\/index.php?rest_route=%2Fwp%2Fv2%2Fcomments&post=79896"}],"version-history":[{"count":1,"href":"https:\/\/miradordeatarfe.es\/index.php?rest_route=\/wp\/v2\/posts\/79896\/revisions"}],"predecessor-version":[{"id":79898,"href":"https:\/\/miradordeatarfe.es\/index.php?rest_route=\/wp\/v2\/posts\/79896\/revisions\/79898"}],"wp:featuredmedia":[{"embeddable":true,"href":"https:\/\/miradordeatarfe.es\/index.php?rest_route=\/wp\/v2\/media\/79897"}],"wp:attachment":[{"href":"https:\/\/miradordeatarfe.es\/index.php?rest_route=%2Fwp%2Fv2%2Fmedia&parent=79896"}],"wp:term":[{"taxonomy":"category","embeddable":true,"href":"https:\/\/miradordeatarfe.es\/index.php?rest_route=%2Fwp%2Fv2%2Fcategories&post=79896"},{"taxonomy":"post_tag","embeddable":true,"href":"https:\/\/miradordeatarfe.es\/index.php?rest_route=%2Fwp%2Fv2%2Ftags&post=79896"}],"curies":[{"name":"wp","href":"https:\/\/api.w.org\/{rel}","templated":true}]}}