{"id":79899,"date":"2025-11-09T08:24:11","date_gmt":"2025-11-09T07:24:11","guid":{"rendered":"https:\/\/miradordeatarfe.es\/?p=79899"},"modified":"2025-11-07T12:48:06","modified_gmt":"2025-11-07T11:48:06","slug":"estas-son-las-dos-alternativas-a-las-gafas-cuando-aparece-la-presbicia","status":"publish","type":"post","link":"https:\/\/miradordeatarfe.es\/?p=79899","title":{"rendered":"Estas son las dos alternativas a las gafas cuando aparece la presbicia"},"content":{"rendered":"<div class=\"v-a v-a--d v-a--d-b v-a--p-b\" style=\"text-align: justify;\">\n<div class=\"v-a-info-c \">\n<h2 class=\"v-a-sub-t \">Por muy joven que uno se sienta, la vista cansada no da tregua a partir de los 45 a\u00f1os<\/h2>\n<\/div>\n<\/div>\n<div class=\"v-d v-d--ab-c v-d--b\" style=\"text-align: justify;\" data-mrf-recirculation=\"Links articulo\">\n<div class=\"v-mdl-ath \" data-mrf-recirculation=\"Autor\">Pocas veces unas gafas para ver de cerca han dado tanto de que hablar como las que llev\u00f3 Pedro S\u00e1nchez hace unos d\u00edas durante su <span class=\"paywall pw-open\">comparecencia en la comisi\u00f3n del &#8216;caso Koldo&#8217; en el Senado. Se trata de una montura antigua de la firma Dior \u2013modelo Monsieur\u2013 fabricada en pasta de color marr\u00f3n, por las que el presidente pag\u00f3 250 euros, seg\u00fan confirmaron en la \u00f3ptica donde las compr\u00f3, hace unos cinco a\u00f1os. Al margen del revuelo medi\u00e1tico causado por el modelo elegido, era la primera vez que Pedro S\u00e1nchez usaba unas gafas para la presbicia en un acto p\u00fablico. Sus ademanes al ponerse y quitarse las lentes para leer los apuntes que llevaba fueron muy comentados, tanto que algunos incluso lo vieron como una maniobra de distracci\u00f3n<\/span><\/div>\n<\/div>\n<div class=\"paywall\" style=\"text-align: justify;\" data-mrf-recirculation=\"Link art\u00edculos\">\n<p class=\"v-p\">Lo que queda claro es que Pedro S\u00e1nchez (53 a\u00f1os) necesita una &#8216;ayuda&#8217; para poder ver de cerca, como le ocurre a ocho de cada diez personas mayores de 45 a\u00f1os (81%) y a pr\u00e1cticamente la totalidad de los jubilados (98%), seg\u00fan los datos que maneja la Organizaci\u00f3n Mundial de la Salud (OMS). Por m\u00e1s joven que uno se sienta, la vista nos delata. Y, a partir de una determinada edad, no hay vuelta atr\u00e1s. Empiezas por alejar unos cent\u00edmetros la carta del restaurante para leer el men\u00fa y para cuando te quieres dar cuenta eres incapaz de hacer la compra sin gafas de cerca porque no ves el precio de los productos. Y ya no hablemos de leer el prospecto de un medicamento o este reportaje sin &#8216;apoyo&#8217;.<\/p>\n<\/div>\n<div class=\"v-c-cmp v-n-mrg\" style=\"text-align: justify;\">\n<h3 class=\"v-cmp-suh\">\u00bfSe puede operar?<\/h3>\n<\/div>\n<p class=\"v-p\" style=\"text-align: justify;\">\u00abLa presbicia o vista cansada es una evoluci\u00f3n natural del envejecimiento ocular, pero es verdad que siempre nos llega mucho antes de lo que esperamos. A partir de los 40, el ojo pierde capacidad de enfoque y empezamos a no ver bien de cerca porque el cristalino, situado justo detr\u00e1s de la pupila, se vuelve menos flexible con la edad. Alguna gente no lleva nada bien lo de tener que ponerse gafas para ver de cerca porque todav\u00eda se siente muy joven, y realmente lo es, pero hay que entender que se trata de un proceso universal que nos afecta a todos en mayor o menor grado\u00bb, tranquilizan en el Instituto Cl\u00ednico Quir\u00fargico de Oftalmolog\u00eda (ICQO).<\/p>\n<p class=\"v-p\" style=\"text-align: justify;\">De hecho, la presbicia no se considera una enfermedad. Es un problema visual relacionado con la edad. \u00abLa vista cansada tiende a aumentar progresivamente durante los primeros a\u00f1os. En general, la dificultad para ver de cerca empeora entre los 40 y los 60 a\u00f1os a medida que el cristalino pierde elasticidad. Despu\u00e9s de ese periodo, la progresi\u00f3n se ralentiza y la graduaci\u00f3n suele estabilizarse\u00bb, puntualiza Jos\u00e9 Ram\u00f3n Garc\u00eda Baena, responsable de Producto y Servicios de Salud Visual de General \u00d3ptica.<\/p>\n<div class=\"v-c-cmp v-c-cmp--t1 v-c-cmp--ab-m v-bdr-b-m\" style=\"text-align: justify;\">\n<div class=\"v-cmp-flg\">\n<div class=\"v-cnt-m v-cnt-m--xs\">\n<div class=\"v-cnt-m__c\">\n<div class=\"v-cnt-m__w v-cnt-m__w--1\">\n<p class=\"v-cnt-m__t\">Otras &#8216;enfermedades&#8217; de los ojos que aparecen con la edad<\/p>\n<\/div>\n<\/div>\n<\/div>\n<div class=\"v-u-c\">\n<ul class=\"v-u\">\n<li class=\"v-u__l\">\n<p class=\"v-p\">MOSCAS VOLANTES Son muy t\u00edpicas en los miopes, sobre todo en los d\u00edas de mucha claridad. Se trata de peque\u00f1as condensaciones en el ojo, pero no suelen tener ninguna repercusi\u00f3n visual m\u00e1s all\u00e1 del incordio que supone ver esos peque\u00f1os cuerpos flotantes.<\/p>\n<\/li>\n<li class=\"v-u__l\">\n<p class=\"v-p\">OJO SECO Es una de las consecuencias del envejecimiento ocular desde el punto de vista patol\u00f3gico y afecta especialmente a las mujeres. \u00abCon los cambios hormonales se suele sufrir una disminuci\u00f3n en la producci\u00f3n de las l\u00e1grimas. Y si a eso le sumamos los aires acondicionados y las calefacciones, esta condici\u00f3n se agudiza. En los casos m\u00e1s leves se puede tratar con l\u00e1grimas artificiales y suele quedarse en una molestia, pero es una patolog\u00eda que se puede complicar mucho\u00bb, aseguran los especialistas.<\/p>\n<\/li>\n<li class=\"v-u__l\">\n<p class=\"v-p\">CATARATAS Es otra de las &#8216;se\u00f1ales&#8217; de que nuestros ojos envejecen y su intervenci\u00f3n es la m\u00e1s realizada a nivel mundial. Se trata de una \u00abopacidad del cristalino del ojo, la lente natural que enfoca la luz en la retina\u00bb. Esta afecci\u00f3n ocular causa una p\u00e9rdida de visi\u00f3n progresiva y sin dolor como si se mirara a trav\u00e9s de un cristal empa\u00f1ado.<\/p>\n<\/li>\n<\/ul>\n<\/div>\n<\/div>\n<\/div>\n<p class=\"v-p\" style=\"text-align: justify;\">Si ya has entrado en la d\u00e9cada de los cuarenta y necesitas alejar los objetos para verlos con nitidez, tienes dificultad para leer las letras peque\u00f1as, especialmente cuando no hay mucha luz, te duele la cabeza o tienes sensaci\u00f3n de visi\u00f3n borrosa o fatiga ocular al final del d\u00eda&#8230; Quiz\u00e1s lo que necesitas son unas &#8216;gafas de cerca&#8217;.<\/p>\n<p class=\"v-p\" style=\"text-align: justify;\">\u00abLa buena noticia es que la presbicia tiene soluci\u00f3n. Existen m\u00faltiples opciones para corregirla: gafas progresivas, de lectura, ocupacionales, lentes de contacto multifocales&#8230; Incluso cirug\u00eda. Lo m\u00e1s importante es asumir la vista cansada con naturalidad, ya que todos, antes o despu\u00e9s, vamos a pasar por ella\u00bb, coinciden los especialistas.<\/p>\n<div class=\"v-c-cmp v-n-mrg\" style=\"text-align: justify;\">\n<h3 class=\"v-cmp-suh\">Cuando tambi\u00e9n eres miope<\/h3>\n<\/div>\n<p class=\"v-p\" style=\"text-align: justify;\">Los miopes, por ejemplo, tardan m\u00e1s en sentir los efectos de la presbicia porque su dificultad para ver bien de lejos compensa de alguna forma los efectos de la vista cansada. No es que no vayan a tener presbicia, lo que ocurre es que suelen notar menos o m\u00e1s tarde sus s\u00edntomas.<\/p>\n<p class=\"v-p\" style=\"text-align: justify;\">Con la vista cansada pasa una cosa curiosa. Las personas que nunca han necesitado gafas se las tienen que poner a partir de los 40 para poder ver bien de cerca. Sin embargo, los miopes se las tienen que quitar para poder leer. Otra cosa es que se operen para corregir la miop\u00eda. En ese caso, como se elimina la compensaci\u00f3n natural notar\u00e1n los efectos de la vista cansada igual que el resto. Lo uno por lo otro.<\/p>\n<p><strong><a href=\"https:\/\/www.ideal.es\/autor\/carmen-barreiro-3257.html\" data-mrf-link=\"https:\/\/www.ideal.es\/autor\/carmen-barreiro-3257.html\">Carmen Barreiro<\/a><\/strong><\/p>\n<p>https:\/\/www.ideal.es\/vivir\/salud\/dos-alternativas-gafas-aparece-presbicia-20251105002308-ntrc.html<\/p>\n","protected":false},"excerpt":{"rendered":"<p>Por muy joven que uno se sienta, la vista cansada no da tregua a partir&#8230;<\/p>\n","protected":false},"author":1,"featured_media":79900,"comment_status":"closed","ping_status":"closed","sticky":false,"template":"","format":"standard","meta":{"_coblocks_attr":"","_coblocks_dimensions":"","_coblocks_responsive_height":"","_coblocks_accordion_ie_support":"","jetpack_post_was_ever_published":false,"_jetpack_newsletter_access":"","_jetpack_dont_email_post_to_subs":false,"_jetpack_newsletter_tier_id":0,"_jetpack_memberships_contains_paywalled_content":false,"_jetpack_memberships_contains_paid_content":false,"footnotes":"","jetpack_publicize_message":"","jetpack_publicize_feature_enabled":true,"jetpack_social_post_already_shared":true,"jetpack_social_options":{"image_generator_settings":{"template":"highway","default_image_id":0,"enabled":false},"version":2}},"categories":[10797,1161,44,10],"tags":[],"class_list":["post-79899","post","type-post","status-publish","format-standard","has-post-thumbnail","hentry","category-ciencia","category-ciudadania","category-noticias-de-hoy","category-salud"],"jetpack_publicize_connections":[],"jetpack_featured_media_url":"https:\/\/i0.wp.com\/miradordeatarfe.es\/wp-content\/uploads\/2025\/11\/presbicia.webp?fit=1920%2C1280&ssl=1","jetpack_likes_enabled":true,"jetpack_sharing_enabled":true,"_links":{"self":[{"href":"https:\/\/miradordeatarfe.es\/index.php?rest_route=\/wp\/v2\/posts\/79899","targetHints":{"allow":["GET"]}}],"collection":[{"href":"https:\/\/miradordeatarfe.es\/index.php?rest_route=\/wp\/v2\/posts"}],"about":[{"href":"https:\/\/miradordeatarfe.es\/index.php?rest_route=\/wp\/v2\/types\/post"}],"author":[{"embeddable":true,"href":"https:\/\/miradordeatarfe.es\/index.php?rest_route=\/wp\/v2\/users\/1"}],"replies":[{"embeddable":true,"href":"https:\/\/miradordeatarfe.es\/index.php?rest_route=%2Fwp%2Fv2%2Fcomments&post=79899"}],"version-history":[{"count":1,"href":"https:\/\/miradordeatarfe.es\/index.php?rest_route=\/wp\/v2\/posts\/79899\/revisions"}],"predecessor-version":[{"id":79901,"href":"https:\/\/miradordeatarfe.es\/index.php?rest_route=\/wp\/v2\/posts\/79899\/revisions\/79901"}],"wp:featuredmedia":[{"embeddable":true,"href":"https:\/\/miradordeatarfe.es\/index.php?rest_route=\/wp\/v2\/media\/79900"}],"wp:attachment":[{"href":"https:\/\/miradordeatarfe.es\/index.php?rest_route=%2Fwp%2Fv2%2Fmedia&parent=79899"}],"wp:term":[{"taxonomy":"category","embeddable":true,"href":"https:\/\/miradordeatarfe.es\/index.php?rest_route=%2Fwp%2Fv2%2Fcategories&post=79899"},{"taxonomy":"post_tag","embeddable":true,"href":"https:\/\/miradordeatarfe.es\/index.php?rest_route=%2Fwp%2Fv2%2Ftags&post=79899"}],"curies":[{"name":"wp","href":"https:\/\/api.w.org\/{rel}","templated":true}]}}