{"id":79902,"date":"2025-11-08T11:20:29","date_gmt":"2025-11-08T10:20:29","guid":{"rendered":"https:\/\/miradordeatarfe.es\/?p=79902"},"modified":"2025-11-08T10:03:41","modified_gmt":"2025-11-08T09:03:41","slug":"las-sin-sombrero-de-atarfe-actuan-en-el-certamen-de-alhendin","status":"publish","type":"post","link":"https:\/\/miradordeatarfe.es\/?p=79902","title":{"rendered":"LAS SIN SOMBRERO DE ATARFE ACTUAN EN EL CERTAMEN DE ALHEND\u00cdN"},"content":{"rendered":"<h3 class=\"entry-title\">Nueve compa\u00f1\u00edas protagonizan el XIX Certamen de Teatro No Profesional Villa de Alhend\u00edn.La cita cultural otorga premios en met\u00e1lico a la mejor obra, al mejor actor, mejor actriz y la mejor escenograf\u00eda<\/h3>\n<p>Nueve compa\u00f1\u00edas llegadas desde diferentes puntos protagonizar\u00e1n el XXI Certamen de Teatro No Profesional Villa de <strong>Alhend\u00edn<\/strong>, una cita que arranca este viernes y que se ha consolidado en la programaci\u00f3n cultural de <strong>Granada <\/strong>para dar cabida a estos grupos.<\/p>\n<p>La concejala de Comunicaci\u00f3n, Andrea Zambrano, ha explicado que la cita se celebrar\u00e1 desde este viernes al 7 de diciembre en el Teatro Municipal de <strong>Alhend\u00edn <\/strong>a las 20.00 horas, con entrada gratuita hasta completar aforo, seg\u00fan ha informado el<strong> Ayuntamiento de Alhend\u00edn <\/strong>en una nota de prensa.<\/p>\n<p>De este modo, Zambrano ha puesto el acento en la cita consolidada en el calendario cultural de <strong>Alhend\u00edn <\/strong>con obras que van desde el drama al g\u00e9nero musical, pasando por la tragicomedia o la comedia.<\/p>\n<p>El teatro alhendinense, ha a\u00f1adido, dispone de 550 butacas de capacidad y volver\u00e1 a presenciar a las propuestas representativas de estas compa\u00f1\u00edas, por lo que con este certamen se contribuye tambi\u00e9n \u00aba promocionar y dar cobertura a los talleres municipales de teatrales y compa\u00f1\u00edas de la provincia\u00bb.<\/p>\n<p>El certamen arranca este viernes con la representaci\u00f3n de &#8216;Juntos&#8217; de la mano del Grupo Taller Municipal de Teatro de <strong>Salobre\u00f1a<\/strong>-Asociaci\u00f3n Cultural El D\u00eda Que Me Quieras y continuar\u00e1 <span style=\"color: #800000;\"><strong>el s\u00e1bado con &#8216;Las Sin Sombrero&#8217; y su representaci\u00f3n dram\u00e1tica &#8216;Soledad&#8217;.<\/strong><\/span><\/p>\n<p><img data-recalc-dims=\"1\" loading=\"lazy\" decoding=\"async\" class=\"alignnone wp-image-79942 size-full\" src=\"https:\/\/i0.wp.com\/miradordeatarfe.es\/wp-content\/uploads\/2025\/11\/Imagen-de-WhatsApp-2025-11-08-a-las-10.02.41_bd092bd6.jpg?resize=640%2C480&#038;ssl=1\" alt=\"\" width=\"640\" height=\"480\" srcset=\"https:\/\/i0.wp.com\/miradordeatarfe.es\/wp-content\/uploads\/2025\/11\/Imagen-de-WhatsApp-2025-11-08-a-las-10.02.41_bd092bd6.jpg?w=2040&amp;ssl=1 2040w, https:\/\/i0.wp.com\/miradordeatarfe.es\/wp-content\/uploads\/2025\/11\/Imagen-de-WhatsApp-2025-11-08-a-las-10.02.41_bd092bd6.jpg?resize=300%2C225&amp;ssl=1 300w, https:\/\/i0.wp.com\/miradordeatarfe.es\/wp-content\/uploads\/2025\/11\/Imagen-de-WhatsApp-2025-11-08-a-las-10.02.41_bd092bd6.jpg?resize=1024%2C768&amp;ssl=1 1024w, https:\/\/i0.wp.com\/miradordeatarfe.es\/wp-content\/uploads\/2025\/11\/Imagen-de-WhatsApp-2025-11-08-a-las-10.02.41_bd092bd6.jpg?resize=768%2C576&amp;ssl=1 768w, https:\/\/i0.wp.com\/miradordeatarfe.es\/wp-content\/uploads\/2025\/11\/Imagen-de-WhatsApp-2025-11-08-a-las-10.02.41_bd092bd6.jpg?resize=1536%2C1152&amp;ssl=1 1536w, https:\/\/i0.wp.com\/miradordeatarfe.es\/wp-content\/uploads\/2025\/11\/Imagen-de-WhatsApp-2025-11-08-a-las-10.02.41_bd092bd6.jpg?resize=1320%2C990&amp;ssl=1 1320w, https:\/\/i0.wp.com\/miradordeatarfe.es\/wp-content\/uploads\/2025\/11\/Imagen-de-WhatsApp-2025-11-08-a-las-10.02.41_bd092bd6.jpg?w=1920&amp;ssl=1 1920w\" sizes=\"auto, (max-width: 640px) 100vw, 640px\" \/><\/p>\n<p>El segundo fin de semana, el 14 de noviembre, llegar\u00e1 con la representaci\u00f3n adaptada de la emblem\u00e1tica obra de Federico Garc\u00eda Lorca &#8216;Bodas de Sangre&#8217; a cargo de la compa\u00f1\u00eda Nocturna, mientras que el d\u00eda 15 ser\u00e1 el turno de &#8216;La Ni\u00f1a Jam\u00f3n&#8217;, una tragicomedia que llevar\u00e1 a las tablas del teatro alhendinense el grupo Julia Delgado.<\/p>\n<p>Superado el ecuador del certamen, el 21 de noviembre abrir\u00e1 el fin de semana &#8216;El veneno del teatro&#8217;, una tragicomedia a cargo del Grupo Segundo Acto de Almu\u00f1\u00e9car; mientras que el d\u00eda 22 ser\u00e1 el turno de la obra &#8216;Tragaluz&#8217;, de g\u00e9nero dram\u00e1tico, a cargo del grupo Sinergias.<\/p>\n<p>El \u00faltimo fin de semana de noviembre llegan las dos \u00faltimas obras que participan en el certamen para hacerse con alguno de los premios. De este modo, abrir\u00e1 el 28 de noviembre el Grupo Oniria con &#8216;Chicago&#8217; y cerrar\u00e1 el 29 de noviembre el Grupo Ascoarte con &#8217;26+1&#8242;.<\/p>\n<p>El ciclo lo cerrar\u00e1 el d\u00eda de la clausura de premios, el 7 de diciembre, el Taller Municipal de Teatro Adulto de <strong>Alhend\u00edn<\/strong>. \u00a0<\/p>\n<p>El XIX Certamen de Teatro No Profesional Villa de <strong>Alhend\u00edn <\/strong>otorga premios en met\u00e1lico a la mejor obra, al mejor actor, mejor actriz y la mejor escenograf\u00eda. Adem\u00e1s, todos los grupos participantes son compensados por su colaboraci\u00f3n. Todos los espect\u00e1culos arrancan a las 20.00 horas.<\/p>\n<p>&nbsp;<\/p>\n<p>&nbsp;<\/p>\n<blockquote class=\"wp-embedded-content\" data-secret=\"x7XWSDAGnY\"><p><a href=\"https:\/\/www.ahoragranada.com\/noticias\/nueve-companias-protagonizan-el-xix-certamen-de-teatro-no-profesional-villa-de-alhendin\/\">Nueve compa\u00f1\u00edas protagonizan el XIX Certamen de Teatro No Profesional Villa de Alhend\u00edn<\/a><\/p><\/blockquote>\n<p><iframe loading=\"lazy\" class=\"wp-embedded-content\" sandbox=\"allow-scripts\" security=\"restricted\" style=\"position: absolute; visibility: hidden;\" title=\"\u00abNueve compa\u00f1\u00edas protagonizan el XIX Certamen de Teatro No Profesional Villa de Alhend\u00edn\u00bb \u2014 Ahora Granada\" src=\"https:\/\/www.ahoragranada.com\/noticias\/nueve-companias-protagonizan-el-xix-certamen-de-teatro-no-profesional-villa-de-alhendin\/embed\/#?secret=wjGbuPnfjC#?secret=x7XWSDAGnY\" data-secret=\"x7XWSDAGnY\" width=\"600\" height=\"338\" frameborder=\"0\" marginwidth=\"0\" marginheight=\"0\" scrolling=\"no\"><\/iframe><\/p>\n","protected":false},"excerpt":{"rendered":"<p>Nueve compa\u00f1\u00edas protagonizan el XIX Certamen de Teatro No Profesional Villa de Alhend\u00edn.La cita cultural&#8230;<\/p>\n","protected":false},"author":1,"featured_media":79903,"comment_status":"closed","ping_status":"closed","sticky":false,"template":"","format":"standard","meta":{"_coblocks_attr":"","_coblocks_dimensions":"","_coblocks_responsive_height":"","_coblocks_accordion_ie_support":"","jetpack_post_was_ever_published":false,"_jetpack_newsletter_access":"","_jetpack_dont_email_post_to_subs":false,"_jetpack_newsletter_tier_id":0,"_jetpack_memberships_contains_paywalled_content":false,"_jetpack_memberships_contains_paid_content":false,"footnotes":"","jetpack_publicize_message":"","jetpack_publicize_feature_enabled":true,"jetpack_social_post_already_shared":true,"jetpack_social_options":{"image_generator_settings":{"template":"highway","default_image_id":0,"enabled":false},"version":2}},"categories":[12,186,44],"tags":[],"class_list":["post-79902","post","type-post","status-publish","format-standard","has-post-thumbnail","hentry","category-cultura","category-instituciones","category-noticias-de-hoy"],"jetpack_publicize_connections":[],"jetpack_featured_media_url":"https:\/\/i0.wp.com\/miradordeatarfe.es\/wp-content\/uploads\/2025\/11\/Certamen-Teatro-Alhendin.jpg?fit=970%2C546&ssl=1","jetpack_likes_enabled":true,"jetpack_sharing_enabled":true,"_links":{"self":[{"href":"https:\/\/miradordeatarfe.es\/index.php?rest_route=\/wp\/v2\/posts\/79902","targetHints":{"allow":["GET"]}}],"collection":[{"href":"https:\/\/miradordeatarfe.es\/index.php?rest_route=\/wp\/v2\/posts"}],"about":[{"href":"https:\/\/miradordeatarfe.es\/index.php?rest_route=\/wp\/v2\/types\/post"}],"author":[{"embeddable":true,"href":"https:\/\/miradordeatarfe.es\/index.php?rest_route=\/wp\/v2\/users\/1"}],"replies":[{"embeddable":true,"href":"https:\/\/miradordeatarfe.es\/index.php?rest_route=%2Fwp%2Fv2%2Fcomments&post=79902"}],"version-history":[{"count":3,"href":"https:\/\/miradordeatarfe.es\/index.php?rest_route=\/wp\/v2\/posts\/79902\/revisions"}],"predecessor-version":[{"id":79943,"href":"https:\/\/miradordeatarfe.es\/index.php?rest_route=\/wp\/v2\/posts\/79902\/revisions\/79943"}],"wp:featuredmedia":[{"embeddable":true,"href":"https:\/\/miradordeatarfe.es\/index.php?rest_route=\/wp\/v2\/media\/79903"}],"wp:attachment":[{"href":"https:\/\/miradordeatarfe.es\/index.php?rest_route=%2Fwp%2Fv2%2Fmedia&parent=79902"}],"wp:term":[{"taxonomy":"category","embeddable":true,"href":"https:\/\/miradordeatarfe.es\/index.php?rest_route=%2Fwp%2Fv2%2Fcategories&post=79902"},{"taxonomy":"post_tag","embeddable":true,"href":"https:\/\/miradordeatarfe.es\/index.php?rest_route=%2Fwp%2Fv2%2Ftags&post=79902"}],"curies":[{"name":"wp","href":"https:\/\/api.w.org\/{rel}","templated":true}]}}