{"id":79905,"date":"2025-11-10T10:34:25","date_gmt":"2025-11-10T09:34:25","guid":{"rendered":"https:\/\/miradordeatarfe.es\/?p=79905"},"modified":"2025-11-07T13:14:11","modified_gmt":"2025-11-07T12:14:11","slug":"el-gobierno-impulsa-la-creacion-de-cuatro-comunidades-energeticas-en-granada-con-casi-143-000-euros","status":"publish","type":"post","link":"https:\/\/miradordeatarfe.es\/?p=79905","title":{"rendered":"El Gobierno impulsa la creaci\u00f3n de cuatro comunidades energ\u00e9ticas en Granada con casi 143.000 euros"},"content":{"rendered":"<h3 class=\"intro\">Las iniciativas buscan fortalecer el modelo de generaci\u00f3n y consumo, en el que la ciudadan\u00eda asume un papel protagonista en la producci\u00f3n y gesti\u00f3n de energ\u00edas limpias<\/h3>\n<p>El Gobierno de Espa\u00f1a ha concedido en la provincia de <strong>Granada <\/strong>subvenciones por importe de 142.987,12 euros, que permitir\u00e1n afrontar una inversi\u00f3n de 288.730,08 euros para la puesta en marcha de<strong> cuatro nuevos proyectos de comunidades energ\u00e9ticas.<\/strong><\/p>\n<p>Estas iniciativas fortalecer\u00e1n el modelo de generaci\u00f3n y consumo energ\u00e9tico distribuido, en el que la ciudadan\u00eda asume un papel protagonista en la producci\u00f3n y gesti\u00f3n de energ\u00edas limpias, seg\u00fan ha indicado Subdelegaci\u00f3n de Gobierno en una nota de prensa.<\/p>\n<p>Las comunidades energ\u00e9ticas permiten que los ciudadanos produzcan, consuman, almacenen, compartan y vendan energ\u00eda renovable de manera colectiva. Su finalidad principal es generar beneficios ambientales, econ\u00f3micos y sociales para sus miembros y para el territorio donde desarrollan su actividad, situando el inter\u00e9s general por encima de la rentabilidad financiera.<\/p>\n<p>Entre los proyectos granadinos que han conseguido financiaci\u00f3n estatal se encuentran Los Llanos 1, una instalaci\u00f3n fotovoltaica de 45 kilovatios pico ubicada en las cubiertas de las pistas de p\u00e1del del Campo de F\u00fatbol del <strong>Barrio de Monachil <\/strong>(22.175,42 euros). Tambi\u00e9n se ha concedido ayuda a la Fase 1 de la Comunidad Energ\u00e9tica de la <strong>Alpujarra de Granada,<\/strong> que contempla la instalaci\u00f3n de un punto de producci\u00f3n de 40 kilovatios pico para 24 asociados y dos pymes en un tejado p\u00fablico (21.073 euros).<\/p>\n<p>En <strong>Granada <\/strong>se impulsa el autoconsumo colectivo como soluci\u00f3n para compatibilizar la transici\u00f3n energ\u00e9tica con la protecci\u00f3n del patrimonio hist\u00f3rico mediante dos instalaciones fotovoltaicas en cubiertas municipales (65.646,80 euros). Finalmente, en los municipios de <strong>D\u00farcal <\/strong>y <strong>El Valle <\/strong>se promover\u00e1 el autoconsumo solar compartido con dos nuevas plantas comunitarias -de 40 y 20 kilovatios pico respectivamente (34.091,90 euros).<\/p>\n<p>El plazo para la realizaci\u00f3n de las inversiones subvencionables y la ejecuci\u00f3n de las actuaciones objeto de las ayudas ser\u00e1 de 14 meses a partir de la fecha de notificaci\u00f3n de la resoluci\u00f3n favorable de concesi\u00f3n de la subvenci\u00f3n.<\/p>\n<h3 class=\"wp-block-heading\">\u00abUn modelo energ\u00e9tico m\u00e1s sostenible\u00bb<\/h3>\n<p>El subdelegado del Gobierno en <strong>Granada<\/strong>, Jos\u00e9 Antonio Montilla, ha destacado que estas actuaciones \u00abson un ejemplo del compromiso del Gobierno con un modelo energ\u00e9tico m\u00e1s sostenible, participativo y solidario, que impulsa el desarrollo econ\u00f3mico local, reduce la factura energ\u00e9tica de los hogares y contribuye a los objetivos nacionales y europeos en materia de energ\u00eda y clima\u00bb.<\/p>\n<p>Montilla ha subrayado, adem\u00e1s, que <strong>Granada <\/strong>\u00abest\u00e1 demostrando su capacidad para liderar proyectos innovadores en el \u00e1mbito de la energ\u00eda limpia y la cooperaci\u00f3n ciudadana. Las comunidades energ\u00e9ticas son una herramienta fundamental para avanzar hacia un futuro m\u00e1s justo desde el punto de vista ambiental y social\u00bb.<\/p>\n<p><strong><span class=\"section-name\"><span class=\"autor\"> Redacci\u00f3n aG <\/span><\/span><\/strong><\/p>\n<blockquote class=\"wp-embedded-content\" data-secret=\"22VADCq7cc\"><p><a href=\"https:\/\/www.ahoragranada.com\/noticias\/el-gobierno-impulsa-la-creacion-de-cuatro-comunidades-energeticas-en-granada-con-casi-143-000-euros\/\">El Gobierno impulsa la creaci\u00f3n de cuatro comunidades energ\u00e9ticas en Granada con casi 143.000 euros<\/a><\/p><\/blockquote>\n<p><iframe loading=\"lazy\" class=\"wp-embedded-content\" sandbox=\"allow-scripts\" security=\"restricted\" style=\"position: absolute; visibility: hidden;\" title=\"\u00abEl Gobierno impulsa la creaci\u00f3n de cuatro comunidades energ\u00e9ticas en Granada con casi 143.000 euros\u00bb \u2014 Ahora Granada\" src=\"https:\/\/www.ahoragranada.com\/noticias\/el-gobierno-impulsa-la-creacion-de-cuatro-comunidades-energeticas-en-granada-con-casi-143-000-euros\/embed\/#?secret=Lq6X5JUypx#?secret=22VADCq7cc\" data-secret=\"22VADCq7cc\" width=\"600\" height=\"338\" frameborder=\"0\" marginwidth=\"0\" marginheight=\"0\" scrolling=\"no\"><\/iframe><\/p>\n","protected":false},"excerpt":{"rendered":"<p>Las iniciativas buscan fortalecer el modelo de generaci\u00f3n y consumo, en el que la ciudadan\u00eda&#8230;<\/p>\n","protected":false},"author":1,"featured_media":79906,"comment_status":"closed","ping_status":"closed","sticky":false,"template":"","format":"standard","meta":{"_coblocks_attr":"","_coblocks_dimensions":"","_coblocks_responsive_height":"","_coblocks_accordion_ie_support":"","jetpack_post_was_ever_published":false,"_jetpack_newsletter_access":"","_jetpack_dont_email_post_to_subs":false,"_jetpack_newsletter_tier_id":0,"_jetpack_memberships_contains_paywalled_content":false,"_jetpack_memberships_contains_paid_content":false,"footnotes":"","jetpack_publicize_message":"","jetpack_publicize_feature_enabled":true,"jetpack_social_post_already_shared":true,"jetpack_social_options":{"image_generator_settings":{"template":"highway","default_image_id":0,"enabled":false},"version":2}},"categories":[1161,10781,44],"tags":[],"class_list":["post-79905","post","type-post","status-publish","format-standard","has-post-thumbnail","hentry","category-ciudadania","category-granada","category-noticias-de-hoy"],"jetpack_publicize_connections":[],"jetpack_featured_media_url":"https:\/\/i0.wp.com\/miradordeatarfe.es\/wp-content\/uploads\/2025\/11\/planta-fotovoltaica-y-paneres-solares-instalados-entre-Lachar-y-trasmulas-AC-11-370x207-1.jpg?fit=370%2C207&ssl=1","jetpack_likes_enabled":true,"jetpack_sharing_enabled":true,"_links":{"self":[{"href":"https:\/\/miradordeatarfe.es\/index.php?rest_route=\/wp\/v2\/posts\/79905","targetHints":{"allow":["GET"]}}],"collection":[{"href":"https:\/\/miradordeatarfe.es\/index.php?rest_route=\/wp\/v2\/posts"}],"about":[{"href":"https:\/\/miradordeatarfe.es\/index.php?rest_route=\/wp\/v2\/types\/post"}],"author":[{"embeddable":true,"href":"https:\/\/miradordeatarfe.es\/index.php?rest_route=\/wp\/v2\/users\/1"}],"replies":[{"embeddable":true,"href":"https:\/\/miradordeatarfe.es\/index.php?rest_route=%2Fwp%2Fv2%2Fcomments&post=79905"}],"version-history":[{"count":2,"href":"https:\/\/miradordeatarfe.es\/index.php?rest_route=\/wp\/v2\/posts\/79905\/revisions"}],"predecessor-version":[{"id":79908,"href":"https:\/\/miradordeatarfe.es\/index.php?rest_route=\/wp\/v2\/posts\/79905\/revisions\/79908"}],"wp:featuredmedia":[{"embeddable":true,"href":"https:\/\/miradordeatarfe.es\/index.php?rest_route=\/wp\/v2\/media\/79906"}],"wp:attachment":[{"href":"https:\/\/miradordeatarfe.es\/index.php?rest_route=%2Fwp%2Fv2%2Fmedia&parent=79905"}],"wp:term":[{"taxonomy":"category","embeddable":true,"href":"https:\/\/miradordeatarfe.es\/index.php?rest_route=%2Fwp%2Fv2%2Fcategories&post=79905"},{"taxonomy":"post_tag","embeddable":true,"href":"https:\/\/miradordeatarfe.es\/index.php?rest_route=%2Fwp%2Fv2%2Ftags&post=79905"}],"curies":[{"name":"wp","href":"https:\/\/api.w.org\/{rel}","templated":true}]}}