{"id":79909,"date":"2025-11-08T10:30:15","date_gmt":"2025-11-08T09:30:15","guid":{"rendered":"https:\/\/miradordeatarfe.es\/?p=79909"},"modified":"2025-11-07T13:12:01","modified_gmt":"2025-11-07T12:12:01","slug":"la-calle-manda-por-agustin-martinez","status":"publish","type":"post","link":"https:\/\/miradordeatarfe.es\/?p=79909","title":{"rendered":"\u00a1La calle manda! por Agust\u00edn Mart\u00ednez"},"content":{"rendered":"<div class=\"bbnx-body prometeo-hideable two-columns-default-width\">\n<h3 class=\"paragraph-atom B-510-400-550-N B-525-400-700-N--md\" style=\"text-align: justify;\">Este domingo todos los andaluces estamos llamados a salir a la calle en defensa de una sanidad p\u00fablica de calidad y para todos. Pasado ma\u00f1ana no se trata solo de defender hospitales ni centros de salud: se trata de defender la igualdad. Porque cuando se rompe la sanidad p\u00fablica, no se deteriora un servicio m\u00e1s, sino el gran pacto social que garantiza que todos \u2013ricos o pobres, rurales o urbanos\u2013 tengamos derecho a la misma atenci\u00f3n cuando enfermamos. Por eso hay que salir a la calle, porque la salud es la medida m\u00e1s justa de una democracia.<\/h3>\n<p class=\"paragraph-atom B-510-400-550-N B-525-400-700-N--md\" style=\"text-align: justify;\">La Junta de Andaluc\u00eda de Moreno Bonilla lleva a\u00f1os desmontando el sistema sanitario p\u00fablico. Privatiza trozos, externaliza servicios, y convierte lo que era un derecho en un negocio. Los hospitales se saturan, los m\u00e9dicos se marchan, las listas de espera baten r\u00e9cords y, mientras tanto, los conciertos con cl\u00ednicas privadas crecen como la espuma. Es un modelo que ya conocemos: primero lo debilitan, despu\u00e9s lo desprecian, y al final te obligan a pagar por lo que antes era de todos.<\/p>\n<p class=\"paragraph-atom B-510-400-550-N B-525-400-700-N--md\" style=\"text-align: justify;\">Dicen que est\u00e1n gastando m\u00e1s dinero que nunca, y es verdad, m\u00e1s dinero que nunca para campa\u00f1as de autobombo, para inauguraciones vac\u00edas, para disfrazar con palabras como \u201ccolaboraci\u00f3n p\u00fablico-privada\u201d lo que en realidad es un trasvase constante de recursos hacia lo privado. M\u00e1s dinero que nunca y una nula voluntad de cuidar lo que es de todos.<\/p>\n<p class=\"paragraph-atom B-510-400-550-N B-525-400-700-N--md\" style=\"text-align: justify;\">Por eso el domingo a las doce tenemos una cita en la calle. Porque la calle es el \u00faltimo espacio verdaderamente p\u00fablico que nos queda. All\u00ed donde no pueden manipular los datos ni esconder las listas de espera, donde la ciudadan\u00eda se hace visible y donde el ruido y las pancartas rompen el c\u00f3modo silencio del poder.<\/p>\n<p class=\"paragraph-atom B-510-400-550-N B-525-400-700-N--md\" style=\"text-align: justify;\">A Bonilla no le asustan los informes, ni las denuncias, ni los debates en el Parlamento, porque para evitar que lleguen hasta ustedes ya tiene a Canal Sur. Lo que de verdad teme Juanma es la calle. La calle llena. La calle indignada. La calle que recuerda que los hospitales no se venden, se defienden.<\/p>\n<p class=\"paragraph-atom B-510-400-550-N B-525-400-700-N--md\" style=\"text-align: justify;\">El domingo no basta con lamentarse en redes ni con indignarse desde el sof\u00e1. Hay que salir. Por ti, por tus hijos, por quienes no pueden pagar una consulta privada. Por los que esperan una cita que nunca llega. Por los sanitarios agotados que a\u00fan creen en lo p\u00fablico. Por esa Andaluc\u00eda que no quiere ser un negocio, sino una comunidad.<\/p>\n<p class=\"paragraph-atom B-510-400-550-N B-525-400-700-N--md\" style=\"text-align: justify;\">La sanidad p\u00fablica es el coraz\u00f3n de la igualdad. Y ese coraz\u00f3n late en la calle. Este domingo, que se escuche fuerte.<\/p>\n<p><img data-recalc-dims=\"1\" loading=\"lazy\" decoding=\"async\" class=\"alignnone wp-image-79911 \" src=\"https:\/\/i0.wp.com\/miradordeatarfe.es\/wp-content\/uploads\/2025\/11\/SANI.jpeg?resize=640%2C381&#038;ssl=1\" alt=\"\" width=\"640\" height=\"381\" srcset=\"https:\/\/i0.wp.com\/miradordeatarfe.es\/wp-content\/uploads\/2025\/11\/SANI.jpeg?w=302&amp;ssl=1 302w, https:\/\/i0.wp.com\/miradordeatarfe.es\/wp-content\/uploads\/2025\/11\/SANI.jpeg?resize=300%2C179&amp;ssl=1 300w\" sizes=\"auto, (max-width: 640px) 100vw, 640px\" \/><\/p>\n<\/div>\n","protected":false},"excerpt":{"rendered":"<p>Este domingo todos los andaluces estamos llamados a salir a la calle en defensa de&#8230;<\/p>\n","protected":false},"author":1,"featured_media":79910,"comment_status":"closed","ping_status":"closed","sticky":false,"template":"","format":"standard","meta":{"_coblocks_attr":"","_coblocks_dimensions":"","_coblocks_responsive_height":"","_coblocks_accordion_ie_support":"","jetpack_post_was_ever_published":false,"_jetpack_newsletter_access":"","_jetpack_dont_email_post_to_subs":false,"_jetpack_newsletter_tier_id":0,"_jetpack_memberships_contains_paywalled_content":false,"_jetpack_memberships_contains_paid_content":false,"footnotes":"","jetpack_publicize_message":"","jetpack_publicize_feature_enabled":true,"jetpack_social_post_already_shared":true,"jetpack_social_options":{"image_generator_settings":{"template":"highway","default_image_id":0,"enabled":false},"version":2}},"categories":[10791,10781,186,44,10805],"tags":[],"class_list":["post-79909","post","type-post","status-publish","format-standard","has-post-thumbnail","hentry","category-andalucia","category-granada","category-instituciones","category-noticias-de-hoy","category-plataforma-por-la-sanidad-de-atarfe"],"jetpack_publicize_connections":[],"jetpack_featured_media_url":"https:\/\/i0.wp.com\/miradordeatarfe.es\/wp-content\/uploads\/2025\/11\/SANI1.jpeg?fit=338%2C180&ssl=1","jetpack_likes_enabled":true,"jetpack_sharing_enabled":true,"_links":{"self":[{"href":"https:\/\/miradordeatarfe.es\/index.php?rest_route=\/wp\/v2\/posts\/79909","targetHints":{"allow":["GET"]}}],"collection":[{"href":"https:\/\/miradordeatarfe.es\/index.php?rest_route=\/wp\/v2\/posts"}],"about":[{"href":"https:\/\/miradordeatarfe.es\/index.php?rest_route=\/wp\/v2\/types\/post"}],"author":[{"embeddable":true,"href":"https:\/\/miradordeatarfe.es\/index.php?rest_route=\/wp\/v2\/users\/1"}],"replies":[{"embeddable":true,"href":"https:\/\/miradordeatarfe.es\/index.php?rest_route=%2Fwp%2Fv2%2Fcomments&post=79909"}],"version-history":[{"count":1,"href":"https:\/\/miradordeatarfe.es\/index.php?rest_route=\/wp\/v2\/posts\/79909\/revisions"}],"predecessor-version":[{"id":79912,"href":"https:\/\/miradordeatarfe.es\/index.php?rest_route=\/wp\/v2\/posts\/79909\/revisions\/79912"}],"wp:featuredmedia":[{"embeddable":true,"href":"https:\/\/miradordeatarfe.es\/index.php?rest_route=\/wp\/v2\/media\/79910"}],"wp:attachment":[{"href":"https:\/\/miradordeatarfe.es\/index.php?rest_route=%2Fwp%2Fv2%2Fmedia&parent=79909"}],"wp:term":[{"taxonomy":"category","embeddable":true,"href":"https:\/\/miradordeatarfe.es\/index.php?rest_route=%2Fwp%2Fv2%2Fcategories&post=79909"},{"taxonomy":"post_tag","embeddable":true,"href":"https:\/\/miradordeatarfe.es\/index.php?rest_route=%2Fwp%2Fv2%2Ftags&post=79909"}],"curies":[{"name":"wp","href":"https:\/\/api.w.org\/{rel}","templated":true}]}}