{"id":79913,"date":"2025-11-09T11:18:48","date_gmt":"2025-11-09T10:18:48","guid":{"rendered":"https:\/\/miradordeatarfe.es\/?p=79913"},"modified":"2025-11-07T13:34:06","modified_gmt":"2025-11-07T12:34:06","slug":"la-cavidad-termal-mas-importante-de-todo-el-pais-en-vias-de-desaparicion-por-manuel-jose-gonzalez-rios","status":"publish","type":"post","link":"https:\/\/miradordeatarfe.es\/?p=79913","title":{"rendered":"ATARFE: \u00abLa cavidad termal m\u00e1s importante de todo el pa\u00eds, en v\u00edas de desaparici\u00f3n\u00bb por Manuel Jos\u00e9 Gonz\u00e1lez R\u00edos"},"content":{"rendered":"<h3 style=\"text-align: justify;\">La sima de la Raja Santa, situada en el t\u00e9rmino municipal\u00a0de Atarfe (Granada), era conocida desde siempre por los\u00a0vecinos de dicha localidad, un amplio corredor en una\u00a0ladera al S.E. de Sierra Elvira brindaba la visita a pastores\u00a0y curiosos de lo que en ella se pod\u00eda ocultar.<\/h3>\n<p style=\"text-align: justify;\">La primera exploraci\u00f3n sistem\u00e1tica a la cavidad, fue\u00a0realizada por miembros del grupo de espele\u00f3logos\u00a0granadinos el 10 de agosto de 1950, alcanz\u00e1ndose una\u00a0profundidad de 90 metros.<\/p>\n<p style=\"text-align: justify;\">Posteriormente el mismo grupo vuelve a descender\u00a0los pozos de la sima logrando superar la cota\u00a0anteriormente alcanzada, localizado en el fondo de\u00a0la cavidad un important\u00edsimo curso de agua termal,\u00a0con una temperatura de 32 grados cent\u00edgrados, a una\u00a0profundidad de unos 120 metros.<\/p>\n<p style=\"text-align: justify;\">En los a\u00f1os 60, el grupo espeleol\u00f3gico Pedro Acu\u00f1a,\u00a0toma el relevo en las exploraciones a la Raja Santa,\u00a0con materiales y t\u00e9cnicas mas sofisticados, localizan un\u00a0nuevo ramal, hasta entonces desconocido, que bautizan\u00a0con el nombre de zona de la Virgen termin\u00e1ndose su\u00a0exploraci\u00f3n al alcanzar el nivel del agua termal.<\/p>\n<p style=\"text-align: justify;\">En esta misma d\u00e9cada un nuevo grupo penetra en la\u00a0cavidad, la secci\u00f3n de espeleolog\u00eda del grupo alpino 4P,\u00a0dando un nuevo impulso a las exploraciones. Logran\u00a0superar la barrera del primer lago, al localizar el paso de\u00a0los Carniceros, nombre muy apropiado dada su especial\u00a0morfolog\u00eda, estrecha y con abundantes cristalizaciones.\u00a0Descubri\u00e9ndose unas amplias zonas inundadas de agua\u00a0de largo recorrido.<\/p>\n<p style=\"text-align: justify;\">En el a\u00f1o 1972 y a causa de varios accidentes acaecidos\u00a0a personas ajenas a la espeleolog\u00eda, el Ayuntamiento de\u00a0Atarfe orden\u00f3 y realiz\u00f3 el cierre de la sima, mediante la\u00a0colocaci\u00f3n de una reja protectora. Con el tiempo, una\u00a0gran cantera que se hab\u00eda abierto en las inmediaciones\u00a0de la boca, llega a capturar la cavidad. Las continuas\u00a0voladuras acaban por obstruir la gran diaclasa de acceso,\u00a0haciendo la cavidad totalmente impenetrable.<\/p>\n<p style=\"text-align: justify;\">El 25 de marzo de 1977 (un a\u00f1o despu\u00e9s del abandono\u00a0de la cantera), el grupo espeleol\u00f3gico Il\u00edberis de Granada,\u00a0consigue localizar en el frente de la cantera un peque\u00f1o\u00a0orificio, que tras su desobstrucci\u00f3n hace practicable de\u00a0nuevo la cavidad para el mundo de la ciencia.\u00a0Desde ese momento y corrida la noticia por todo el pa\u00eds,\u00a0se realizan innumerables visitas de diversos puntos de\u00a0nuestra geograf\u00eda nacional. En el a\u00f1o 1981, un equipo\u00a0interdisciplinar del grupo de espele\u00f3logos granadinos\u00a0y del grupo de exploraciones subterr\u00e1neas de la\u00a0sociedad espeleol\u00f3gica de M\u00e1laga, realizan un nuevo\u00a0levantamiento topogr\u00e1fico de la sima, descendi\u00e9ndose\u00a0por espeleobuceadores las zonas inundadas de la\u00a0cavidad, alcanz\u00e1ndose una profundidad topogr\u00e1fica de\u00a043 metros de agua, consigui\u00e9ndose as\u00ed descender desde\u00a0la boca de entrada un total de 163 metros, y un recorrido\u00a0de 583 metros.<\/p>\n<p style=\"text-align: justify;\">Otros miembros de la expedici\u00f3n, realizan un amplio\u00a0estudio entomol\u00f3gico de fauna acu\u00e1tica, toda ella en\u00a0v\u00edas de estudio por los especialistas en los diferentes\u00a0grupos vivientes.<\/p>\n<p style=\"text-align: justify;\">Simult\u00e1neamente otro grupo de espele\u00f3logos del G.E.G.\u00a0de Granada, comienzan un meticuloso estudio del clima\u00a0de la sima, elaborado con la toma de datos recogidos\u00a0durante todo un a\u00f1o y publicado en la revista \u201cSpes\u201d.\u00a0En el a\u00f1o 1989, con la reactivaci\u00f3n de las canteras de\u00a0toda Sierra Elvira, la Raja Santa vuelve a estar en peligro\u00a0de desaparici\u00f3n. Puestos en contacto los espele\u00f3logos\u00a0granadinos con las autoridades competentes del\u00a0municipio de Atarfe, se consigue, al parecer, detener\u00a0el frente de cantera que afecta directamente sobre la\u00a0entrada de la sima, abri\u00e9ndose dicho frente a pocos\u00a0metros de la boca, afectando las m\u00faltiples voladuras al\u00a0interior de la cavidad, bloques sueltos o desprendidos,\u00a0alteraci\u00f3n del clima, por apertura de infinidad de fisuras\u00a0que est\u00e1n resecando las partes altas de la cavidad, etc.<\/p>\n<p style=\"text-align: justify;\">En contestaci\u00f3n a dichos escritos al Ayuntamiento de\u00a0Atarfe, contesta siempre que la cantera se ha parado.\u00a0Personado en dicha cantera el que suscribe, pude\u00a0comprobar que incluso en domingo, las perforaciones\u00a0en el frente de cantera continuaban realiz\u00e1ndose.<\/p>\n<p style=\"text-align: justify;\">Recientemente en televisi\u00f3n se ofreci\u00f3 un reportaje\u00a0sobre las canteras ilegales de Andaluc\u00eda, en el que\u00a0se daba cuenta de la ilegalidad de la cantera de Raja\u00a0Santa, aludiendo que la autorizaci\u00f3n por parte del\u00a0Ayuntamiento de Atarfe no procede en el caso de\u00a0explotaciones de canteras, dependiendo estos permisos\u00a0de los organismos oficiales pertinentes.<\/p>\n<p style=\"text-align: justify;\">Si por parte de las autoridades no se detiene seriamente\u00a0la cantera, la cavidad sufrir\u00e1 da\u00f1os irreparables en su\u00a0morfolog\u00eda interna. Las continuas voladuras est\u00e1n\u00a0agrietando sus formaciones, los bloques encajados en sus\u00a0paredes corren serio peligro de desplomarse, pudiendo\u00a0obstruir la continuaci\u00f3n hacia las zonas profundas, con\u00a0la consiguiente perdida irremediable de toda esa fauna\u00a0subterr\u00e1nea end\u00e9mica de la sima de Raja Santa.<\/p>\n<p style=\"text-align: justify;\">Se viene observando en los \u00faltimos a\u00f1os el descenso\u00a0continuado de las aguas, que se puede evaluar en medio\u00a0metro de desnivel aproximadamente por a\u00f1o, quiz\u00e1\u00a0motivado por las extracciones incontroladas que se\u00a0realizan en las inmediaciones del acu\u00edfero subterr\u00e1neo\u00a0de car\u00e1cter termal.<\/p>\n<p><img data-recalc-dims=\"1\" loading=\"lazy\" decoding=\"async\" class=\"alignnone wp-image-79917 \" src=\"https:\/\/i0.wp.com\/miradordeatarfe.es\/wp-content\/uploads\/2025\/11\/Captura20251107132338.png?resize=640%2C332&#038;ssl=1\" alt=\"\" width=\"640\" height=\"332\" srcset=\"https:\/\/i0.wp.com\/miradordeatarfe.es\/wp-content\/uploads\/2025\/11\/Captura20251107132338.png?w=688&amp;ssl=1 688w, https:\/\/i0.wp.com\/miradordeatarfe.es\/wp-content\/uploads\/2025\/11\/Captura20251107132338.png?resize=300%2C156&amp;ssl=1 300w\" sizes=\"auto, (max-width: 640px) 100vw, 640px\" \/><\/p>\n<p>FOTO PORTADA: Entrada original a la Raja Santa (Foto, Museo de la Espeleologia)<\/p>\n<h3>Art\u00edculo editado por Corporaci\u00f3n de Medios de Andaluc\u00eda y el Ayuntamiento de Atarfe, coordinado por Jos\u00e9 Enrique Granados y tiene por nombre \u00abAtarfe en el papel\u00bb<\/h3>\n","protected":false},"excerpt":{"rendered":"<p>La sima de la Raja Santa, situada en el t\u00e9rmino municipal\u00a0de Atarfe (Granada), era conocida&#8230;<\/p>\n","protected":false},"author":1,"featured_media":79916,"comment_status":"closed","ping_status":"closed","sticky":false,"template":"","format":"standard","meta":{"_coblocks_attr":"","_coblocks_dimensions":"","_coblocks_responsive_height":"","_coblocks_accordion_ie_support":"","jetpack_post_was_ever_published":false,"_jetpack_newsletter_access":"","_jetpack_dont_email_post_to_subs":false,"_jetpack_newsletter_tier_id":0,"_jetpack_memberships_contains_paywalled_content":false,"_jetpack_memberships_contains_paid_content":false,"footnotes":"","jetpack_publicize_message":"","jetpack_publicize_feature_enabled":true,"jetpack_social_post_already_shared":true,"jetpack_social_options":{"image_generator_settings":{"template":"highway","default_image_id":0,"enabled":false},"version":2}},"categories":[1225,186,9,44],"tags":[],"class_list":["post-79913","post","type-post","status-publish","format-standard","has-post-thumbnail","hentry","category-ha-de-atarfe","category-instituciones","category-medio-ambiente","category-noticias-de-hoy"],"jetpack_publicize_connections":[],"jetpack_featured_media_url":"https:\/\/i0.wp.com\/miradordeatarfe.es\/wp-content\/uploads\/2025\/11\/Captura20251107133204.png?fit=311%2C396&ssl=1","jetpack_likes_enabled":true,"jetpack_sharing_enabled":true,"_links":{"self":[{"href":"https:\/\/miradordeatarfe.es\/index.php?rest_route=\/wp\/v2\/posts\/79913","targetHints":{"allow":["GET"]}}],"collection":[{"href":"https:\/\/miradordeatarfe.es\/index.php?rest_route=\/wp\/v2\/posts"}],"about":[{"href":"https:\/\/miradordeatarfe.es\/index.php?rest_route=\/wp\/v2\/types\/post"}],"author":[{"embeddable":true,"href":"https:\/\/miradordeatarfe.es\/index.php?rest_route=\/wp\/v2\/users\/1"}],"replies":[{"embeddable":true,"href":"https:\/\/miradordeatarfe.es\/index.php?rest_route=%2Fwp%2Fv2%2Fcomments&post=79913"}],"version-history":[{"count":5,"href":"https:\/\/miradordeatarfe.es\/index.php?rest_route=\/wp\/v2\/posts\/79913\/revisions"}],"predecessor-version":[{"id":79920,"href":"https:\/\/miradordeatarfe.es\/index.php?rest_route=\/wp\/v2\/posts\/79913\/revisions\/79920"}],"wp:featuredmedia":[{"embeddable":true,"href":"https:\/\/miradordeatarfe.es\/index.php?rest_route=\/wp\/v2\/media\/79916"}],"wp:attachment":[{"href":"https:\/\/miradordeatarfe.es\/index.php?rest_route=%2Fwp%2Fv2%2Fmedia&parent=79913"}],"wp:term":[{"taxonomy":"category","embeddable":true,"href":"https:\/\/miradordeatarfe.es\/index.php?rest_route=%2Fwp%2Fv2%2Fcategories&post=79913"},{"taxonomy":"post_tag","embeddable":true,"href":"https:\/\/miradordeatarfe.es\/index.php?rest_route=%2Fwp%2Fv2%2Ftags&post=79913"}],"curies":[{"name":"wp","href":"https:\/\/api.w.org\/{rel}","templated":true}]}}