{"id":79924,"date":"2025-11-07T11:00:53","date_gmt":"2025-11-07T10:00:53","guid":{"rendered":"https:\/\/miradordeatarfe.es\/?p=79924"},"modified":"2025-11-07T14:03:07","modified_gmt":"2025-11-07T13:03:07","slug":"atarfe-lo-va-a-flipar-este-8-de-noviembre","status":"publish","type":"post","link":"https:\/\/miradordeatarfe.es\/?p=79924","title":{"rendered":"\u00a1Atarfe lo va a flipar este 8 de Noviembre!"},"content":{"rendered":"<h3 style=\"text-align: justify;\">Prep\u00e1rate para una noche de leyendas en el Centro Cultural Medina Elvira<\/h3>\n<p style=\"text-align: justify;\">Tributo a ABBA by Abbatastic&#8230; y adem\u00e1s The New Band, rindiendo homenaje a los grandes \u00e9xitos de Paul McCartney, Pink Floyd, Toto, Eagles, Led Zeppelin\u2026<\/p>\n<p style=\"text-align: justify;\">\u00a1Vuelve la magia de la m\u00fasica disco a Atarfe (Granada) con el espectacular concierto tributo a ABBA y New Band by Abbatastic, presentado por Festival of Legends! Prep\u00e1rate para revivir los grandes \u00e9xitos del m\u00edtico grupo sueco en un espect\u00e1culo lleno de energ\u00eda, color y nostalgia. \u201cDancing Queen\u201d, \u201cMamma Mia\u201d, \u201cWaterloo\u201d, \u201cGimme! Gimme! Gimme!\u201d y muchos m\u00e1s cobrar\u00e1n vida en un show que combina una incre\u00edble puesta en escena con voces y m\u00fasicos de primer nivel. Con su vestuario original, luces deslumbrantes y una interpretaci\u00f3n fiel al sonido que marc\u00f3 a toda una generaci\u00f3n, Tributo ABBA y New Band by Abbatastic te har\u00e1 cantar, bailar y emocionarte como si estuvieras en los a\u00f1os 70. \u00a1Ven con tus amigos o familia y disfruta de una noche \u00fanica, divertida y llena de recuerdos imborrables! Festival of Legends \u2013 Atarfe, Granada. \u00a1La m\u00fasica de ABBA vive!<\/p>\n<p style=\"text-align: justify;\">La atenci\u00f3n de la banda a los detalles es impecable, con vestuario aut\u00e9ntico, coreograf\u00edas perfectas y armon\u00edas que te dar\u00e1n escalofr\u00edos.<\/p>\n<p style=\"text-align: justify;\">ABBAtastic garantiza que todos se pondr\u00e1n de pie y cantar\u00e1n. Sus actuaciones son una celebraci\u00f3n alegre de uno de los mejores grupos de pop de todos los tiempos<\/p>\n<h3 style=\"text-align: justify;\">&#8211; Hora: 21:30 h<br \/>\n&#8211; Centro Cultural Medina Elvira<\/h3>\n<p>Una noche \u00fanica para disfrutar de la mejor m\u00fasica en directo, en un ambiente inolvidable.<\/p>\n<p>\u00a1No te lo puedes perder!<\/p>\n<p><img data-recalc-dims=\"1\" loading=\"lazy\" decoding=\"async\" class=\"alignnone wp-image-79926 size-full\" src=\"https:\/\/i0.wp.com\/miradordeatarfe.es\/wp-content\/uploads\/2025\/11\/abba.jpg?resize=600%2C844&#038;ssl=1\" alt=\"\" width=\"600\" height=\"844\" srcset=\"https:\/\/i0.wp.com\/miradordeatarfe.es\/wp-content\/uploads\/2025\/11\/abba.jpg?w=600&amp;ssl=1 600w, https:\/\/i0.wp.com\/miradordeatarfe.es\/wp-content\/uploads\/2025\/11\/abba.jpg?resize=213%2C300&amp;ssl=1 213w\" sizes=\"auto, (max-width: 600px) 100vw, 600px\" \/><\/p>\n","protected":false},"excerpt":{"rendered":"<p>Prep\u00e1rate para una noche de leyendas en el Centro Cultural Medina Elvira Tributo a ABBA&#8230;<\/p>\n","protected":false},"author":1,"featured_media":79928,"comment_status":"closed","ping_status":"closed","sticky":false,"template":"","format":"standard","meta":{"_coblocks_attr":"","_coblocks_dimensions":"","_coblocks_responsive_height":"","_coblocks_accordion_ie_support":"","jetpack_post_was_ever_published":false,"_jetpack_newsletter_access":"","_jetpack_dont_email_post_to_subs":false,"_jetpack_newsletter_tier_id":0,"_jetpack_memberships_contains_paywalled_content":false,"_jetpack_memberships_contains_paid_content":false,"footnotes":"","jetpack_publicize_message":"","jetpack_publicize_feature_enabled":true,"jetpack_social_post_already_shared":true,"jetpack_social_options":{"image_generator_settings":{"template":"highway","default_image_id":0,"enabled":false},"version":2}},"categories":[1161,186,44],"tags":[],"class_list":["post-79924","post","type-post","status-publish","format-standard","has-post-thumbnail","hentry","category-ciudadania","category-instituciones","category-noticias-de-hoy"],"jetpack_publicize_connections":[],"jetpack_featured_media_url":"https:\/\/i0.wp.com\/miradordeatarfe.es\/wp-content\/uploads\/2025\/11\/abba1.jpg?fit=600%2C378&ssl=1","jetpack_likes_enabled":true,"jetpack_sharing_enabled":true,"_links":{"self":[{"href":"https:\/\/miradordeatarfe.es\/index.php?rest_route=\/wp\/v2\/posts\/79924","targetHints":{"allow":["GET"]}}],"collection":[{"href":"https:\/\/miradordeatarfe.es\/index.php?rest_route=\/wp\/v2\/posts"}],"about":[{"href":"https:\/\/miradordeatarfe.es\/index.php?rest_route=\/wp\/v2\/types\/post"}],"author":[{"embeddable":true,"href":"https:\/\/miradordeatarfe.es\/index.php?rest_route=\/wp\/v2\/users\/1"}],"replies":[{"embeddable":true,"href":"https:\/\/miradordeatarfe.es\/index.php?rest_route=%2Fwp%2Fv2%2Fcomments&post=79924"}],"version-history":[{"count":2,"href":"https:\/\/miradordeatarfe.es\/index.php?rest_route=\/wp\/v2\/posts\/79924\/revisions"}],"predecessor-version":[{"id":79927,"href":"https:\/\/miradordeatarfe.es\/index.php?rest_route=\/wp\/v2\/posts\/79924\/revisions\/79927"}],"wp:featuredmedia":[{"embeddable":true,"href":"https:\/\/miradordeatarfe.es\/index.php?rest_route=\/wp\/v2\/media\/79928"}],"wp:attachment":[{"href":"https:\/\/miradordeatarfe.es\/index.php?rest_route=%2Fwp%2Fv2%2Fmedia&parent=79924"}],"wp:term":[{"taxonomy":"category","embeddable":true,"href":"https:\/\/miradordeatarfe.es\/index.php?rest_route=%2Fwp%2Fv2%2Fcategories&post=79924"},{"taxonomy":"post_tag","embeddable":true,"href":"https:\/\/miradordeatarfe.es\/index.php?rest_route=%2Fwp%2Fv2%2Ftags&post=79924"}],"curies":[{"name":"wp","href":"https:\/\/api.w.org\/{rel}","templated":true}]}}