{"id":79945,"date":"2025-11-09T11:07:20","date_gmt":"2025-11-09T10:07:20","guid":{"rendered":"https:\/\/miradordeatarfe.es\/?p=79945"},"modified":"2025-11-08T14:25:40","modified_gmt":"2025-11-08T13:25:40","slug":"un-proyecto-novedoso-en-atarfe-los-premios-literarios-atalaya-por-antonio-lucena-aguilera","status":"publish","type":"post","link":"https:\/\/miradordeatarfe.es\/?p=79945","title":{"rendered":"\u00abUn proyecto novedoso en Atarfe: los premios literarios Atalaya\u00bb por Antonio Lucena Aguilera"},"content":{"rendered":"<h3>Los centros educativos de Atarfe, Colegios p\u00fablicos y\u00a0privados de educaci\u00f3n Primaria y Secundaria han sido\u00a0imprescindibles en el excelente desarrollo del proyecto,\u00a0aportando a los alumnos participantes y los miembros\u00a0del jurado.<\/h3>\n<p style=\"text-align: justify;\">Es frecuente que, en una clase de Primaria o Secundaria,\u00a0el profesor proponga a los alumnos hacer una redacci\u00f3n\u00a0con motivo de algunas efem\u00e9rides o simplemente como\u00a0ejercicio de expresi\u00f3n escrita.<\/p>\n<p style=\"text-align: justify;\">Es, tambi\u00e9n, frecuente que empresas convoquen\u00a0concursos de redacci\u00f3n y dibujo entre escolares con\u00a0la intenci\u00f3n de promocionar sus productos entre la\u00a0infancia y la juventud, incentivando la imaginaci\u00f3n de\u00a0ni\u00f1os y ni\u00f1as y realizando al mismo tiempo campa\u00f1as\u00a0propagand\u00edsticas intentando demostrar lo mucho que se\u00a0preocupan por desarrollar las inquietudes art\u00edsticas de\u00a0los ciudadanos m\u00e1s j\u00f3venes.<\/p>\n<p style=\"text-align: justify;\">Organismos p\u00fablicos: Junta de Andaluc\u00eda, Direcci\u00f3n\u00a0General de Tr\u00e1fico, etc., utilizan este recurso con el\u00a0\u00e1nimo de informar a los ciudadanos m\u00e1s j\u00f3venes,\u00a0y desde la Escuela, sobre fechas emblem\u00e1ticas,\u00a0campa\u00f1as de concienciaci\u00f3n, peligros de determinados\u00a0productos o actitudes, etc. Lo que ya no es tan\u00a0frecuente es ver convocatorias que se comprometan\u00a0a premiar los incipientes valores art\u00edsticos y literarios\u00a0de los ni\u00f1os de educaci\u00f3n primaria y secundaria con\u00a0el \u00e1nimo de publicar los textos seleccionados en un\u00a0libro para que su lectura sirva de \u00e1nimo a otros chicos\u00a0de su misma edad.<\/p>\n<p style=\"text-align: justify;\">Menos frecuente a\u00fan, que se convoque un Concurso\u00a0literario entre alumnos de primaria y secundaria desde\u00a0un centro escolar con la intenci\u00f3n de que los textos\u00a0editados sirvan como material de trabajo, libro de texto,\u00a0para los alumnos de ese centro y se invite a los dem\u00e1s\u00a0centros a que tambi\u00e9n lo adopten como un instrumento\u00a0de trabajo en su actividad escolar diaria.<\/p>\n<p style=\"text-align: justify;\">Esto es exactamente lo que ha hecho el colegio p\u00fablico.\u00a0\u00abAtalaya\u00bb al instituir desde el curso 95-96 los premios\u00a0Atalaya de Cuentos Infantiles, convocatoria para\u00a0alumnos y alumnas de educaci\u00f3n primaria de todos\u00a0los centros de Atarfe, de narrativa y poes\u00eda para todos\u00a0los alumnos y alumnas de los centros de secundaria de\u00a0Atarfe y todos los alumnos, que estudiando en centros\u00a0que no sean de la localidad, hayan nacido o residan en\u00a0Atarfe.<\/p>\n<p style=\"text-align: justify;\">Ya se public\u00f3 el primer libro de la colecci\u00f3n de\u00a0los Premios Atalaya, \u00abpremios Atalaya 96\u00bb. En \u00e9l est\u00e1n\u00a0recopilados todos los textos premiados el curso 95- Es un conjunto de narraciones muy interesantes,\u00a0sencillas, vivenciadas, y lo que es fundamental salidas\u00a0de la imaginaci\u00f3n y la pluma de alumnos y alumnas\u00a0de nuestras escuelas. Tiene tambi\u00e9n dos conjuntos de\u00a0poemas inquietantes, emotivos, sentidos.\u00a0En el Colegio P\u00fablico \u00abAtalaya\u00bb este libro ha sido texto\u00a0en 6\u00ba de Primaria y en 1\u00b0 de E.S.O. con la inestimable\u00a0colaboraci\u00f3n de los propios autores que han debatido\u00a0su narraci\u00f3n o poemas con sus compa\u00f1eros, buscando\u00a0significados de met\u00e1foras, intencionalidades, actitud\u00a0ante los personajes, vivencias expresadas, sentimientos\u00a0no manifestados en los textos y un largo etc.<\/p>\n<p style=\"text-align: justify;\">Este curso\u00a0ya se han entregado los premios \u00abAtalaya 97\u00bb, segunda\u00a0convocatoria de este concurso. Se est\u00e1 elaborando el\u00a0segundo libro de la colecci\u00f3n: \u00abPremios Atalaya 97\u00bb.<\/p>\n<p style=\"text-align: justify;\">Tambi\u00e9n servir\u00e1 como libro de lectura y trabajo en el\u00a0colegio convocante.\u00a0As\u00ed mismo se ha invitado a que los dem\u00e1s colegios lo\u00a0adopten por considerar que es id\u00f3neo para obtener unos\u00a0resultados educativos muy alentadores al ser textos de\u00a0los propios alumnos y con las expresiones comprendidas\u00a0e incluso usadas, con frecuencia, por ellos. Un nivel de\u00a0desarrollo literario que se puede ir comparando, para\u00a0poner en evidencia los contrastes, con los textos de los\u00a0grandes autores que nuestra literatura ha producido e\u00a0incluso con los editados en colecciones para la infancia\u00a0y la juventud por las distintas editoriales y que son de\u00a0autores especialistas en ese tipo de literatura.<\/p>\n<p style=\"text-align: justify;\">El contraste\u00a0puede ir forjando una inquietud y nivel de autoestima\u00a0entre los alumnos que pueden ser muy positivas.\u00a0En torno a la convocatoria, proceso y desenlace del\u00a0proyecto giran distintas actividades:<\/p>\n<p style=\"text-align: justify;\">1 Hay un concurso de carteles anunciadores de la\u00a0convocatoria entre los alumnos del Centro.<\/p>\n<p style=\"text-align: justify;\">2 Se invita a todos los alumnos a participar, en especial\u00a0a los propios alumnos del Centro. Esta actividad se\u00a0desarrolla, en especial, en el \u00e1rea de Lenguaje.<\/p>\n<p style=\"text-align: justify;\">3 En el Jurado, secreto hasta despu\u00e9s del veredicto,\u00a0participan profesores de todos los centros educativos\u00a0de Atarte.<\/p>\n<p style=\"text-align: justify;\">4 En el proceso de correcci\u00f3n de textos participan\u00a0los autores premiados con el profesor encargado de\u00a0elaborar el borrador que ir\u00e1 a imprenta.<\/p>\n<p style=\"text-align: justify;\">Este proyecto ha sido posible las dos convocatorias\u00a0gracias a la inestimable ayuda del Ayuntamiento de Atarfe, colaborando en todo momento, en especial la\u00a0concejala de educaci\u00f3n Do\u00f1a Asunci\u00f3n Fern\u00e1ndez y el\u00a0Se\u00f1or Alcalde Don V\u00edctor S\u00e1nchez. Han colaborado, la\u00a0Caja Rural de Granada con su, aportaci\u00f3n y apoyo y la\u00a0asociaci\u00f3n de madres y padres del centro \u00abLa Pizarra\u00bb\u00a0que, en todo momento, ha hecho suyo el proyecto. Es de\u00a0justicia mencionar la atenci\u00f3n informativa de TV. Atarfe\u00a0que ha divulgado la convocatoria de los dos a\u00f1os y ha\u00a0estado presente en todos los importantes actos que se\u00a0han celebrado: las entregas de premios y la presentaci\u00f3n\u00a0del libro \u00abPremios Atalaya 96\u00bb que estuvo presidida por\u00a0el Presidente del Consejo Escolar de Andaluc\u00eda D. Juan\u00a0Ruiz y el Delegado de Educaci\u00f3n y Ciencia de Granada.<\/p>\n<p style=\"text-align: justify;\">Los centros educativos de Atarfe, Colegios p\u00fablicos y\u00a0privados de educaci\u00f3n Primaria y Secundaria han sido\u00a0imprescindibles en el excelente desarrollo del proyecto,\u00a0aportando a los alumnos participantes y los miembros\u00a0del jurado.<\/p>\n<p style=\"text-align: justify;\"><strong>\u00bfQu\u00e9 valor tiene la iniciativa?<\/strong><\/p>\n<p style=\"text-align: justify;\">Es un proyecto con\u00a0intenci\u00f3n de perpetuarse, no es una actividad puntual. Puede convertirse en un trampol\u00edn educativo de primer\u00a0orden en el \u00e1mbito cultural de Atarfe. Debe ser un punto de referencia en la Escuela y fuera de ella. Y para que\u00a0obtenga unos resultados positivos debe ser un proyecto\u00a0conocido y querido por toda la poblaci\u00f3n atarfe\u00f1a, que\u00a0lo considere como algo suyo, novedoso y \u00fanico dentro\u00a0del panorama cultural de Andaluc\u00eda y por qu\u00e9 no decirlo\u00a0del panorama cultural espa\u00f1ol.<\/p>\n<p style=\"text-align: justify;\">Es de desear que el a\u00f1o que viene podamos seguir\u00a0hablando desde estas mismas p\u00e1ginas de los Premios\u00a0Atalaya.<\/p>\n<h3>Art\u00edculo editado por Corporaci\u00f3n de Medios de Andaluc\u00eda y el Ayuntamiento de Atarfe, coordinado por Jos\u00e9 Enrique Granados y tiene por nombre \u00abAtarfe en el papel\u00bb<\/h3>\n","protected":false},"excerpt":{"rendered":"<p>Los centros educativos de Atarfe, Colegios p\u00fablicos y\u00a0privados de educaci\u00f3n Primaria y Secundaria han sido\u00a0imprescindibles&#8230;<\/p>\n","protected":false},"author":1,"featured_media":79946,"comment_status":"closed","ping_status":"closed","sticky":false,"template":"","format":"standard","meta":{"_coblocks_attr":"","_coblocks_dimensions":"","_coblocks_responsive_height":"","_coblocks_accordion_ie_support":"","jetpack_post_was_ever_published":false,"_jetpack_newsletter_access":"","_jetpack_dont_email_post_to_subs":false,"_jetpack_newsletter_tier_id":0,"_jetpack_memberships_contains_paywalled_content":false,"_jetpack_memberships_contains_paid_content":false,"footnotes":"","jetpack_publicize_message":"","jetpack_publicize_feature_enabled":true,"jetpack_social_post_already_shared":true,"jetpack_social_options":{"image_generator_settings":{"template":"highway","default_image_id":0,"enabled":false},"version":2}},"categories":[187,1161,1225,186,44],"tags":[],"class_list":["post-79945","post","type-post","status-publish","format-standard","has-post-thumbnail","hentry","category-centros-educativos","category-ciudadania","category-ha-de-atarfe","category-instituciones","category-noticias-de-hoy"],"jetpack_publicize_connections":[],"jetpack_featured_media_url":"https:\/\/i0.wp.com\/miradordeatarfe.es\/wp-content\/uploads\/2025\/11\/Imagen-de-WhatsApp-2025-11-08-a-las-14.22.27_adbfc6d3.jpg?fit=1599%2C1025&ssl=1","jetpack_likes_enabled":true,"jetpack_sharing_enabled":true,"_links":{"self":[{"href":"https:\/\/miradordeatarfe.es\/index.php?rest_route=\/wp\/v2\/posts\/79945","targetHints":{"allow":["GET"]}}],"collection":[{"href":"https:\/\/miradordeatarfe.es\/index.php?rest_route=\/wp\/v2\/posts"}],"about":[{"href":"https:\/\/miradordeatarfe.es\/index.php?rest_route=\/wp\/v2\/types\/post"}],"author":[{"embeddable":true,"href":"https:\/\/miradordeatarfe.es\/index.php?rest_route=\/wp\/v2\/users\/1"}],"replies":[{"embeddable":true,"href":"https:\/\/miradordeatarfe.es\/index.php?rest_route=%2Fwp%2Fv2%2Fcomments&post=79945"}],"version-history":[{"count":3,"href":"https:\/\/miradordeatarfe.es\/index.php?rest_route=\/wp\/v2\/posts\/79945\/revisions"}],"predecessor-version":[{"id":79949,"href":"https:\/\/miradordeatarfe.es\/index.php?rest_route=\/wp\/v2\/posts\/79945\/revisions\/79949"}],"wp:featuredmedia":[{"embeddable":true,"href":"https:\/\/miradordeatarfe.es\/index.php?rest_route=\/wp\/v2\/media\/79946"}],"wp:attachment":[{"href":"https:\/\/miradordeatarfe.es\/index.php?rest_route=%2Fwp%2Fv2%2Fmedia&parent=79945"}],"wp:term":[{"taxonomy":"category","embeddable":true,"href":"https:\/\/miradordeatarfe.es\/index.php?rest_route=%2Fwp%2Fv2%2Fcategories&post=79945"},{"taxonomy":"post_tag","embeddable":true,"href":"https:\/\/miradordeatarfe.es\/index.php?rest_route=%2Fwp%2Fv2%2Ftags&post=79945"}],"curies":[{"name":"wp","href":"https:\/\/api.w.org\/{rel}","templated":true}]}}