{"id":79963,"date":"2025-11-10T10:27:41","date_gmt":"2025-11-10T09:27:41","guid":{"rendered":"https:\/\/miradordeatarfe.es\/?p=79963"},"modified":"2025-11-09T19:02:15","modified_gmt":"2025-11-09T18:02:15","slug":"granada-alza-la-voz-por-una-sanidad-100-publica-universal-y-de-calidad","status":"publish","type":"post","link":"https:\/\/miradordeatarfe.es\/?p=79963","title":{"rendered":"Granada alza la voz por una sanidad \u00ab100% p\u00fablica, universal y de calidad\u00bb"},"content":{"rendered":"<h2 class=\"intro\">Miles de personas han recorrido el centro de la capital para denunciar el \u00abdeterioro generalizado y planificado\u00bb del sistema sanitario<\/h2>\n<div class=\"iframe-wrapper\"><iframe loading=\"lazy\" src=\"https:\/\/www.youtube.com\/embed\/No3-vMU5ROM\" width=\"560\" height=\"315\" frameborder=\"0\" allowfullscreen=\"allowfullscreen\" data-mce-fragment=\"1\"><\/iframe><\/div>\n<p>La marea blanca ha salido a la calle este domingo en <strong>Granada <\/strong>para exigir una sanidad \u00abcien por cien p\u00fablica, universal, robusta y de calidad\u00bb.<\/p>\n<p>As\u00ed, unas 20.000 personas seg\u00fan han informado fuentes de la organizaci\u00f3n de la marcha, y 11.000 seg\u00fan la Polic\u00eda Nacional, han recorrido el centro de la ciudad bajo el lema \u00abLa Sanidad P\u00fablica est\u00e1 en tus manos\u00bb.<\/p>\n<p>Casi 60 colectivos han participado en esta manifestaci\u00f3n convocada en todas las capitales de provincia andaluzas por la <strong>Coordinadora Andaluza de Mareas Blancas<\/strong> y los sindicatos CCOO y UGT contra la \u00abgrave crisis, marcada por un deterioro generalizado y planificado\u00bb. En este sentido, han incidido en el \u00abesc\u00e1ndalo\u00bb de los cribados \u00abno es m\u00e1s que la punta del iceberg del deterioro de la sanidad p\u00fablica andaluza\u00bb y pone de manifiesto \u00abel fracaso de la pol\u00edtica sanitaria del Gobierno andaluz\u00bb.<\/p>\n<p>Entre c\u00e1nticos de apoyo a la sanidad y con cr\u00edticas a la gesti\u00f3n por parte de la Junta de Andaluc\u00eda, personas de todas las edades han marchado desde <strong>Triunfo <\/strong>hasta la <strong>Fuente de las Batallas.\u00a0<\/strong><\/p>\n<figure class=\"wp-block-image size-full\"><img data-recalc-dims=\"1\" loading=\"lazy\" decoding=\"async\" class=\"wp-image-298912\" src=\"https:\/\/i0.wp.com\/www.ahoragranada.com\/wp-content\/uploads\/2025\/11\/manifestacion-en-Granada-por-la-Sanidad-Publica-AC-22.jpg?resize=640%2C360&#038;ssl=1\" sizes=\"auto, (max-width: 969px) 100vw, 969px\" srcset=\"https:\/\/www.ahoragranada.com\/wp-content\/uploads\/2025\/11\/manifestacion-en-Granada-por-la-Sanidad-Publica-AC-22.jpg 969w, https:\/\/www.ahoragranada.com\/wp-content\/uploads\/2025\/11\/manifestacion-en-Granada-por-la-Sanidad-Publica-AC-22-746x420.jpg 746w, https:\/\/www.ahoragranada.com\/wp-content\/uploads\/2025\/11\/manifestacion-en-Granada-por-la-Sanidad-Publica-AC-22-370x207.jpg 370w\" alt=\"\" width=\"640\" height=\"360\" \/><figcaption class=\"wp-element-caption\">Miles de personas han salido a la calle este domingo para reclamar una sanidad p\u00fablica de calidad. Foto: \u00c1lex C\u00e1mara<\/figcaption><\/figure>\n<p>Desde la <strong>Mesa en Defensa de la Sanidad P\u00fablica de Granada<\/strong> y los sindicatos participantes han criticado que del total del presupuesto p\u00fablico dedicado a Sanidad, el porcentaje de financiaci\u00f3n que acaba en el sector privado \u00abha aumentado aproximadamente un 60% en los \u00faltimos seis a\u00f1os\u00bb.<\/p>\n<p>\u00abEste dato procede en gran parte del dinero dedicado a conciertos con cl\u00ednicas privadas, pagando a sobrecostes procedimientos que se pueden hacer en nuestros hospitales p\u00fablicos, si lo dotaran del personal y medios adecuados. Por otro lado, el gran porcentaje que acaba en manos privadas tambi\u00e9n se debe al aumento de gasto en farmacia, estimado en un 70%, tras la decisi\u00f3n del Gobierno auton\u00f3mico de acabar con el sistema de subastas de medicamentos. Estos inmensos sobrecostes representan b\u00e1sicamente dinero que sale del bolsillo de los andaluces para engrosar las cuentas de empresas privadas\u00bb, han explicado.<\/p>\n<p>Por otro lado, han se\u00f1alado que los profesionales de la sanidad p\u00fablica son sometidos \u00aba maltrato continuo\u00bb. \u00abPlantillas insuficientes, precarizaci\u00f3n creciente, gesti\u00f3n lamentable de las bolsas de trabajo, que generan sufrimiento y \u00e9xodo de profesionales, para que despu\u00e9s<br \/>\nnuevamente se excusen en que no hay personal para contratar\u00bb, han detallado.<\/p>\n<p>Igualmente, desde la organizaci\u00f3n han recalcado que la Atenci\u00f3n Primaria, pilar b\u00e1sico del sistema sanitario, \u00abest\u00e1 infradotada y mal gestionada\u00bb. \u00abLas citas para el m\u00e9dico de familia tardan de media m\u00e1s de diez d\u00edas y hay adem\u00e1s un aumento insoportable de la poblaci\u00f3n infantil sin pediatra de Atenci\u00f3n Primaria asignado. Las listas de espera para consulta con especialistas hospitalarios y para procedimientos diagn\u00f3sticos y cirug\u00edas siguen siendo inasumibles\u00bb, han a\u00f1adido.<\/p>\n<p>Es por ello que han lamentado que, ante estos hechos, \u00abla \u00fanica respuesta del Gobierno andaluz hayan sido los ceses de consejeras y planes de choque que nacen fracasados\u00bb. \u00abNo tienen soluciones porque el problema es su plan: crear una sanidad para ricos y otra pobre para el resto\u00bb, han remarcado.<\/p>\n<p><img data-recalc-dims=\"1\" loading=\"lazy\" decoding=\"async\" class=\"alignnone wp-image-79965 size-full\" src=\"https:\/\/i0.wp.com\/miradordeatarfe.es\/wp-content\/uploads\/2025\/11\/Screenshot-2025-11-09-at-18-59-23-Granada-alza-la-voz-por-una-sanidad-100-publica-universal-y-de-calidad-Ahora-Granada.png?resize=640%2C361&#038;ssl=1\" alt=\"\" width=\"640\" height=\"361\" srcset=\"https:\/\/i0.wp.com\/miradordeatarfe.es\/wp-content\/uploads\/2025\/11\/Screenshot-2025-11-09-at-18-59-23-Granada-alza-la-voz-por-una-sanidad-100-publica-universal-y-de-calidad-Ahora-Granada.png?w=940&amp;ssl=1 940w, https:\/\/i0.wp.com\/miradordeatarfe.es\/wp-content\/uploads\/2025\/11\/Screenshot-2025-11-09-at-18-59-23-Granada-alza-la-voz-por-una-sanidad-100-publica-universal-y-de-calidad-Ahora-Granada.png?resize=300%2C169&amp;ssl=1 300w, https:\/\/i0.wp.com\/miradordeatarfe.es\/wp-content\/uploads\/2025\/11\/Screenshot-2025-11-09-at-18-59-23-Granada-alza-la-voz-por-una-sanidad-100-publica-universal-y-de-calidad-Ahora-Granada.png?resize=768%2C433&amp;ssl=1 768w\" sizes=\"auto, (max-width: 640px) 100vw, 640px\" \/><\/p>\n<h4 class=\"section-title\"><img data-recalc-dims=\"1\" loading=\"lazy\" decoding=\"async\" class=\"alignnone wp-image-79964 size-full\" src=\"https:\/\/i0.wp.com\/miradordeatarfe.es\/wp-content\/uploads\/2025\/11\/Screenshot-2025-11-09-at-18-59-53-Granada-alza-la-voz-por-una-sanidad-100-publica-universal-y-de-calidad-Ahora-Granada.png?resize=640%2C453&#038;ssl=1\" alt=\"\" width=\"640\" height=\"453\" srcset=\"https:\/\/i0.wp.com\/miradordeatarfe.es\/wp-content\/uploads\/2025\/11\/Screenshot-2025-11-09-at-18-59-53-Granada-alza-la-voz-por-una-sanidad-100-publica-universal-y-de-calidad-Ahora-Granada.png?w=933&amp;ssl=1 933w, https:\/\/i0.wp.com\/miradordeatarfe.es\/wp-content\/uploads\/2025\/11\/Screenshot-2025-11-09-at-18-59-53-Granada-alza-la-voz-por-una-sanidad-100-publica-universal-y-de-calidad-Ahora-Granada.png?resize=300%2C212&amp;ssl=1 300w, https:\/\/i0.wp.com\/miradordeatarfe.es\/wp-content\/uploads\/2025\/11\/Screenshot-2025-11-09-at-18-59-53-Granada-alza-la-voz-por-una-sanidad-100-publica-universal-y-de-calidad-Ahora-Granada.png?resize=768%2C543&amp;ssl=1 768w\" sizes=\"auto, (max-width: 640px) 100vw, 640px\" \/><\/h4>\n<div class=\"fw gallery\">\u00a0<\/div>\n","protected":false},"excerpt":{"rendered":"<p>Miles de personas han recorrido el centro de la capital para denunciar el \u00abdeterioro generalizado&#8230;<\/p>\n","protected":false},"author":1,"featured_media":79966,"comment_status":"closed","ping_status":"closed","sticky":false,"template":"","format":"standard","meta":{"_coblocks_attr":"","_coblocks_dimensions":"","_coblocks_responsive_height":"","_coblocks_accordion_ie_support":"","jetpack_post_was_ever_published":false,"_jetpack_newsletter_access":"","_jetpack_dont_email_post_to_subs":false,"_jetpack_newsletter_tier_id":0,"_jetpack_memberships_contains_paywalled_content":false,"_jetpack_memberships_contains_paid_content":false,"footnotes":"","jetpack_publicize_message":"","jetpack_publicize_feature_enabled":true,"jetpack_social_post_already_shared":true,"jetpack_social_options":{"image_generator_settings":{"template":"highway","default_image_id":0,"enabled":false},"version":2}},"categories":[1161,186,44,10805,10],"tags":[],"class_list":["post-79963","post","type-post","status-publish","format-standard","has-post-thumbnail","hentry","category-ciudadania","category-instituciones","category-noticias-de-hoy","category-plataforma-por-la-sanidad-de-atarfe","category-salud"],"jetpack_publicize_connections":[],"jetpack_featured_media_url":"https:\/\/i0.wp.com\/miradordeatarfe.es\/wp-content\/uploads\/2025\/11\/manifestacion-en-Granada-por-la-Sanidad-Publica-AC-23.jpg?fit=969%2C545&ssl=1","jetpack_likes_enabled":true,"jetpack_sharing_enabled":true,"_links":{"self":[{"href":"https:\/\/miradordeatarfe.es\/index.php?rest_route=\/wp\/v2\/posts\/79963","targetHints":{"allow":["GET"]}}],"collection":[{"href":"https:\/\/miradordeatarfe.es\/index.php?rest_route=\/wp\/v2\/posts"}],"about":[{"href":"https:\/\/miradordeatarfe.es\/index.php?rest_route=\/wp\/v2\/types\/post"}],"author":[{"embeddable":true,"href":"https:\/\/miradordeatarfe.es\/index.php?rest_route=\/wp\/v2\/users\/1"}],"replies":[{"embeddable":true,"href":"https:\/\/miradordeatarfe.es\/index.php?rest_route=%2Fwp%2Fv2%2Fcomments&post=79963"}],"version-history":[{"count":1,"href":"https:\/\/miradordeatarfe.es\/index.php?rest_route=\/wp\/v2\/posts\/79963\/revisions"}],"predecessor-version":[{"id":79967,"href":"https:\/\/miradordeatarfe.es\/index.php?rest_route=\/wp\/v2\/posts\/79963\/revisions\/79967"}],"wp:featuredmedia":[{"embeddable":true,"href":"https:\/\/miradordeatarfe.es\/index.php?rest_route=\/wp\/v2\/media\/79966"}],"wp:attachment":[{"href":"https:\/\/miradordeatarfe.es\/index.php?rest_route=%2Fwp%2Fv2%2Fmedia&parent=79963"}],"wp:term":[{"taxonomy":"category","embeddable":true,"href":"https:\/\/miradordeatarfe.es\/index.php?rest_route=%2Fwp%2Fv2%2Fcategories&post=79963"},{"taxonomy":"post_tag","embeddable":true,"href":"https:\/\/miradordeatarfe.es\/index.php?rest_route=%2Fwp%2Fv2%2Ftags&post=79963"}],"curies":[{"name":"wp","href":"https:\/\/api.w.org\/{rel}","templated":true}]}}