{"id":79974,"date":"2025-11-14T09:30:28","date_gmt":"2025-11-14T08:30:28","guid":{"rendered":"https:\/\/miradordeatarfe.es\/?p=79974"},"modified":"2025-11-14T11:43:20","modified_gmt":"2025-11-14T10:43:20","slug":"a-las-viejas-monarquias-europeas-les-cuesta-esconder-sus-nuevos-escandalos","status":"publish","type":"post","link":"https:\/\/miradordeatarfe.es\/?p=79974","title":{"rendered":"A las viejas monarqu\u00edas europeas les cuesta esconder sus nuevos esc\u00e1ndalos"},"content":{"rendered":"<h3 class=\"a_t\" style=\"text-align: justify;\">Abusos, hijos secretos, viajes de lujo y l\u00edos de alcoba: a las viejas monarqu\u00edas europeas les cuesta esconder sus nuevos esc\u00e1ndalos.Las casas reales no pasan por su mejor momento.<\/h3>\n<p style=\"text-align: justify;\">Diferentes pol\u00e9micas salpican a las de Espa\u00f1a, el Reino Unido, B\u00e9lgica, Holanda, Noruega y Dinamarca. Los medios ya no callan y la opini\u00f3n p\u00fablica es m\u00e1s severa.<\/p>\n<div class=\"a_c clearfix\" data-dtm-region=\"articulo_cuerpo\">\n<p class=\"\" style=\"text-align: justify;\">Cuando la justicia francesa acus\u00f3 al <a title=\"https:\/\/elpais.com\/gente\/2023-02-25\/historias-queer-en-palacio-de-pablo-de-grecia-abuelo-de-felipe-vi-al-infante-luis-fernando-primo-de-alfonso-xiii.html\" href=\"https:\/\/elpais.com\/gente\/2023-02-25\/historias-queer-en-palacio-de-pablo-de-grecia-abuelo-de-felipe-vi-al-infante-luis-fernando-primo-de-alfonso-xiii.html\" target=\"_self\" rel=\"\" data-link-track-dtm=\"\" data-mrf-link=\"https:\/\/elpais.com\/gente\/2023-02-25\/historias-queer-en-palacio-de-pablo-de-grecia-abuelo-de-felipe-vi-al-infante-luis-fernando-primo-de-alfonso-xiii.html\">infante Luis Fernando de Orleans y Borb\u00f3n<\/a> de tr\u00e1fico de drogas, Alfonso XIII movi\u00f3 r\u00e1pidamente sus hilos para que el esc\u00e1ndalo protagonizado por su primo pasara lo m\u00e1s inadvertido posible. Corr\u00eda el a\u00f1o 1924, la dictadura de <a title=\"https:\/\/elpais.com\/babelia\/2023-01-27\/primo-de-rivera-el-inventor-del-populismo-de-derechas.html\" href=\"https:\/\/elpais.com\/babelia\/2023-01-27\/primo-de-rivera-el-inventor-del-populismo-de-derechas.html\" target=\"_self\" rel=\"\" data-link-track-dtm=\"\" data-mrf-link=\"https:\/\/elpais.com\/babelia\/2023-01-27\/primo-de-rivera-el-inventor-del-populismo-de-derechas.html\">Primo de Rivera<\/a> apenas estaba comenzando, y el rey consigui\u00f3 silenciar el asunto presionando a la prensa y haciendo desaparecer a su inc\u00f3modo pariente. Luis Fernando, despojado de sus t\u00edtulos y condenado al destierro, falleci\u00f3 en Par\u00eds en 1945, sumido en la pobreza y olvidado por el pueblo espa\u00f1ol. Ochenta a\u00f1os despu\u00e9s de la muerte del infante, la Corona ya no tiene tan f\u00e1cil esconder sus pol\u00e9micas bajo las alfombras de palacio.<\/p>\n<p class=\"\" style=\"text-align: justify;\"><a title=\"https:\/\/elpais.com\/espana\/2025-11-03\/juan-carlos-i-la-instruccion-de-felipe-como-rey-comenzo-la-noche-del-23-f.html\" href=\"https:\/\/elpais.com\/espana\/2025-11-03\/juan-carlos-i-la-instruccion-de-felipe-como-rey-comenzo-la-noche-del-23-f.html\" target=\"_self\" rel=\"\" data-link-track-dtm=\"\" data-mrf-link=\"https:\/\/elpais.com\/espana\/2025-11-03\/juan-carlos-i-la-instruccion-de-felipe-como-rey-comenzo-la-noche-del-23-f.html\">Juan Carlos I<\/a>, nieto de Alfonso XIII, acaba de <a title=\"https:\/\/elpais.com\/espana\/2025-11-05\/las-memorias-del-emerito-irrumpen-en-plenos-preparativos-del-50-aniversario-de-la-monarquia.html\" href=\"https:\/\/elpais.com\/espana\/2025-11-05\/las-memorias-del-emerito-irrumpen-en-plenos-preparativos-del-50-aniversario-de-la-monarquia.html\" target=\"_self\" rel=\"\" data-link-track-dtm=\"\" data-mrf-link=\"https:\/\/elpais.com\/espana\/2025-11-05\/las-memorias-del-emerito-irrumpen-en-plenos-preparativos-del-50-aniversario-de-la-monarquia.html\">publicar sus memorias en Francia<\/a> con la intenci\u00f3n de, seg\u00fan sus palabras, reconciliarse con su pasado, su familia y Espa\u00f1a. Pero <i>Reconciliaci\u00f3n<\/i>, que llegar\u00e1 a las librer\u00edas espa\u00f1olas en diciembre, no ha hecho m\u00e1s que reabrir viejas heridas. Las televisiones, los peri\u00f3dicos y digitales, las revistas y los <i>streamers<\/i> de las redes sociales especializados en monarqu\u00eda llevan d\u00edas diseccionando sin tapujos las cuestiones m\u00e1s espinosas del libro: el v\u00ednculo casi paternofilial que tuvo el monarca con Franco y su connivencia con la dictadura; su papel en el 23-F; <a title=\"https:\/\/elpais.com\/espana\/2025-11-07\/los-regalos-millonarios-que-el-rey-emerito-no-explica-en-sus-memorias.html\" href=\"https:\/\/elpais.com\/espana\/2025-11-07\/los-regalos-millonarios-que-el-rey-emerito-no-explica-en-sus-memorias.html\" target=\"_self\" rel=\"\" data-link-track-dtm=\"\" data-mrf-link=\"https:\/\/elpais.com\/espana\/2025-11-07\/los-regalos-millonarios-que-el-rey-emerito-no-explica-en-sus-memorias.html\">su fortuna y sus finanzas opacas<\/a>; sus relaciones extramatrimoniales; y hasta sus diferencias personales con Felipe VI y la reina Letizia.<\/p>\n<p class=\"\" style=\"text-align: justify;\">La <i>omert\u00e0<\/i> de la que disfrut\u00f3 el rey Juan Carlos es cosa del pasado. Ese pacto de silencio empez\u00f3 a resquebrajarse en el verano de 1992, cuando el presidente Felipe Gonz\u00e1lez se vio obligado a revelar que no pod\u00eda nombrar a un ministro porque el Rey no se encontraba en Espa\u00f1a. Una simple frase \u2014\u201cel Rey no est\u00e1\u201d\u2014 provoc\u00f3 la primera fisura del gran tab\u00fa de la Transici\u00f3n: el fin del silencio sobre la vida privada del\u202fjefe del Estado.<b> <\/b><\/p>\n<p class=\"\" style=\"text-align: justify;\">En medio de aquel revuelo, <a title=\"https:\/\/elpais.com\/diario\/1992\/06\/19\/espana\/708904813_850215.html\" href=\"https:\/\/elpais.com\/diario\/1992\/06\/19\/espana\/708904813_850215.html\" target=\"_self\" rel=\"\" data-link-track-dtm=\"\" data-mrf-link=\"https:\/\/elpais.com\/diario\/1992\/06\/19\/espana\/708904813_850215.html\">EL PA\u00cdS public\u00f3 que el Rey estaba en Suiza<\/a> someti\u00e9ndose a \u201cun chequeo rutinario\u201d. Juan Carlos I tuvo que regresar a Madrid para <a title=\"https:\/\/elpais.com\/diario\/1992\/06\/20\/espana\/708991206_850215.html\" href=\"https:\/\/elpais.com\/diario\/1992\/06\/20\/espana\/708991206_850215.html\" target=\"_self\" rel=\"\" data-link-track-dtm=\"\" data-mrf-link=\"https:\/\/elpais.com\/diario\/1992\/06\/20\/espana\/708991206_850215.html\">despachar con el presidente,<\/a> pero no logr\u00f3 acallar los rumores sobre la verdadera naturaleza de su ausencia. En un tono sin precedentes, la prensa de la \u00e9poca habl\u00f3 sin rodeos de su amistad con una conocida dama de la sociedad mallorquina y se\u00f1al\u00f3 esa relaci\u00f3n como el motivo de sus viajes secretos al extranjero. Veinte a\u00f1os despu\u00e9s, en 2012, otro viaje secreto, a Botsuana, y otro <i>affaire<\/i>, con <a title=\"https:\/\/elpais.com\/espana\/2025-04-09\/juan-carlos-i-presenta-una-demanda-contra-corinna-larsen-por-fraude-y-delitos-contra-el-honor.html\" href=\"https:\/\/elpais.com\/espana\/2025-04-09\/juan-carlos-i-presenta-una-demanda-contra-corinna-larsen-por-fraude-y-delitos-contra-el-honor.html\" target=\"_self\" rel=\"\" data-link-track-dtm=\"\" data-mrf-link=\"https:\/\/elpais.com\/espana\/2025-04-09\/juan-carlos-i-presenta-una-demanda-contra-corinna-larsen-por-fraude-y-delitos-contra-el-honor.html\">Corinna Larsen<\/a>, terminaron de rasgar el gran tab\u00fa que para la prensa hab\u00eda sido la figura intocable del monarca.<\/p>\n<p class=\"\" style=\"text-align: justify;\">\u201cEn el caso de Espa\u00f1a hubo un pacto de silencio t\u00e1cito durante muchos a\u00f1os. Eran los directores de los grandes medios de comunicaci\u00f3n los que dec\u00edan a sus redactores: \u2018Ojo con lo que escribes sobre la familia real. No queremos problemas\u2019. Era una instituci\u00f3n que se acababa de recuperar y hab\u00eda que ser cuidadosos con ellos\u201d, reconoce Carmen Enr\u00edquez, que fue periodista de TVE durante 37 a\u00f1os y corresponsal real para la cadena p\u00fablica desde 1990 hasta 2007.<\/p>\n<p class=\"\" style=\"text-align: justify;\">Seg\u00fan Enr\u00edquez, los medios y las redes sociales han contribuido mucho a la actual liberalizaci\u00f3n o apertura. \u201cAntes hab\u00eda mucha mayor opacidad, trascend\u00edan muchas menos cosas. La familia real estaba sobreprotegida. Ahora los medios y todas las instituciones est\u00e1n muy pendientes de lo que se dice en las redes y eso influye en que se vaya un poquito m\u00e1s lejos a la hora de informar. Es como si hubiera entrado la luz, a veces en contra de los intereses y la imagen de la familia real\u201d, a\u00f1ade.<\/p>\n<figure class=\"a_m a_m-h \" style=\"text-align: justify;\"><span class=\"_db a_m_w\"><img data-recalc-dims=\"1\" loading=\"lazy\" decoding=\"async\" class=\"_re lazyload a_m-h alignleft\" src=\"https:\/\/i0.wp.com\/imagenes.elpais.com\/resizer\/v2\/K4M244VN4ZIKFFRRNE5SVHE22E.jpg?resize=414%2C276&#038;ssl=1\" sizes=\"auto, (min-width:1199px) 1155px,(min-width:1001px) calc(100vw - 44px),(min-width:768px) 767px, 100vw\" srcset=\"https:\/\/imagenes.elpais.com\/resizer\/v2\/K4M244VN4ZIKFFRRNE5SVHE22E.jpg?auth=edb504d92d76fdba9edc860b54aac729a794fae5f8710ced934098e26e11cbd7&amp;width=414 414w,https:\/\/imagenes.elpais.com\/resizer\/v2\/K4M244VN4ZIKFFRRNE5SVHE22E.jpg?auth=edb504d92d76fdba9edc860b54aac729a794fae5f8710ced934098e26e11cbd7&amp;width=828 640w,https:\/\/imagenes.elpais.com\/resizer\/v2\/K4M244VN4ZIKFFRRNE5SVHE22E.jpg?auth=edb504d92d76fdba9edc860b54aac729a794fae5f8710ced934098e26e11cbd7&amp;width=980 1000w,https:\/\/imagenes.elpais.com\/resizer\/v2\/K4M244VN4ZIKFFRRNE5SVHE22E.jpg?auth=edb504d92d76fdba9edc860b54aac729a794fae5f8710ced934098e26e11cbd7&amp;width=1960 1960w\" width=\"414\" height=\"276\" \/><\/span><figcaption class=\"a_m_p\" aria-hidden=\"true\"><span style=\"font-size: 10pt;\">Juan Carlos I y Fidel Castro durante el encuentro que mantuvieron en Guadalajara (M\u00e9xico), en 1991.<span class=\"a_m_m\">Manuel H. de Le\u00f3n (EFE)<\/span><\/span><\/figcaption><\/figure>\n<p class=\"\" style=\"text-align: justify;\">Jos\u00e9 Antonio Zarzalejos, que fue director del diario mon\u00e1rquico <i>Abc<\/i> desde 1999 hasta 2004 y desde 2005 hasta 2008, coincide con Enr\u00edquez. \u201cCon las nuevas tecnolog\u00edas, los medios de comunicaci\u00f3n tradicionales han perdido la exclusividad de la intermediaci\u00f3n. Es un cambio de paradigma de la informaci\u00f3n, de la comunicaci\u00f3n, de la transparencia en todas las sociedades. Y eso afecta muy seriamente a las monarqu\u00edas, una instituci\u00f3n que es contramayoritaria y por necesidad opaca\u201d, apunta el periodista. \u201cLa monarqu\u00eda tiene que mantener siempre una distancia lit\u00fargica para conservar su magia y eso choca con las exigencias actuales de informaci\u00f3n y transparencia. Este choque constata la extensa dificultad que tienen las monarqu\u00edas, instituciones no electivas, de ser explicadas en los contextos democr\u00e1ticos\u201d.<\/p>\n<h3 class=\"\" style=\"text-align: justify;\">Acusaciones de abusos<\/h3>\n<p class=\"\" style=\"text-align: justify;\">La Corona espa\u00f1ola no es la \u00fanica sacudida por un libro. La reciente publicaci\u00f3n de las <a title=\"https:\/\/elpais.com\/gente\/2025-08-30\/un-nuevo-libro-vuelve-a-colocar-al-principe-andres-en-el-ojo-del-huracan-y-en-breve-se-sumaran-las-memorias-postumas-de-virginia-giuffre.html\" href=\"https:\/\/elpais.com\/gente\/2025-08-30\/un-nuevo-libro-vuelve-a-colocar-al-principe-andres-en-el-ojo-del-huracan-y-en-breve-se-sumaran-las-memorias-postumas-de-virginia-giuffre.html\" target=\"_self\" rel=\"\" data-link-track-dtm=\"\" data-mrf-link=\"https:\/\/elpais.com\/gente\/2025-08-30\/un-nuevo-libro-vuelve-a-colocar-al-principe-andres-en-el-ojo-del-huracan-y-en-breve-se-sumaran-las-memorias-postumas-de-virginia-giuffre.html\">memorias p\u00f3stumas de Virginia Giuffre<\/a> en el Reino Unido han puesto en aprietos al rey Carlos III. Las revelaciones de Giuffre en <i>Nobody\u2019s Girl<\/i>\u202f(La chica de nadie), libro en el que <a title=\"https:\/\/elpais.com\/internacional\/2021-08-09\/una-victima-de-epstein-demanda-al-principe-andres-de-inglaterra-por-agresion-sexual.html\" href=\"https:\/\/elpais.com\/internacional\/2021-08-09\/una-victima-de-epstein-demanda-al-principe-andres-de-inglaterra-por-agresion-sexual.html\" target=\"_self\" rel=\"\" data-link-track-dtm=\"\" data-mrf-link=\"https:\/\/elpais.com\/internacional\/2021-08-09\/una-victima-de-epstein-demanda-al-principe-andres-de-inglaterra-por-agresion-sexual.html\">acusa al pr\u00edncipe Andr\u00e9s de abusos sexuales<\/a> y lo implica en la red de trata del magnate estadounidense <a title=\"https:\/\/elpais.com\/internacional\/2024-01-07\/jeffrey-epstein-la-historia-de-abusos-verdades-mentiras-y-bulos-que-internet-arropo.html\" href=\"https:\/\/elpais.com\/internacional\/2024-01-07\/jeffrey-epstein-la-historia-de-abusos-verdades-mentiras-y-bulos-que-internet-arropo.html\" target=\"_self\" rel=\"\" data-link-track-dtm=\"\" data-mrf-link=\"https:\/\/elpais.com\/internacional\/2024-01-07\/jeffrey-epstein-la-historia-de-abusos-verdades-mentiras-y-bulos-que-internet-arropo.html\">Jeffrey Epstein<\/a>, han forzado al monarca brit\u00e1nico a fulminar a su hermano, retir\u00e1ndole sus t\u00edtulos y honores, apart\u00e1ndolo de la familia real y ech\u00e1ndolo de los dominios de Windsor.<\/p>\n<p class=\"\" style=\"text-align: justify;\">\u201cHay una ley darwiniana en las casas reales para mantenerse: se aparta a aquellos que ponen en riesgo a la instituci\u00f3n. Es el caso del hermano de Carlos III. Es el caso de la reina Juliana de los Pa\u00edses Bajos cuando su marido, el pr\u00edncipe Bernardo, fue acusado de cobrar comisiones. Es el caso del rey Eduardo VIII. Esto es muy antiguo. Fernando VII no dej\u00f3 que su padre, Carlos IV, muriera en Espa\u00f1a. Alfonso XIII no dej\u00f3 a su abuela, Isabel II, morir en Espa\u00f1a\u201d, explica Zarzalejos. \u201cPero esa ley, antes silenciosa, ahora se hace m\u00e1s dificultosa por la transparencia. Este cambio de est\u00e1ndar obliga a restringir el n\u00famero de miembros de las familias reales. Ya no pueden ser muy extensas. En eso Felipe VI ha sido muy perspicaz, limitando a la familia real a seis miembros\u201d.<\/p>\n<p class=\"\" style=\"text-align: justify;\">La decisi\u00f3n del rey Carlos intenta contener los da\u00f1os provocados por su hermano, pero el destierro virtual de <a title=\"https:\/\/elpais.com\/internacional\/2025-10-31\/las-cuentas-pendientes-de-andres-mountbatten-windsor-la-decision-de-carlos-iii-no-acaba-con-el-problema.html\" href=\"https:\/\/elpais.com\/internacional\/2025-10-31\/las-cuentas-pendientes-de-andres-mountbatten-windsor-la-decision-de-carlos-iii-no-acaba-con-el-problema.html\" target=\"_self\" rel=\"\" data-link-track-dtm=\"\" data-mrf-link=\"https:\/\/elpais.com\/internacional\/2025-10-31\/las-cuentas-pendientes-de-andres-mountbatten-windsor-la-decision-de-carlos-iii-no-acaba-con-el-problema.html\">Andr\u00e9s Mountbatten Windsor<\/a> no ha hecho m\u00e1s que plantear nuevas inc\u00f3gnitas. \u00bfPor qu\u00e9 el expr\u00edncipe sigue figurando en la l\u00ednea de sucesi\u00f3n al trono? \u00bfSe ir\u00e1 a vivir a Sandringham, propiedad privada del monarca brit\u00e1nico, como se\u00f1alan algunos medios? \u00bfAhora qui\u00e9n lo va a mantener? Seg\u00fan public\u00f3 <i>The Guardian<\/i> hace unos d\u00edas, el exduque de York podr\u00eda recibir una asignaci\u00f3n anual destinada a evitar que termine como su sobrino, el pr\u00edncipe Enrique, aireando en la prensa su nueva vida como plebeyo. El peri\u00f3dico progresista apunta a que esta renta vitalicia ser\u00e1 pagada con fondos privados de Carlos III y que ser\u00e1 varias veces superior a la pensi\u00f3n anual de 20.000 libras (unos 22.000 euros) que Mountbatten recibe de la Marina.<\/p>\n<p class=\"\" style=\"text-align: justify;\">En 1990, Balduino I de B\u00e9lgica abdic\u00f3 durante 36 horas para no tener que firmar la ley del aborto de su pa\u00eds. El monarca, un ferviente cat\u00f3lico, aleg\u00f3 objeci\u00f3n de conciencia. Hoy, los belgas no son tan condescendientes con los caprichos de sus reyes. En octubre de 2020, la justicia de ese pa\u00eds reconoci\u00f3 a Delphine Bo\u00ebl, de 52 a\u00f1os, como hija leg\u00edtima de Alberto II. De la noche a la ma\u00f1ana, el actual rey, Felipe, hijo de Alberto y sobrino de Balduino, tuvo que abrir las puertas de palacio a una nueva hermana y darle el t\u00edtulo de princesa. A pesar de ser miembro con pleno derecho de la Casa Real, en 2023 Bo\u00ebl present\u00f3 una queja ante el primer ministro del pa\u00eds por no recibir el mismo trato que sus hermanos, al ser excluida de los eventos oficiales de la familia real.<\/p>\n<figure class=\"a_m a_m-h \" style=\"text-align: justify;\"><span class=\"_db a_m_w _pr lb_btn\"><img data-recalc-dims=\"1\" loading=\"lazy\" decoding=\"async\" class=\"_re lazyload a_m-h alignright\" src=\"https:\/\/i0.wp.com\/imagenes.elpais.com\/resizer\/v2\/AOA6LQ65NZD67G3KBQSLQ355UQ.jpg?resize=414%2C279&#038;ssl=1\" sizes=\"auto, (min-width:1199px) 1155px,(min-width:1001px) calc(100vw - 44px),(min-width:768px) 767px, 100vw\" srcset=\"https:\/\/imagenes.elpais.com\/resizer\/v2\/AOA6LQ65NZD67G3KBQSLQ355UQ.jpg?auth=348c495cd9bafda9a888315a5ff58d8203c2aed0bac849e44493d5d224474117&amp;width=414 414w,https:\/\/imagenes.elpais.com\/resizer\/v2\/AOA6LQ65NZD67G3KBQSLQ355UQ.jpg?auth=348c495cd9bafda9a888315a5ff58d8203c2aed0bac849e44493d5d224474117&amp;width=828 640w,https:\/\/imagenes.elpais.com\/resizer\/v2\/AOA6LQ65NZD67G3KBQSLQ355UQ.jpg?auth=348c495cd9bafda9a888315a5ff58d8203c2aed0bac849e44493d5d224474117&amp;width=980 1000w,https:\/\/imagenes.elpais.com\/resizer\/v2\/AOA6LQ65NZD67G3KBQSLQ355UQ.jpg?auth=348c495cd9bafda9a888315a5ff58d8203c2aed0bac849e44493d5d224474117&amp;width=1960 1960w\" width=\"414\" height=\"279\" \/><\/span><figcaption class=\"a_m_p\" aria-hidden=\"true\"><span style=\"font-size: 10pt;\">Andr\u00e9s Mountbatten Windsor, ex duque de York, asiste al servicio religioso de Pascua en la capilla de San Jorge en Windsor (Inglaterra), el 20 de abril de 2025.<span class=\"a_m_m\">Samir Hussein (Samir Hussein\/WireImage)<\/span><\/span><\/figcaption><\/figure>\n<p class=\"\" style=\"text-align: justify;\">Ahora, Felipe de los Belgas tiene que acoger en palacio a un nuevo e inesperado miembro. Su hermano, el pr\u00edncipe Laurent, de 62 a\u00f1os, acaba de admitir que tiene un hijo secreto. La prensa del pa\u00eds ha adelantado que el rey conceder\u00e1 el t\u00edtulo de pr\u00edncipe a su sobrino, Cl\u00e9ment Vandenkerckhove, de 25 a\u00f1os. Vandenkerckhove tambi\u00e9n podr\u00e1 reclamar el tratamiento de alteza, pero no formar\u00e1 parte de la Casa Real, no estar\u00e1 incluido en la l\u00ednea de sucesi\u00f3n al trono ni recibir\u00e1 una asignaci\u00f3n oficial.<\/p>\n<p class=\"\" style=\"text-align: justify;\">Los medios de comunicaci\u00f3n ya no callan ante los excesos de sus reyes y pr\u00edncipes y la opini\u00f3n p\u00fablica es cada vez m\u00e1s severa con ellos. Las lujosas vacaciones privadas de Guillermo y M\u00e1xima de los Pa\u00edses Bajos y sus hijas en Mozambique o Grecia son un tema de debate recurrente en ese pa\u00eds. Este verano, la prensa neerlandesa critic\u00f3 las ocho largas semanas de descanso que los monarcas pasaron fuera de Holanda. Entre sus destinos favoritos est\u00e1 la isla de Spetses, un exclusivo enclave en el mar Egeo donde tienen una casa y un yate.<\/p>\n<p class=\"\" style=\"text-align: justify;\">Los viajes secretos de los Orange suelen ser un problema. La princesa Amalia, la futura reina, vivi\u00f3 en secreto en Madrid durante 2023, huyendo de las amenazas de la <a title=\"https:\/\/elpais.com\/internacional\/2024-04-28\/mocro-maffia-la-organizacion-criminal-mas-temida-de-europa-que-salio-de-un-barrio-de-amsterdam.html\" href=\"https:\/\/elpais.com\/internacional\/2024-04-28\/mocro-maffia-la-organizacion-criminal-mas-temida-de-europa-que-salio-de-un-barrio-de-amsterdam.html\" target=\"_self\" rel=\"\" data-link-track-dtm=\"\" data-mrf-link=\"https:\/\/elpais.com\/internacional\/2024-04-28\/mocro-maffia-la-organizacion-criminal-mas-temida-de-europa-que-salio-de-un-barrio-de-amsterdam.html\">Mocro Maffia<\/a>. La\u202fbanda del crimen organizado m\u00e1s poderosa y temida de Europa ofrec\u00eda una cifra millonaria por la cabeza de la heredera, aunque los detalles del caso solo trascendieron cuando la princesa ya estaba fuera de peligro.<\/p>\n<p class=\"\" style=\"text-align: justify;\">Las monarqu\u00edas escandinavas, en apariencia id\u00edlicas, tampoco se salvan de los esc\u00e1ndalos y el escrutinio p\u00fablico. Haakon y Mette-Marit de Noruega, los pr\u00edncipes herederos, llevan meses en el foco medi\u00e1tico por los comportamientos delictivos de Marius Borg, el hijo que tuvo la princesa antes de casarse con el futuro rey. Borg, de 28 a\u00f1os, se enfrenta a <a title=\"https:\/\/elpais.com\/gente\/2025-06-27\/marius-borg-hijo-de-mette-marit-de-noruega-imputado-por-tres-violaciones-y-otros-20-delitos.html\" href=\"https:\/\/elpais.com\/gente\/2025-06-27\/marius-borg-hijo-de-mette-marit-de-noruega-imputado-por-tres-violaciones-y-otros-20-delitos.html\" target=\"_self\" rel=\"\" data-link-track-dtm=\"\" data-mrf-link=\"https:\/\/elpais.com\/gente\/2025-06-27\/marius-borg-hijo-de-mette-marit-de-noruega-imputado-por-tres-violaciones-y-otros-20-delitos.html\">una treintena de imputaciones por diversos delitos<\/a>, entre ellos, tres presuntas violaciones, maltrato y agresiones, y amenazas e incumplimiento de \u00f3rdenes de alejamiento.<\/p>\n<p class=\"\" style=\"text-align: justify;\">El hijo de Mette-Marit nunca ha tenido un papel oficial en la Corona noruega, pero s\u00ed que se ha\u202fcriado en palacio\u202fjunto a Ingrid Alexandra y Sverre Magnus, los hijos que la princesa heredera tuvo con Haakon de Noruega, con los privilegios que esto tra\u00eda. Torgeir Krokfjord y Oistein Monsen, periodistas de <i>Dagbladet<\/i>, el diario m\u00e1s le\u00eddo del pa\u00eds, acaban de publicar un libro titulado <i>Rayas blancas, ovejas negras<\/i>. En \u00e9l afirman que Mette-Marit podr\u00eda haber intentado obstruir la investigaci\u00f3n policial para proteger a su hijo.<\/p>\n<p class=\"\" style=\"text-align: justify;\">La Casa Real noruega no ha hecho\u202fcomentarios sobre <i>Rayas blancas, ovejas negras<\/i>, pero las revelaciones del libro y el goteo constante de informaci\u00f3n sobre el caso de Marius Borg han salpicado a la princesa Ingrid, la heredera del heredero. Esta semana, la joven de 21 a\u00f1os dio una\u202fentrevista<b>\u202f<\/b>a la televisi\u00f3n p\u00fablica NRK\u202fen la que<b> <\/b>habl\u00f3 sobre el tema. La princesa reconoci\u00f3 que se trata de \u201chechos muy graves\u201d<b> <\/b>y que<b> <\/b>est\u00e1 siendo dif\u00edcil\u202fpara su familia y<b>\u202f<\/b>\u201cpara todos los afectados\u202fpor el caso\u201d. \u201cLa justicia tendr\u00e1 la \u00faltima palabra\u201d, concluy\u00f3 la nieta de los reyes Harald y Sonia. Se espera que el juicio contra su hermano empiece en enero de 2026.<\/p>\n<p class=\"\" style=\"text-align: justify;\">Dinamarca, tierra de los cuentos de hadas de Hans Christian Andersen, merece su propio cap\u00edtulo. El reinado de Federico X comenz\u00f3 en el invierno de 2024 entre rumores de crisis matrimonial con la abogada australiana Mary Donaldson. Tras la publicaci\u00f3n de unas fotograf\u00edas del entonces pr\u00edncipe con la <i>socialite<\/i> mexicana Genoveva Casanova en la revista espa\u00f1ola <i>Lecturas<\/i>, la reina Margarita, la monarca viva con el reinado m\u00e1s largo, abdic\u00f3 en favor de su hijo al filo de una Nochevieja.<\/p>\n<p class=\"\" style=\"text-align: justify;\">La sucesi\u00f3n, inesperada y expr\u00e9s, logr\u00f3 acallar las especulaciones, pero el juicio que ha iniciado Casanova contra el semanario espa\u00f1ol ha reavivado la pol\u00e9mica. La mexicana, excondesa de Salvatierra y personaje habitual en las p\u00e1ginas del papel cuch\u00e9, argumenta que las im\u00e1genes han vulnerado sus derechos al honor y a la intimidad. La prensa del coraz\u00f3n sigue de cerca el proceso, a la espera de nuevos detalles sobre esta historia.<\/p>\n<p class=\"\" style=\"text-align: justify;\">Los gabinetes de crisis ya son algo habitual en las casas reales, pero a la realeza europea le cuesta cada vez m\u00e1s ocultar su \u201cbasura\u201d bajo las mullidas alfombras de palacio.<\/p>\n<\/div>\n<p><a class=\"a_md_a_n\" title=\"Ver todas las noticias de Mart\u00edn Bianchi\" href=\"https:\/\/elpais.com\/autor\/martin-bianchi-tasso\/#?rel=author_top\" data-mrf-link=\"https:\/\/elpais.com\/autor\/martin-bianchi-tasso\/\"><strong>Mart\u00edn Bianchi<\/strong><\/a><\/p>\n<p>FOTO: Ejemplares del libro &#8216;Reconciliaci\u00f3n. Memorias. Juan Carlos I de Espa\u00f1a&#8217;, en Par\u00eds, el pasado martes.<\/p>\n<p>https:\/\/elpais.com\/internacional\/2025-11-09\/abusos-hijos-secretos-viajes-de-lujo-y-lios-de-alcoba-a-las-viejas-monarquias-europeas-les-cuesta-esconder-sus-nuevos-escandalos.html<\/p>\n<div class=\"a_md _g _g-xs \">\n<figure class=\"a_md_i a_m-h c_m--nf\"><\/figure>\n<div class=\"a_md_txt\">\n<div class=\"a_md_a\" data-dtm-region=\"articulo_firma\">\u00a0<\/div>\n<\/div>\n<\/div>\n<p>&nbsp;<\/p>\n","protected":false},"excerpt":{"rendered":"<p>Abusos, hijos secretos, viajes de lujo y l\u00edos de alcoba: a las viejas monarqu\u00edas europeas&#8230;<\/p>\n","protected":false},"author":1,"featured_media":79975,"comment_status":"closed","ping_status":"closed","sticky":false,"template":"","format":"standard","meta":{"_coblocks_attr":"","_coblocks_dimensions":"","_coblocks_responsive_height":"","_coblocks_accordion_ie_support":"","jetpack_post_was_ever_published":false,"_jetpack_newsletter_access":"","_jetpack_dont_email_post_to_subs":false,"_jetpack_newsletter_tier_id":0,"_jetpack_memberships_contains_paywalled_content":false,"_jetpack_memberships_contains_paid_content":false,"footnotes":"","jetpack_publicize_message":"","jetpack_publicize_feature_enabled":true,"jetpack_social_post_already_shared":true,"jetpack_social_options":{"image_generator_settings":{"template":"highway","default_image_id":0,"enabled":false},"version":2}},"categories":[1161,44,6937],"tags":[],"class_list":["post-79974","post","type-post","status-publish","format-standard","has-post-thumbnail","hentry","category-ciudadania","category-noticias-de-hoy","category-sociedad"],"jetpack_publicize_connections":[],"jetpack_featured_media_url":"https:\/\/i0.wp.com\/miradordeatarfe.es\/wp-content\/uploads\/2025\/11\/Screenshot-2025-11-09-at-19-32-29-Abusos-hijos-secretos-viajes-de-lujo-y-lios-de-alcoba-a-las-viejas-monarquias-europeas-les-cuesta-esconder-sus-nuevos-escandalos-Internacional-EL-PAIS.png?fit=1023%2C536&ssl=1","jetpack_likes_enabled":true,"jetpack_sharing_enabled":true,"_links":{"self":[{"href":"https:\/\/miradordeatarfe.es\/index.php?rest_route=\/wp\/v2\/posts\/79974","targetHints":{"allow":["GET"]}}],"collection":[{"href":"https:\/\/miradordeatarfe.es\/index.php?rest_route=\/wp\/v2\/posts"}],"about":[{"href":"https:\/\/miradordeatarfe.es\/index.php?rest_route=\/wp\/v2\/types\/post"}],"author":[{"embeddable":true,"href":"https:\/\/miradordeatarfe.es\/index.php?rest_route=\/wp\/v2\/users\/1"}],"replies":[{"embeddable":true,"href":"https:\/\/miradordeatarfe.es\/index.php?rest_route=%2Fwp%2Fv2%2Fcomments&post=79974"}],"version-history":[{"count":1,"href":"https:\/\/miradordeatarfe.es\/index.php?rest_route=\/wp\/v2\/posts\/79974\/revisions"}],"predecessor-version":[{"id":79976,"href":"https:\/\/miradordeatarfe.es\/index.php?rest_route=\/wp\/v2\/posts\/79974\/revisions\/79976"}],"wp:featuredmedia":[{"embeddable":true,"href":"https:\/\/miradordeatarfe.es\/index.php?rest_route=\/wp\/v2\/media\/79975"}],"wp:attachment":[{"href":"https:\/\/miradordeatarfe.es\/index.php?rest_route=%2Fwp%2Fv2%2Fmedia&parent=79974"}],"wp:term":[{"taxonomy":"category","embeddable":true,"href":"https:\/\/miradordeatarfe.es\/index.php?rest_route=%2Fwp%2Fv2%2Fcategories&post=79974"},{"taxonomy":"post_tag","embeddable":true,"href":"https:\/\/miradordeatarfe.es\/index.php?rest_route=%2Fwp%2Fv2%2Ftags&post=79974"}],"curies":[{"name":"wp","href":"https:\/\/api.w.org\/{rel}","templated":true}]}}