{"id":79982,"date":"2025-11-12T11:28:17","date_gmt":"2025-11-12T10:28:17","guid":{"rendered":"https:\/\/miradordeatarfe.es\/?p=79982"},"modified":"2025-11-11T21:49:33","modified_gmt":"2025-11-11T20:49:33","slug":"el-cortijo-pichelas-de-atarfe","status":"publish","type":"post","link":"https:\/\/miradordeatarfe.es\/?p=79982","title":{"rendered":"\u00abEL CORTIJO PICHELAS DE ATARFE\u00bb por Jos\u00e9 Enrique Granados"},"content":{"rendered":"<div class=\"html-div xdj266r x14z9mp xat24cr x1lziwak xexx8yu xyri2b x18d9i69 x1c1uobl\" dir=\"auto\">\n<div class=\"html-div xdj266r x14z9mp xat24cr x1lziwak xexx8yu xyri2b x18d9i69 x1c1uobl\" data-ad-rendering-role=\"story_message\">\n<div id=\"_r_if_\" class=\"x1l90r2v x1iorvi4 x1g0dm76 xpdmqnj\" data-ad-comet-preview=\"message\" data-ad-preview=\"message\">\n<div class=\"x78zum5 xdt5ytf xz62fqu x16ldp7u\">\n<div class=\"xu06os2 x1ok221b\">\n<div class=\"html-div xdj266r x14z9mp xat24cr x1lziwak xexx8yu xyri2b x18d9i69 x1c1uobl\">\n<div class=\"xdj266r x14z9mp xat24cr x1lziwak x1vvkbs x126k92a\">\n<h3 dir=\"auto\" style=\"text-align: justify;\">Hace unas semanas pregunt\u00e1bamos sobre el nombre del barranco donde se ubica el Cortijo de Pichelas. En este plano de demarcaci\u00f3n de la mina de hierro, titulada \u00abSan Rafael\u00bb (n\u00ba 26468), custodiado en el Archivo Hist\u00f3rico Provincial de Granada, Jefatura Provincial de Minas, planos de demarcaci\u00f3n, encontramos algunos datos.<\/h3>\n<div dir=\"auto\" style=\"text-align: justify;\">\u00a0<\/div>\n<\/div>\n<div class=\"x14z9mp xat24cr x1lziwak x1vvkbs xtlvy1s x126k92a\" style=\"text-align: justify;\">\n<div dir=\"auto\">Descripci\u00f3n f\u00edsica 1 plano: ms.; original; papel tela encerado; tinta negra y colores 45 x 56 cm; pleg. 34 x 23 cm Notas generales Plano de Demarcaci\u00f3n.Orientaci\u00f3n con dos flechas NM y NV se\u00f1alando al N, una desviaci\u00f3n entre ellas de 14\u00ba y 10&#8242;<\/div>\n<div dir=\"auto\">\u00a0<\/div>\n<\/div>\n<div class=\"x14z9mp xat24cr x1lziwak x1vvkbs xtlvy1s x126k92a\" style=\"text-align: justify;\">\n<div dir=\"auto\">Aparecen pertenencias numeradas, mojones, estacas, curvas de configuraci\u00f3n del relieve y punto de partida Sit\u00faa los barrancos de los Calerones, de Las Yeseras, Las Zorreras, Moleona y Marug\u00e1n, ca\u00f1adas de Los M\u00e1rtires, de La Pedriza, del Tesorillo y de Las Pajaricas, el pe\u00f1\u00f3n de Ventanas, el Tajo Colorado, el collado de Los Conejos, la cueva de Pichelas, el horno de la Cantera del Rey, el cortijo de Marug\u00e1n, una alberca y el camino de Las Yeseras Indica con su n\u00famero de expediente la mina colindante Constancia n\u00ba 2 (n\u00ba 25723) y San Juan n\u00ba 2\u00ba (n\u00ba 25724).<\/div>\n<div dir=\"auto\">\u00a0<\/div>\n<\/div>\n<div class=\"x14z9mp xat24cr x1lziwak x1vvkbs xtlvy1s x126k92a\" style=\"text-align: justify;\">\n<div dir=\"auto\">Cada una de las visuales de referencia a los distintos puntos fijos viene expresada en rumbos En el margen inferior figura: expresi\u00f3n de escala, explicaci\u00f3n de los signos convencionales aparecidos en el plano, lugar y fecha, firmas con menci\u00f3n de responsabilidad y sello de \u00abIngenieros de Minas-Provincia de Granada<\/div>\n<div dir=\"auto\">\u00a0<\/div>\n<div dir=\"auto\">En la mitad derecha de la hoja hay una explicaci\u00f3n del plano incluyendo: n\u00famero de pertenencias, nombre de la mina, situaci\u00f3n, fecha de 29 de julio de 1915 en que fue demarcada por orden del Gobernador, cuadros de visuales de referencia a puntos fijos y de l\u00edneas de demarcaci\u00f3n con los puntos de partida, rumbos, longitud, superficie, situaci\u00f3n de mojones y minas o registros colindantes, con fecha y firma del Ingeniero.<\/div>\n<div dir=\"auto\">\u00a0<\/div>\n<\/div>\n<div class=\"x14z9mp xat24cr x1lziwak x1vvkbs xtlvy1s x126k92a\" style=\"text-align: justify;\">\n<div dir=\"auto\">En el reverso de la hoja aparece el t\u00edtulo y situaci\u00f3n, n\u00famero de expediente y Observaciones Facultativas acerca del limbo y declinaci\u00f3n de la br\u00fajula y punto de partida y sobre el mineral y el terreno, firmado por el Ingeniero Dibujado sobre papel tela encerado pegado a formato impreso.<\/div>\n<div dir=\"auto\">\u00a0<\/div>\n<\/div>\n<div class=\"x14z9mp xat24cr x1lziwak x1vvkbs xtlvy1s x126k92a\">\n<div dir=\"auto\" style=\"text-align: justify;\"><strong>Autor L\u00f3pez Perea, Francisco, Ingeniero, Lo conform\u00f3 \/ Vi\u00f1a, Obdulio de la, Ingeniero Jefe \/ Garc\u00eda, Raineldo, Auxiliar Facultativo.<\/strong><\/div>\n<div dir=\"auto\" style=\"text-align: justify;\">\u00a0<\/div>\n<div dir=\"auto\" style=\"text-align: justify;\"><strong>Gacetilla y curiosidades elvirenses<\/strong>.<\/div>\n<\/div>\n<\/div>\n<\/div>\n<\/div>\n<\/div>\n<\/div>\n<\/div>\n","protected":false},"excerpt":{"rendered":"<p>Hace unas semanas pregunt\u00e1bamos sobre el nombre del barranco donde se ubica el Cortijo de&#8230;<\/p>\n","protected":false},"author":1,"featured_media":79983,"comment_status":"closed","ping_status":"closed","sticky":false,"template":"","format":"standard","meta":{"_coblocks_attr":"","_coblocks_dimensions":"","_coblocks_responsive_height":"","_coblocks_accordion_ie_support":"","jetpack_post_was_ever_published":false,"_jetpack_newsletter_access":"","_jetpack_dont_email_post_to_subs":false,"_jetpack_newsletter_tier_id":0,"_jetpack_memberships_contains_paywalled_content":false,"_jetpack_memberships_contains_paid_content":false,"footnotes":"","jetpack_publicize_message":"","jetpack_publicize_feature_enabled":true,"jetpack_social_post_already_shared":true,"jetpack_social_options":{"image_generator_settings":{"template":"highway","default_image_id":0,"enabled":false},"version":2}},"categories":[2,186,38,44],"tags":[],"class_list":["post-79982","post","type-post","status-publish","format-standard","has-post-thumbnail","hentry","category-atarfe","category-instituciones","category-opinion-de-jose-enrique-granados","category-noticias-de-hoy"],"jetpack_publicize_connections":[],"jetpack_featured_media_url":"https:\/\/i0.wp.com\/miradordeatarfe.es\/wp-content\/uploads\/2025\/11\/541833147_1333807022086110_8169932655630523182_n.jpg?fit=960%2C540&ssl=1","jetpack_likes_enabled":true,"jetpack_sharing_enabled":true,"_links":{"self":[{"href":"https:\/\/miradordeatarfe.es\/index.php?rest_route=\/wp\/v2\/posts\/79982","targetHints":{"allow":["GET"]}}],"collection":[{"href":"https:\/\/miradordeatarfe.es\/index.php?rest_route=\/wp\/v2\/posts"}],"about":[{"href":"https:\/\/miradordeatarfe.es\/index.php?rest_route=\/wp\/v2\/types\/post"}],"author":[{"embeddable":true,"href":"https:\/\/miradordeatarfe.es\/index.php?rest_route=\/wp\/v2\/users\/1"}],"replies":[{"embeddable":true,"href":"https:\/\/miradordeatarfe.es\/index.php?rest_route=%2Fwp%2Fv2%2Fcomments&post=79982"}],"version-history":[{"count":2,"href":"https:\/\/miradordeatarfe.es\/index.php?rest_route=\/wp\/v2\/posts\/79982\/revisions"}],"predecessor-version":[{"id":80010,"href":"https:\/\/miradordeatarfe.es\/index.php?rest_route=\/wp\/v2\/posts\/79982\/revisions\/80010"}],"wp:featuredmedia":[{"embeddable":true,"href":"https:\/\/miradordeatarfe.es\/index.php?rest_route=\/wp\/v2\/media\/79983"}],"wp:attachment":[{"href":"https:\/\/miradordeatarfe.es\/index.php?rest_route=%2Fwp%2Fv2%2Fmedia&parent=79982"}],"wp:term":[{"taxonomy":"category","embeddable":true,"href":"https:\/\/miradordeatarfe.es\/index.php?rest_route=%2Fwp%2Fv2%2Fcategories&post=79982"},{"taxonomy":"post_tag","embeddable":true,"href":"https:\/\/miradordeatarfe.es\/index.php?rest_route=%2Fwp%2Fv2%2Ftags&post=79982"}],"curies":[{"name":"wp","href":"https:\/\/api.w.org\/{rel}","templated":true}]}}