{"id":79985,"date":"2025-11-11T11:00:43","date_gmt":"2025-11-11T10:00:43","guid":{"rendered":"https:\/\/miradordeatarfe.es\/?p=79985"},"modified":"2025-11-11T21:47:38","modified_gmt":"2025-11-11T20:47:38","slug":"el-seat-vigilsa-cab-atarfe-suma-y-sigue","status":"publish","type":"post","link":"https:\/\/miradordeatarfe.es\/?p=79985","title":{"rendered":"El Seat Vigilsa CAB Atarfe \u00abSuma y sigue\u00bb"},"content":{"rendered":"<h2 style=\"text-align: justify;\">Seat Vigilsa CAB Atarfe 76 \u2013 CD Linabasket 68<\/h2>\n<p style=\"text-align: justify;\">El Seat Vigilsa CAB Atarfe contin\u00faa con paso firme en la Primera Divisi\u00f3n Nacional y mantiene su condici\u00f3n de invicto. Seis partidos y seis victorias sit\u00faan al conjunto atarfe\u00f1o en lo m\u00e1s alto de la clasificaci\u00f3n, confirmando su excelente inicio de temporada.<\/p>\n<p style=\"text-align: justify;\"><strong>Partido serio<\/strong><\/p>\n<p style=\"text-align: justify;\">El encuentro comenz\u00f3 con dudas para los locales, que no estuvieron acertados en ataque durante los primeros compases. CD Linabasket aprovech\u00f3 esa circunstancia para tomar peque\u00f1as ventajas en el marcador y poner a prueba la solidez del conjunto de Atarfe.<\/p>\n<p style=\"text-align: justify;\">Con el paso de los minutos, el CAB Atarfe ajust\u00f3 su defensa y encontr\u00f3 mejores sensaciones ofensivas, logrando darle la vuelta al resultado antes del descanso. En la segunda mitad, el equipo supo mantener la intensidad y gestionar su ventaja hasta el final para firmar una nueva victoria, ante un rival que aunque cerraba la clasificaci\u00f3n como \u00faltimo clasificado no lo puso nada f\u00e1cil.<\/p>\n<p style=\"text-align: justify;\">La buena noticia del partido fue la reparaci\u00f3n y por tanto vuelta a las pistas de Enrique, una de las caras nuevas de esta temporada, que regresaba tras su lesi\u00f3n de hombro sufrida en Torre del Mar. Su presencia volvi\u00f3 a aportar equilibrio en el juego interior y energ\u00eda al conjunto dirigido por Eduardo Manzano.<\/p>\n<p style=\"text-align: justify;\"><strong>Pr\u00f3ximo compromiso<\/strong><\/p>\n<p style=\"text-align: justify;\">El pr\u00f3ximo s\u00e1bado 16, el Seat Vigilsa CAB Atarfe viajar\u00e1 hasta Roquetas de Mar (Almer\u00eda) para medirse al conjunto local, con el objetivo de seguir ampliando su racha y mantenerse invicto en la competici\u00f3n.<\/p>\n<p><img data-recalc-dims=\"1\" loading=\"lazy\" decoding=\"async\" class=\"alignnone wp-image-79987 size-full\" src=\"https:\/\/i0.wp.com\/miradordeatarfe.es\/wp-content\/uploads\/2025\/11\/Imagen-de-WhatsApp-2025-11-10-a-las-16.06.49_44ec77ea.jpg?resize=640%2C1164&#038;ssl=1\" alt=\"\" width=\"640\" height=\"1164\" srcset=\"https:\/\/i0.wp.com\/miradordeatarfe.es\/wp-content\/uploads\/2025\/11\/Imagen-de-WhatsApp-2025-11-10-a-las-16.06.49_44ec77ea.jpg?w=880&amp;ssl=1 880w, https:\/\/i0.wp.com\/miradordeatarfe.es\/wp-content\/uploads\/2025\/11\/Imagen-de-WhatsApp-2025-11-10-a-las-16.06.49_44ec77ea.jpg?resize=165%2C300&amp;ssl=1 165w, https:\/\/i0.wp.com\/miradordeatarfe.es\/wp-content\/uploads\/2025\/11\/Imagen-de-WhatsApp-2025-11-10-a-las-16.06.49_44ec77ea.jpg?resize=563%2C1024&amp;ssl=1 563w, https:\/\/i0.wp.com\/miradordeatarfe.es\/wp-content\/uploads\/2025\/11\/Imagen-de-WhatsApp-2025-11-10-a-las-16.06.49_44ec77ea.jpg?resize=768%2C1396&amp;ssl=1 768w, https:\/\/i0.wp.com\/miradordeatarfe.es\/wp-content\/uploads\/2025\/11\/Imagen-de-WhatsApp-2025-11-10-a-las-16.06.49_44ec77ea.jpg?resize=845%2C1536&amp;ssl=1 845w\" sizes=\"auto, (max-width: 640px) 100vw, 640px\" \/><\/p>\n","protected":false},"excerpt":{"rendered":"<p>Seat Vigilsa CAB Atarfe 76 \u2013 CD Linabasket 68 El Seat Vigilsa CAB Atarfe contin\u00faa&#8230;<\/p>\n","protected":false},"author":1,"featured_media":79986,"comment_status":"closed","ping_status":"closed","sticky":false,"template":"","format":"standard","meta":{"_coblocks_attr":"","_coblocks_dimensions":"","_coblocks_responsive_height":"","_coblocks_accordion_ie_support":"","jetpack_post_was_ever_published":false,"_jetpack_newsletter_access":"","_jetpack_dont_email_post_to_subs":false,"_jetpack_newsletter_tier_id":0,"_jetpack_memberships_contains_paywalled_content":false,"_jetpack_memberships_contains_paid_content":false,"footnotes":"","jetpack_publicize_message":"","jetpack_publicize_feature_enabled":true,"jetpack_social_post_already_shared":true,"jetpack_social_options":{"image_generator_settings":{"template":"highway","default_image_id":0,"enabled":false},"version":2}},"categories":[182,186,44],"tags":[],"class_list":["post-79985","post","type-post","status-publish","format-standard","has-post-thumbnail","hentry","category-deportes","category-instituciones","category-noticias-de-hoy"],"jetpack_publicize_connections":[],"jetpack_featured_media_url":"https:\/\/i0.wp.com\/miradordeatarfe.es\/wp-content\/uploads\/2025\/11\/Imagen-de-WhatsApp-2025-11-10-a-las-16.06.49_0e7e05eb.jpg?fit=1066%2C1600&ssl=1","jetpack_likes_enabled":true,"jetpack_sharing_enabled":true,"_links":{"self":[{"href":"https:\/\/miradordeatarfe.es\/index.php?rest_route=\/wp\/v2\/posts\/79985","targetHints":{"allow":["GET"]}}],"collection":[{"href":"https:\/\/miradordeatarfe.es\/index.php?rest_route=\/wp\/v2\/posts"}],"about":[{"href":"https:\/\/miradordeatarfe.es\/index.php?rest_route=\/wp\/v2\/types\/post"}],"author":[{"embeddable":true,"href":"https:\/\/miradordeatarfe.es\/index.php?rest_route=\/wp\/v2\/users\/1"}],"replies":[{"embeddable":true,"href":"https:\/\/miradordeatarfe.es\/index.php?rest_route=%2Fwp%2Fv2%2Fcomments&post=79985"}],"version-history":[{"count":1,"href":"https:\/\/miradordeatarfe.es\/index.php?rest_route=\/wp\/v2\/posts\/79985\/revisions"}],"predecessor-version":[{"id":79988,"href":"https:\/\/miradordeatarfe.es\/index.php?rest_route=\/wp\/v2\/posts\/79985\/revisions\/79988"}],"wp:featuredmedia":[{"embeddable":true,"href":"https:\/\/miradordeatarfe.es\/index.php?rest_route=\/wp\/v2\/media\/79986"}],"wp:attachment":[{"href":"https:\/\/miradordeatarfe.es\/index.php?rest_route=%2Fwp%2Fv2%2Fmedia&parent=79985"}],"wp:term":[{"taxonomy":"category","embeddable":true,"href":"https:\/\/miradordeatarfe.es\/index.php?rest_route=%2Fwp%2Fv2%2Fcategories&post=79985"},{"taxonomy":"post_tag","embeddable":true,"href":"https:\/\/miradordeatarfe.es\/index.php?rest_route=%2Fwp%2Fv2%2Ftags&post=79985"}],"curies":[{"name":"wp","href":"https:\/\/api.w.org\/{rel}","templated":true}]}}