{"id":79999,"date":"2025-11-14T11:00:40","date_gmt":"2025-11-14T10:00:40","guid":{"rendered":"https:\/\/miradordeatarfe.es\/?p=79999"},"modified":"2025-11-13T14:15:36","modified_gmt":"2025-11-13T13:15:36","slug":"atarfe-concierto-de-santa-cecilia-2025-%c2%b7-cosmogonia-sinfonica","status":"publish","type":"post","link":"https:\/\/miradordeatarfe.es\/?p=79999","title":{"rendered":"ATARFE: Concierto de Santa Cecilia 2025 \u00b7 \u201cCosmogon\u00eda Sinf\u00f3nica\u201d"},"content":{"rendered":"<div class=\"oKdM2c ZZyype\">\n<div id=\"h.b39e182958acfc1_8\" class=\"hJDwNd-AhqUyc-OwsYgb Ft7HRd-AhqUyc-OwsYgb jXK9ad D2fZ2 zu5uec wHaque g5GTcb\">\n<div class=\"jXK9ad-SmKAyb\">\n<div class=\"tyJCtd mGzaTb Depvyb baZpAe\">\n<h3 class=\"zfr3Q CDt4Ke \" dir=\"ltr\"><span class=\"C9DxTc \">Celebra la m\u00fasica en su m\u00e1xima expresi\u00f3n con la Banda Sinf\u00f3nica Municipal Ciudad de Atarfe (BSMCA) en un viaje sonoro que te llevar\u00e1 desde la magia hasta la creaci\u00f3n del universo.\u00a0<\/span><\/h3>\n<p class=\"zfr3Q CDt4Ke \" dir=\"ltr\"><strong><span class=\"C9DxTc \">&#x1f4cd; Centro Cultural Medina Elvira<\/span><\/strong><\/p>\n<p class=\"zfr3Q CDt4Ke \" dir=\"ltr\"><strong><span class=\"C9DxTc \">&#x1f4c5; <\/span><span class=\"C9DxTc \">Domingo, 16 de noviembre de 2025<\/span><\/strong><\/p>\n<p class=\"zfr3Q CDt4Ke \" dir=\"ltr\"><strong><span class=\"C9DxTc \">&#x1f55b; 12:00 h<\/span><\/strong><\/p>\n<div class=\"item width100x100\">\n<div class=\"tformulario search-box floatLeft\">\n<div>Celebra la m\u00fasica en su m\u00e1xima expresi\u00f3n con la BSMCA en el Concierto de Santa\u00a0Cecilia 2025. Cosmogon\u00eda Sinf\u00f3nicanos invita a un viaje sonoro que explora la magia,\u00a0la creaci\u00f3n y el renacer a trav\u00e9s de tres obras excepcionales:<\/div>\n<ul>\n<li>la delicada Magic Overture de Thomas Doss,<\/li>\n<li>el poderoso y fascinante The Big Bang de Bert Appermont,<\/li>\n<li>y la emotiva Symphony No. 1 \u201cNew Day Rising\u201d de Steven Reineke.<\/li>\n<\/ul>\n<div>Bajo la direcci\u00f3n de Alberto Vallejo Torres, la banda transforma el escenario del Centro\u00a0Cultural Medina Elvira en un espacio donde la m\u00fasica cobra vida, llevando al p\u00fablico desde la intimidad de un paseo invernal hasta la grandiosidad de la creaci\u00f3n c\u00f3smica y la esperanza de un nuevo amanecer.<\/div>\n<\/div>\n<\/div>\n<p class=\"zfr3Q CDt4Ke \" dir=\"ltr\"><span class=\"C9DxTc \">&#x1f39f;&#xfe0f; Entradas disponibles: <\/span><a class=\"XqQF9c\" href=\"https:\/\/www.giglon.com\/todos?idEvent=concierto-de-santa-cecilia-bsmca--cosmogonia-sinfonica\" target=\"_blank\" rel=\"noopener\"><span class=\"C9DxTc aw5Odc \">https:\/\/www.giglon.com\/todos?idEvent=concierto-de-santa-cecilia-bsmca&#8211;cosmogonia-sinfonica<\/span><\/a><\/p>\n<p><iframe loading=\"lazy\" title=\"\ud83c\udf0c Concierto de Santa Cecilia 2025 \u00b7 \u201cCosmogon\u00eda Sinf\u00f3nica\u201d \ud83c\udfb6\" width=\"540\" height=\"960\" src=\"https:\/\/www.youtube.com\/embed\/ziAST_U-hjY?feature=oembed\" frameborder=\"0\" allow=\"accelerometer; autoplay; clipboard-write; encrypted-media; gyroscope; picture-in-picture; web-share\" referrerpolicy=\"strict-origin-when-cross-origin\" allowfullscreen><\/iframe><\/p>\n<\/div>\n<\/div>\n<\/div>\n<\/div>\n","protected":false},"excerpt":{"rendered":"<p>Celebra la m\u00fasica en su m\u00e1xima expresi\u00f3n con la Banda Sinf\u00f3nica Municipal Ciudad de Atarfe&#8230;<\/p>\n","protected":false},"author":1,"featured_media":80000,"comment_status":"closed","ping_status":"closed","sticky":false,"template":"","format":"standard","meta":{"_coblocks_attr":"","_coblocks_dimensions":"","_coblocks_responsive_height":"","_coblocks_accordion_ie_support":"","jetpack_post_was_ever_published":false,"_jetpack_newsletter_access":"","_jetpack_dont_email_post_to_subs":false,"_jetpack_newsletter_tier_id":0,"_jetpack_memberships_contains_paywalled_content":false,"_jetpack_memberships_contains_paid_content":false,"footnotes":"","jetpack_publicize_message":"","jetpack_publicize_feature_enabled":true,"jetpack_social_post_already_shared":true,"jetpack_social_options":{"image_generator_settings":{"template":"highway","default_image_id":0,"enabled":false},"version":2}},"categories":[12,186,44],"tags":[],"class_list":["post-79999","post","type-post","status-publish","format-standard","has-post-thumbnail","hentry","category-cultura","category-instituciones","category-noticias-de-hoy"],"jetpack_publicize_connections":[],"jetpack_featured_media_url":"https:\/\/i0.wp.com\/miradordeatarfe.es\/wp-content\/uploads\/2025\/11\/3-80443x1-yvl2b.jpg?fit=1212%2C1600&ssl=1","jetpack_likes_enabled":true,"jetpack_sharing_enabled":true,"_links":{"self":[{"href":"https:\/\/miradordeatarfe.es\/index.php?rest_route=\/wp\/v2\/posts\/79999","targetHints":{"allow":["GET"]}}],"collection":[{"href":"https:\/\/miradordeatarfe.es\/index.php?rest_route=\/wp\/v2\/posts"}],"about":[{"href":"https:\/\/miradordeatarfe.es\/index.php?rest_route=\/wp\/v2\/types\/post"}],"author":[{"embeddable":true,"href":"https:\/\/miradordeatarfe.es\/index.php?rest_route=\/wp\/v2\/users\/1"}],"replies":[{"embeddable":true,"href":"https:\/\/miradordeatarfe.es\/index.php?rest_route=%2Fwp%2Fv2%2Fcomments&post=79999"}],"version-history":[{"count":1,"href":"https:\/\/miradordeatarfe.es\/index.php?rest_route=\/wp\/v2\/posts\/79999\/revisions"}],"predecessor-version":[{"id":80001,"href":"https:\/\/miradordeatarfe.es\/index.php?rest_route=\/wp\/v2\/posts\/79999\/revisions\/80001"}],"wp:featuredmedia":[{"embeddable":true,"href":"https:\/\/miradordeatarfe.es\/index.php?rest_route=\/wp\/v2\/media\/80000"}],"wp:attachment":[{"href":"https:\/\/miradordeatarfe.es\/index.php?rest_route=%2Fwp%2Fv2%2Fmedia&parent=79999"}],"wp:term":[{"taxonomy":"category","embeddable":true,"href":"https:\/\/miradordeatarfe.es\/index.php?rest_route=%2Fwp%2Fv2%2Fcategories&post=79999"},{"taxonomy":"post_tag","embeddable":true,"href":"https:\/\/miradordeatarfe.es\/index.php?rest_route=%2Fwp%2Fv2%2Ftags&post=79999"}],"curies":[{"name":"wp","href":"https:\/\/api.w.org\/{rel}","templated":true}]}}