{"id":80011,"date":"2025-11-13T11:00:51","date_gmt":"2025-11-13T10:00:51","guid":{"rendered":"https:\/\/miradordeatarfe.es\/?p=80011"},"modified":"2025-11-13T14:15:47","modified_gmt":"2025-11-13T13:15:47","slug":"cartas-al-cielo-desde-armilla-por-juan-de-dios-villanueva-roa","status":"publish","type":"post","link":"https:\/\/miradordeatarfe.es\/?p=80011","title":{"rendered":"\u00abCartas al cielo desde Armilla\u00bb por Juan de Dios Villanueva Roa"},"content":{"rendered":"<h3 style=\"text-align: justify;\">Al final siempre se apunta hacia la escuela como espacio que cubra carencias, deficiencias o imposibilidades de la casa. Y sobre la espalda del magisterio se van cargando contenidos, valores, experiencias, aspectos educacionales propios de las familias. Y ojo con los l\u00edmites, que en algunos casos son muy finos, delicados, tenues y en algunas familias se levantan ampollas con facilidad.<\/h3>\n<p style=\"text-align: justify;\">Habl\u00e1bamos el otro d\u00eda del alejamiento de los menores de los aconteceres relacionados con la muerte de familiares mientras se alentaban celebraciones en las que la muerte se trata como diversi\u00f3n, Halloween sin ir m\u00e1s lejos, en la que son otras culturas lejanas las dominantes. Y me llega a trav\u00e9s de \u2018Ideal en clase\u2019, de la mano del insigne Antonio Arenas, una experiencia desarrollada hace unas semanas en el CEIP Miguel de Cervantes de Armilla, actividad en beneficio de valores, emociones y desarrollo de las cualidades humanas (sic), como fue la de redactar cartas al cielo, escritos a los familiares muertos pero que permanecen en el coraz\u00f3n, memoria y alma de sus nietos; cartas con una prosa llena de amor y a veces de humor (una recoge a su abuelo Pepe, quien no se enfadaba ni cuando le tiraba del bigote).<\/p>\n<p style=\"text-align: justify;\">Escritos en los que el alumnado rememora a sus seres queridos acompa\u00f1ando a veces su prosa con im\u00e1genes, leyendo en p\u00fablico sus escritos, sintiendo sus or\u00edgenes y perviviendo los recorridos vitales que los acompa\u00f1aron hasta ese momento familiar, social y personal. Se aprende m\u00e1s y mejor desde lo propio, desde la experiencia, desde lo vivido, integrando en la propia cultura los hechos fundamentales que nos han tra\u00eddo hasta aqu\u00ed. Y las familias deben involucrarse tambi\u00e9n en esta parte educativa de sus pupilos. \u00a0<\/p>\n<p><div class=\"jetpack-video-wrapper\"><iframe loading=\"lazy\" title=\"\ud83d\udc80 La Danza del Esqueleto | Ritmos con vasos \u2013 CEIP Miguel de Cervantes (Halloween 2025)\" width=\"640\" height=\"360\" src=\"https:\/\/www.youtube.com\/embed\/vNFX-1aF9Zg?feature=oembed\" frameborder=\"0\" allow=\"accelerometer; autoplay; clipboard-write; encrypted-media; gyroscope; picture-in-picture; web-share\" referrerpolicy=\"strict-origin-when-cross-origin\" allowfullscreen><\/iframe><\/div><\/p>\n","protected":false},"excerpt":{"rendered":"<p>Al final siempre se apunta hacia la escuela como espacio que cubra carencias, deficiencias o&#8230;<\/p>\n","protected":false},"author":1,"featured_media":80012,"comment_status":"closed","ping_status":"closed","sticky":false,"template":"","format":"standard","meta":{"_coblocks_attr":"","_coblocks_dimensions":"","_coblocks_responsive_height":"","_coblocks_accordion_ie_support":"","jetpack_post_was_ever_published":false,"_jetpack_newsletter_access":"","_jetpack_dont_email_post_to_subs":false,"_jetpack_newsletter_tier_id":0,"_jetpack_memberships_contains_paywalled_content":false,"_jetpack_memberships_contains_paid_content":false,"footnotes":"","jetpack_publicize_message":"","jetpack_publicize_feature_enabled":true,"jetpack_social_post_already_shared":false,"jetpack_social_options":{"image_generator_settings":{"template":"highway","default_image_id":0,"enabled":false},"version":2}},"categories":[187,1161,9772,44],"tags":[],"class_list":["post-80011","post","type-post","status-publish","format-standard","has-post-thumbnail","hentry","category-centros-educativos","category-ciudadania","category-opinion-de-juan-de-dios-villanueva","category-noticias-de-hoy"],"jetpack_publicize_connections":[],"jetpack_featured_media_url":"https:\/\/i0.wp.com\/miradordeatarfe.es\/wp-content\/uploads\/2025\/11\/armilla.png?fit=1071%2C531&ssl=1","jetpack_likes_enabled":true,"jetpack_sharing_enabled":true,"_links":{"self":[{"href":"https:\/\/miradordeatarfe.es\/index.php?rest_route=\/wp\/v2\/posts\/80011","targetHints":{"allow":["GET"]}}],"collection":[{"href":"https:\/\/miradordeatarfe.es\/index.php?rest_route=\/wp\/v2\/posts"}],"about":[{"href":"https:\/\/miradordeatarfe.es\/index.php?rest_route=\/wp\/v2\/types\/post"}],"author":[{"embeddable":true,"href":"https:\/\/miradordeatarfe.es\/index.php?rest_route=\/wp\/v2\/users\/1"}],"replies":[{"embeddable":true,"href":"https:\/\/miradordeatarfe.es\/index.php?rest_route=%2Fwp%2Fv2%2Fcomments&post=80011"}],"version-history":[{"count":1,"href":"https:\/\/miradordeatarfe.es\/index.php?rest_route=\/wp\/v2\/posts\/80011\/revisions"}],"predecessor-version":[{"id":80013,"href":"https:\/\/miradordeatarfe.es\/index.php?rest_route=\/wp\/v2\/posts\/80011\/revisions\/80013"}],"wp:featuredmedia":[{"embeddable":true,"href":"https:\/\/miradordeatarfe.es\/index.php?rest_route=\/wp\/v2\/media\/80012"}],"wp:attachment":[{"href":"https:\/\/miradordeatarfe.es\/index.php?rest_route=%2Fwp%2Fv2%2Fmedia&parent=80011"}],"wp:term":[{"taxonomy":"category","embeddable":true,"href":"https:\/\/miradordeatarfe.es\/index.php?rest_route=%2Fwp%2Fv2%2Fcategories&post=80011"},{"taxonomy":"post_tag","embeddable":true,"href":"https:\/\/miradordeatarfe.es\/index.php?rest_route=%2Fwp%2Fv2%2Ftags&post=80011"}],"curies":[{"name":"wp","href":"https:\/\/api.w.org\/{rel}","templated":true}]}}