{"id":80015,"date":"2025-11-14T09:59:12","date_gmt":"2025-11-14T08:59:12","guid":{"rendered":"https:\/\/miradordeatarfe.es\/?p=80015"},"modified":"2025-11-13T13:15:25","modified_gmt":"2025-11-13T12:15:25","slug":"la-cop30-ante-la-encrucijada","status":"publish","type":"post","link":"https:\/\/miradordeatarfe.es\/?p=80015","title":{"rendered":"La COP30 ante la encrucijada"},"content":{"rendered":"<h2 class=\"entradilla\">Oikos presenta el informe \u00abLa COP ante la encrucijada. Gu\u00eda de la COP30 en Brasil\u00bb, en el que detalla los pormenores del encuentro anual sobre el clima.<\/h2>\n<p>Esta semana arrancaba en la brasile\u00f1a localidad de Bel\u00e9m la trig\u00e9sima Conferencia de las Partes de la Convenci\u00f3n de las Naciones Unidas sobre el Cambio Clim\u00e1tico, <strong>m\u00e1s conocida como <a href=\"https:\/\/ethic.es\/que-podemos-esperar-cop30\" data-wpel-link=\"internal\">COP30<\/a><\/strong>, que se extender\u00e1 hasta el 21 de noviembre. Para comprender las claves de este encuentro anual sobre el clima, Oikos presenta el informe <em>La COP ante la encrucijada. Gu\u00eda de la COP30 en Brasil<\/em>.<\/p>\n<p>En el informe se detallan las Contribuciones determinadas a nivel nacional o NDC actualizadas hasta 2035, esto es, los compromisos actualizados de los distintos pa\u00edses ahora con objetivos para 2035. Solo una minor\u00eda de pa\u00edses planea descarbonizar de manea coherente con 1,5\u00ba; la trayectoria global contin\u00faa situ\u00e1ndose entre 2,3-2,5.<\/p>\n<p>Por otro lado, <strong>este encuentro estar\u00e1 marcado por el giro del panorama pol\u00edtico en los \u00faltimos tiempos<\/strong>: EE. UU. ha revertido medidas; Europa acusa fatiga social y financiera; y China e India est\u00e1n priorizando seguridad e industrializaci\u00f3n. La competencia geopol\u00edtica se ha vuelto tecnol\u00f3gica y, por extensi\u00f3n, clim\u00e1tica, y la bilateralidad ha reemplazado a la multilateralidad tambi\u00e9n en transici\u00f3n energ\u00e9tica.<\/p>\n<p>El informe tambi\u00e9n incluye se\u00f1ales cient\u00edficas de posibles <em>tipping points<\/em> clim\u00e1ticos. La aceleraci\u00f3n del calentamiento global registrada en los \u00faltimos a\u00f1os, que ha dado lugar al registro de +1.5\u00ba en 2024, invita a preguntarse si estamos sobrepasando puntos de inflexi\u00f3n que vayan a obligarnos a recalibrar las proyecciones clim\u00e1ticas y los escenarios de riesgo.<\/p>\n<p>En este contexto, las finanzas clim\u00e1ticas son otro de los temas fundamentales del encuentro. La meta global de financiaci\u00f3n necesita de instrumentos que movilicen el capital privado, no solo montos prometidos ni gasto p\u00fablico.<\/p>\n<p>La gu\u00eda presentada por Oikos incluye los siguientes puntos para comprender todos los detalles de la COP30:<\/p>\n<ul>\n<li><strong>Term\u00f3metro pol\u00edtico global:<\/strong>\u00a0EE.\u00a0UU., Europa y el nuevo tablero geopol\u00edtico clim\u00e1tico.<\/li>\n<li><strong>Actualizaci\u00f3n NDC 2035:<\/strong>\u00a0c\u00f3mo son los nuevos objetivos\u00a0nacionales\u00a0y qu\u00e9 cambia realmente.<\/li>\n<li><strong>Puntos de inflexi\u00f3n y aceleraci\u00f3n reciente:<\/strong>\u00a0el posible acercamiento a umbrales cr\u00edticos y sus implicaciones.<\/li>\n<li><strong>Brasil y la diplomacia amaz\u00f3nica:<\/strong>\u00a0oportunidades y l\u00edmites de los enfoques\u00a0clim\u00e1ticos centrados en la\u00a0biodiversidad.<\/li>\n<li><strong>Finanzas clim\u00e1ticas y nueva meta global:<\/strong>\u00a0de \u00abm\u00e1s dinero\u00bb\u00a0a \u00abmejor dinero\u00bb.<\/li>\n<li><strong>Reglas y\u00a0<em>greenwashing<\/em>:<\/strong>\u00a0evitar disputas y\u00a0litigios y dar claridad\u00a0y transparencia a la descarbonizaci\u00f3n.<\/li>\n<li><strong>Adaptaci\u00f3n y seguridad clim\u00e1tica:<\/strong>\u00a0la adaptaci\u00f3n\u00a0pide paso en esta COP.<\/li>\n<li><strong>Calendario operativo de la COP30:<\/strong>\u00a0hitos y agenda.<\/li>\n<\/ul>\n<hr \/>\n<p><em>El informe puede descargarse de manera gratuita <a href=\"https:\/\/www.oikos.eco\/es\/publicacion\/la-cop-ante-la-encrucijada\" target=\"_blank\" rel=\"external nofollow noopener\" data-wpel-link=\"external\">en este enlace<\/a>.<\/em><\/p>\n<div class=\"not_in_mobile\">\n<div class=\"ficha ficha-articulistas cf\">\n<div class=\"articulistas-wrapper count-1\">\n<p class=\"title\">Art\u00edculo <a href=\"https:\/\/ethic.es\/articulistas\/ethic\" data-wpel-link=\"internal\">Ethic<\/a><\/p>\n<p>https:\/\/ethic.es\/cop30-ante-la-encrucijada<\/p>\n<\/div>\n<\/div>\n<\/div>\n","protected":false},"excerpt":{"rendered":"<p>Oikos presenta el informe \u00abLa COP ante la encrucijada. Gu\u00eda de la COP30 en Brasil\u00bb,&#8230;<\/p>\n","protected":false},"author":1,"featured_media":80016,"comment_status":"closed","ping_status":"closed","sticky":false,"template":"","format":"standard","meta":{"_coblocks_attr":"","_coblocks_dimensions":"","_coblocks_responsive_height":"","_coblocks_accordion_ie_support":"","jetpack_post_was_ever_published":false,"_jetpack_newsletter_access":"","_jetpack_dont_email_post_to_subs":false,"_jetpack_newsletter_tier_id":0,"_jetpack_memberships_contains_paywalled_content":false,"_jetpack_memberships_contains_paid_content":false,"footnotes":"","jetpack_publicize_message":"","jetpack_publicize_feature_enabled":true,"jetpack_social_post_already_shared":true,"jetpack_social_options":{"image_generator_settings":{"template":"highway","default_image_id":0,"enabled":false},"version":2}},"categories":[10797,1161,9,44],"tags":[],"class_list":["post-80015","post","type-post","status-publish","format-standard","has-post-thumbnail","hentry","category-ciencia","category-ciudadania","category-medio-ambiente","category-noticias-de-hoy"],"jetpack_publicize_connections":[],"jetpack_featured_media_url":"https:\/\/i0.wp.com\/miradordeatarfe.es\/wp-content\/uploads\/2025\/11\/cop30-1-1280x768-1.jpg?fit=1280%2C768&ssl=1","jetpack_likes_enabled":true,"jetpack_sharing_enabled":true,"_links":{"self":[{"href":"https:\/\/miradordeatarfe.es\/index.php?rest_route=\/wp\/v2\/posts\/80015","targetHints":{"allow":["GET"]}}],"collection":[{"href":"https:\/\/miradordeatarfe.es\/index.php?rest_route=\/wp\/v2\/posts"}],"about":[{"href":"https:\/\/miradordeatarfe.es\/index.php?rest_route=\/wp\/v2\/types\/post"}],"author":[{"embeddable":true,"href":"https:\/\/miradordeatarfe.es\/index.php?rest_route=\/wp\/v2\/users\/1"}],"replies":[{"embeddable":true,"href":"https:\/\/miradordeatarfe.es\/index.php?rest_route=%2Fwp%2Fv2%2Fcomments&post=80015"}],"version-history":[{"count":1,"href":"https:\/\/miradordeatarfe.es\/index.php?rest_route=\/wp\/v2\/posts\/80015\/revisions"}],"predecessor-version":[{"id":80017,"href":"https:\/\/miradordeatarfe.es\/index.php?rest_route=\/wp\/v2\/posts\/80015\/revisions\/80017"}],"wp:featuredmedia":[{"embeddable":true,"href":"https:\/\/miradordeatarfe.es\/index.php?rest_route=\/wp\/v2\/media\/80016"}],"wp:attachment":[{"href":"https:\/\/miradordeatarfe.es\/index.php?rest_route=%2Fwp%2Fv2%2Fmedia&parent=80015"}],"wp:term":[{"taxonomy":"category","embeddable":true,"href":"https:\/\/miradordeatarfe.es\/index.php?rest_route=%2Fwp%2Fv2%2Fcategories&post=80015"},{"taxonomy":"post_tag","embeddable":true,"href":"https:\/\/miradordeatarfe.es\/index.php?rest_route=%2Fwp%2Fv2%2Ftags&post=80015"}],"curies":[{"name":"wp","href":"https:\/\/api.w.org\/{rel}","templated":true}]}}