{"id":8002,"date":"2016-04-05T08:31:06","date_gmt":"2016-04-05T08:31:06","guid":{"rendered":"http:\/\/miradordeatarfe.es\/?p=8002"},"modified":"2016-04-04T19:38:54","modified_gmt":"2016-04-04T19:38:54","slug":"una-maratonpara-reivindicar-el-valor-patrimonial-de-la-vega","status":"publish","type":"post","link":"https:\/\/miradordeatarfe.es\/?p=8002","title":{"rendered":"Una marat\u00f3npara reivindicar el valor patrimonial de la Vega"},"content":{"rendered":"<p class=\"titular\">Una marat\u00f3n recorrer\u00e1 una decena de pueblos metropolitanos para reivindicar el valor patrimonial de la Vega<!--more--><\/p>\n<p class=\"entradilla_noticia\">Los pueblos de la zona Suroeste de la comarca recuperan una prueba de 42 kil\u00f3metros que adem\u00e1s impulsa la ruta lorquiana<\/p>\n<div class=\"contenedor\">\n<div id=\"attachment_65413\" class=\"wp-caption alignright\">\nLa prueba ha sido presentada con todos los representantes de instituciones y organismos que participan en su organizaci\u00f3n.<\/p>\n<p>Una ruta de 42 kil\u00f3metros a modo de marat\u00f3n reivindicar\u00e1 el pr\u00f3ximo 10 de abril el valor patrimonial de la Vega de <strong>Granada<\/strong>. El recorrido discurrir\u00e1 por hasta diez localidades del \u00c1rea Metropolitana de <strong>Granada<\/strong> y adem\u00e1s est\u00e1 vinculado a los municipios y paisajes que inspiraron la obra y marcaron la vida de Federico Garc\u00eda Lorca.<\/p>\n<\/div>\n<p style=\"text-align: justify;\">La \u2018I EcoMarath\u00f3n Vega de Granada Ruta Lorca\u2019 cuenta ya con 200 inscritos y recupera as\u00ed una de las pruebas deportivas m\u00e1s exigentes del entorno de <strong>Granada<\/strong> capital, como ya se celebraba en los a\u00f1os 80 en la misma zona. <strong>Partir\u00e1 y tendr\u00e1 llegada en Atarfe, en el Campo de F\u00fatbol<\/strong>, y recorrer\u00e1 otros n\u00facleos metropolitanos pertenecientes a las poblaciones de <strong>Pinos Puente<\/strong>, <strong>Fuente Vaqueros<\/strong>, <strong>Valderrubio<\/strong>,<strong> \u00cdllora, L\u00e1char<\/strong>, <strong>Cijuela<\/strong>, <strong>Chauchina<\/strong> y <strong>Santa Fe<\/strong>.<\/p>\n<p style=\"text-align: justify;\">Entre los puntos hist\u00f3ricos por los que est\u00e1 realizado el trazado se encuentra el Camino Moz\u00e1rabe junto a las v\u00edas del tren, la Ribera del R\u00edo Cubillas, el margen del R\u00edo Genil o las inmediaciones de la vivienda donde naci\u00f3 Federico Garc\u00eda Lorca.<\/p>\n<p style=\"text-align: justify;\">La carrera es una idea que llevaba fragu\u00e1ndose \u201cmuchos a\u00f1os\u201d, ha se\u00f1alado Javier Alonso, uno de los portavoces de la Plataforma Vega Educa, que adem\u00e1s ha resaltado que la zona de la Vega se defiende \u201ccon acciones de este tipo\u201d mediante las que se pone \u201cen valor\u201d a este espacio terrenal que es \u201cfuturo, respetando la tradici\u00f3n\u201d. Lo que suceder\u00e1 el d\u00eda 10 es una \u201cmanifestaci\u00f3n de orgullo por la Vega\u201d, ha a\u00f1adido Alonso, que ha recalcado tambi\u00e9n que se \u201cpuede proteger\u201d.<\/p>\n<p style=\"text-align: justify;\">\u201cSe recupera esta prueba por la puerta grande\u201d, ha explicado en rueda de prensa el presidente de la Diputaci\u00f3n de <strong>Granada<\/strong>, Jos\u00e9 Entrena, quien adem\u00e1s ha recordado que la competici\u00f3n recorre lugares lorquianos y se realiza una perspectiva deportiva ligada a la protecci\u00f3n del patrimonio vegue\u00f1o granadino, para sacarle \u201cun valor a\u00f1adido\u201d a la competici\u00f3n, mezclando as\u00ed el aspecto cultural, tur\u00edstico y la generaci\u00f3n de econom\u00eda y empleo que supone esta zona.<\/p>\n<p style=\"text-align: justify;\">Por su parte, la concejal de Deportes del Ayuntamiento de <strong>Atarfe<\/strong>, Gloria Casado, ha explicado que se trata de un proyecto que se ha hecho realidad con el paso del tiempo, mostr\u00e1ndose confiada en que pueda seguir celebr\u00e1ndose incluso con otras localidades de salida.<\/p>\n<p style=\"text-align: justify;\">La prueba cuenta con la colaboraci\u00f3n de la Delegaci\u00f3n de Deportes, adem\u00e1s de los ayuntamientos por los municipios por los que discurre junto al de <strong>Las Gabias<\/strong>, la Delegaci\u00f3n granadina de la Federaci\u00f3n Andaluza de Atletismo y el patrocinio de diversas entidades.<\/p>\n<p style=\"text-align: justify;\"><span class=\"autor\"><a title=\"Entradas de Luis F. Ruiz\" href=\"http:\/\/www.ahoragranada.com\/author\/luis-f-ruiz\/\" rel=\"author\">Luis F. Ruiz<\/a> | 1 abril, 2016 | 12:46 <\/span><\/p>\n<p style=\"text-align: justify;\">Foto: L. F. R.<\/p>\n<p style=\"text-align: justify;\">\n<\/div>\n","protected":false},"excerpt":{"rendered":"<p>Una marat\u00f3n recorrer\u00e1 una decena de pueblos metropolitanos para reivindicar el valor patrimonial de la&#8230;<\/p>\n","protected":false},"author":1,"featured_media":8003,"comment_status":"closed","ping_status":"closed","sticky":false,"template":"","format":"standard","meta":{"_coblocks_attr":"","_coblocks_dimensions":"","_coblocks_responsive_height":"","_coblocks_accordion_ie_support":"","jetpack_post_was_ever_published":false,"_jetpack_newsletter_access":"","_jetpack_dont_email_post_to_subs":false,"_jetpack_newsletter_tier_id":0,"_jetpack_memberships_contains_paywalled_content":false,"_jetpack_memberships_contains_paid_content":false,"footnotes":"","jetpack_publicize_message":"","jetpack_publicize_feature_enabled":true,"jetpack_social_post_already_shared":false,"jetpack_social_options":{"image_generator_settings":{"template":"highway","default_image_id":0,"enabled":false},"version":2}},"categories":[2,44,15],"tags":[617,2432],"class_list":["post-8002","post","type-post","status-publish","format-standard","has-post-thumbnail","hentry","category-atarfe","category-noticias-de-hoy","category-ultimas-noticias","tag-maraton","tag-vegas"],"jetpack_publicize_connections":[],"jetpack_featured_media_url":"https:\/\/i0.wp.com\/miradordeatarfe.es\/wp-content\/uploads\/2016\/04\/EcoMarath%C3%B3n-Vega-Granada-768x432.jpg?fit=768%2C432&ssl=1","jetpack_likes_enabled":true,"jetpack_sharing_enabled":true,"_links":{"self":[{"href":"https:\/\/miradordeatarfe.es\/index.php?rest_route=\/wp\/v2\/posts\/8002","targetHints":{"allow":["GET"]}}],"collection":[{"href":"https:\/\/miradordeatarfe.es\/index.php?rest_route=\/wp\/v2\/posts"}],"about":[{"href":"https:\/\/miradordeatarfe.es\/index.php?rest_route=\/wp\/v2\/types\/post"}],"author":[{"embeddable":true,"href":"https:\/\/miradordeatarfe.es\/index.php?rest_route=\/wp\/v2\/users\/1"}],"replies":[{"embeddable":true,"href":"https:\/\/miradordeatarfe.es\/index.php?rest_route=%2Fwp%2Fv2%2Fcomments&post=8002"}],"version-history":[{"count":1,"href":"https:\/\/miradordeatarfe.es\/index.php?rest_route=\/wp\/v2\/posts\/8002\/revisions"}],"predecessor-version":[{"id":8004,"href":"https:\/\/miradordeatarfe.es\/index.php?rest_route=\/wp\/v2\/posts\/8002\/revisions\/8004"}],"wp:featuredmedia":[{"embeddable":true,"href":"https:\/\/miradordeatarfe.es\/index.php?rest_route=\/wp\/v2\/media\/8003"}],"wp:attachment":[{"href":"https:\/\/miradordeatarfe.es\/index.php?rest_route=%2Fwp%2Fv2%2Fmedia&parent=8002"}],"wp:term":[{"taxonomy":"category","embeddable":true,"href":"https:\/\/miradordeatarfe.es\/index.php?rest_route=%2Fwp%2Fv2%2Fcategories&post=8002"},{"taxonomy":"post_tag","embeddable":true,"href":"https:\/\/miradordeatarfe.es\/index.php?rest_route=%2Fwp%2Fv2%2Ftags&post=8002"}],"curies":[{"name":"wp","href":"https:\/\/api.w.org\/{rel}","templated":true}]}}