{"id":80030,"date":"2025-11-15T11:00:27","date_gmt":"2025-11-15T10:00:27","guid":{"rendered":"https:\/\/miradordeatarfe.es\/?p=80030"},"modified":"2025-11-14T13:33:59","modified_gmt":"2025-11-14T12:33:59","slug":"la-cora-de-ilbira-apoya-la-candidatura-granada-capital-europea-de-la-cultura-2031","status":"publish","type":"post","link":"https:\/\/miradordeatarfe.es\/?p=80030","title":{"rendered":"LA CORA DE ILBIRA apoya la  candidatura Granada Capital Europea de la Cultura 2031."},"content":{"rendered":"<h3>El voluntariado granadino se suma a la Granada 2031 \u2013 Nos vemos este domingo en la Puerta de la Justicia<\/h3>\n<p style=\"text-align: justify;\">El pr\u00f3ximo domingo 16 de noviembre Granada celebrar\u00e1 el D\u00eda Internacional del Patrimonio Mundial con un amplio programa de actividades culturales por toda la ciudad. Ser\u00e1 un d\u00eda muy especial en el que toda Granada \u2014instituciones, tejido social y ciudadan\u00eda\u2014 se unir\u00e1 para mostrar su apoyo a la candidatura Granada Capital Europea de la Cultura 2031, en que estar\u00e1 NUESTRA ASOCIACI\u00d3N ATARFE\u00d1A.<\/p>\n<p style=\"text-align: justify;\">Desde la Plataforma de Voluntariado de Granada y desde la Cora de Ilbira queremos invitaros a acompa\u00f1arnos en este acto hist\u00f3rico y simb\u00f3lico, en el que el voluntariado mostrar\u00e1 su compromiso con esta candidatura.\u00a0Nos encontraremos a las 12:30 horas en la Puerta de la Justicia de la Alhambra, donde realizaremos la entrega de camisetas conmemorativas a las personas voluntarias participantes y firmaremos nuestra adhesi\u00f3n a este maravilloso proyecto, mostrando que el voluntariado tambi\u00e9n es cultura, patrimonio y futuro para Granada.<\/p>\n<p style=\"text-align: justify;\">Ser\u00e1 una jornada \u00fanica, en la que colectivos, asociaciones, instituciones y ciudadan\u00eda caminaremos juntos desde acompa\u00f1ando la grabaci\u00f3n del gran v\u00eddeo colectivo \u201cLa mano y la llave\u201d, dirigido por el cineasta granadino Manuel Sicilia, que servir\u00e1 como imagen de la candidatura Granada 2031.<\/p>\n<p style=\"text-align: justify;\">Entre todas y todos, haremos visible que el voluntariado tambi\u00e9n late en el coraz\u00f3n de Granada. Domingo 16 de noviembre \u2013 12:30h \u2013 Puerta de la Justicia (Alhambra)<\/p>\n","protected":false},"excerpt":{"rendered":"<p>El voluntariado granadino se suma a la Granada 2031 \u2013 Nos vemos este domingo en&#8230;<\/p>\n","protected":false},"author":1,"featured_media":80031,"comment_status":"closed","ping_status":"closed","sticky":false,"template":"","format":"standard","meta":{"_coblocks_attr":"","_coblocks_dimensions":"","_coblocks_responsive_height":"","_coblocks_accordion_ie_support":"","jetpack_post_was_ever_published":false,"_jetpack_newsletter_access":"","_jetpack_dont_email_post_to_subs":false,"_jetpack_newsletter_tier_id":0,"_jetpack_memberships_contains_paywalled_content":false,"_jetpack_memberships_contains_paid_content":false,"footnotes":"","jetpack_publicize_message":"","jetpack_publicize_feature_enabled":true,"jetpack_social_post_already_shared":true,"jetpack_social_options":{"image_generator_settings":{"template":"highway","default_image_id":0,"enabled":false},"version":2}},"categories":[186,9029,44,10799],"tags":[],"class_list":["post-80030","post","type-post","status-publish","format-standard","has-post-thumbnail","hentry","category-instituciones","category-la-cora-de-ilbira","category-noticias-de-hoy","category-voluntariado"],"jetpack_publicize_connections":[],"jetpack_featured_media_url":"https:\/\/i0.wp.com\/miradordeatarfe.es\/wp-content\/uploads\/2025\/11\/unnamed-1.png?fit=1414%2C459&ssl=1","jetpack_likes_enabled":true,"jetpack_sharing_enabled":true,"_links":{"self":[{"href":"https:\/\/miradordeatarfe.es\/index.php?rest_route=\/wp\/v2\/posts\/80030","targetHints":{"allow":["GET"]}}],"collection":[{"href":"https:\/\/miradordeatarfe.es\/index.php?rest_route=\/wp\/v2\/posts"}],"about":[{"href":"https:\/\/miradordeatarfe.es\/index.php?rest_route=\/wp\/v2\/types\/post"}],"author":[{"embeddable":true,"href":"https:\/\/miradordeatarfe.es\/index.php?rest_route=\/wp\/v2\/users\/1"}],"replies":[{"embeddable":true,"href":"https:\/\/miradordeatarfe.es\/index.php?rest_route=%2Fwp%2Fv2%2Fcomments&post=80030"}],"version-history":[{"count":1,"href":"https:\/\/miradordeatarfe.es\/index.php?rest_route=\/wp\/v2\/posts\/80030\/revisions"}],"predecessor-version":[{"id":80032,"href":"https:\/\/miradordeatarfe.es\/index.php?rest_route=\/wp\/v2\/posts\/80030\/revisions\/80032"}],"wp:featuredmedia":[{"embeddable":true,"href":"https:\/\/miradordeatarfe.es\/index.php?rest_route=\/wp\/v2\/media\/80031"}],"wp:attachment":[{"href":"https:\/\/miradordeatarfe.es\/index.php?rest_route=%2Fwp%2Fv2%2Fmedia&parent=80030"}],"wp:term":[{"taxonomy":"category","embeddable":true,"href":"https:\/\/miradordeatarfe.es\/index.php?rest_route=%2Fwp%2Fv2%2Fcategories&post=80030"},{"taxonomy":"post_tag","embeddable":true,"href":"https:\/\/miradordeatarfe.es\/index.php?rest_route=%2Fwp%2Fv2%2Ftags&post=80030"}],"curies":[{"name":"wp","href":"https:\/\/api.w.org\/{rel}","templated":true}]}}