{"id":80039,"date":"2025-11-15T10:30:52","date_gmt":"2025-11-15T09:30:52","guid":{"rendered":"https:\/\/miradordeatarfe.es\/?p=80039"},"modified":"2025-11-14T13:34:12","modified_gmt":"2025-11-14T12:34:12","slug":"el-maltrato-a-las-personas-mayores","status":"publish","type":"post","link":"https:\/\/miradordeatarfe.es\/?p=80039","title":{"rendered":"\u00abEL MALTRATO A LAS PERSONAS MAYORES\u00bb"},"content":{"rendered":"<h3 style=\"text-align: justify;\"><span style=\"font-family: georgia, palatino, serif;\">En Espa\u00f1a, el maltrato a las personas mayores es una realidad silenciada y creciente, con m\u00faltiples\u00a0formas de violencia f\u00edsica, psicol\u00f3gica, patrimonial y social que afectan\u00a0 principalmente en el \u00e1mbito familiar y social. <\/span><\/h3>\n<p style=\"text-align: justify;\"><span style=\"font-family: georgia, palatino, serif;\">La Asociaci\u00f3n por el Bienestar de la Tercera Edad (ABTE Candelaria) ha impulsado una\u00a0Iniciativa Legislativa Popular (ILP) para lograr una Ley de Protecci\u00f3n Integral contra el Maltrato a las\u00a0Personas Mayores, invitando a toda la ciudadan\u00eda a sumarse a trav\u00e9s de su plataforma <a href=\"http:\/\/www.pornuestrosmayores.org\"><span style=\"color: #800000;\">www.pornuestrosmayores.org<\/span> <\/a>para que esta ley pueda llegar al Congreso, ser debatida y finalmente aprobada. <\/span><\/p>\n<p style=\"text-align: justify;\"><span style=\"font-family: georgia, palatino, serif;\"><b>UNA EPIDEMIA OCULTA: EL MALTRATO A LOS MAYORES <\/b><\/span><\/p>\n<p style=\"text-align: justify;\"><span style=\"font-family: georgia, palatino, serif;\">Seg\u00fan los datos de organizaciones como la ONU y Cruz Roja, aproximadamente el 16% de la poblaci\u00f3n\u00a0<\/span><span style=\"font-family: georgia, palatino, serif;\">mayor de 65 a\u00f1os sufre alguna forma de abuso, aunque la mayor\u00eda de los casos permanecen ocultos.\u00a0<\/span><span style=\"font-family: georgia, palatino, serif;\">Solo en el \u00faltimo a\u00f1o, Cruz Roja Espa\u00f1ola atendi\u00f3 a m\u00e1s de 2.200 personas mayores v\u00edctimas de\u00a0<\/span><span style=\"font-family: georgia, palatino, serif;\">maltrato, de las cuales el 85% eran mujeres. El informe SEAM (Servicio Estatal de Atenci\u00f3n a Personas\u00a0<\/span><span style=\"font-family: georgia, palatino, serif;\">Mayores) 2024 alerta sobre el crecimiento de los casos no solo en el entorno familiar, sino tambi\u00e9n en\u00a0<\/span><span style=\"font-family: georgia, palatino, serif;\">residencias, hospitales y otros entornos comunitarios. <\/span><\/p>\n<p style=\"text-align: justify;\"><span style=\"font-family: georgia, palatino, serif;\">Las formas de maltrato m\u00e1s frecuentes incluyen el maltrato psicol\u00f3gico, el econ\u00f3mico, la negligencia y el\u00a0<\/span><span style=\"font-family: georgia, palatino, serif;\">maltrato f\u00edsico. Es especialmente preocupante el hecho de que la mayor\u00eda de las v\u00edctimas viven\u00a0<\/span><span style=\"font-family: georgia, palatino, serif;\">acompa\u00f1adas y tienen ingresos propios, lo que evidencia la vulnerabilidad de este sector social ante <\/span><span style=\"font-family: georgia, palatino, serif;\">pr\u00e1cticas abusivas normalizadas. <\/span><\/p>\n<p style=\"text-align: justify;\"><span style=\"font-family: georgia, palatino, serif;\"><b>\u00bfPor qu\u00e9 es necesaria una ley integral espec\u00edfica? <\/b><\/span><\/p>\n<p style=\"text-align: justify;\"><span style=\"font-family: georgia, palatino, serif;\">Pese a que existen normativas que protegen los derechos de las personas mayores, la fragmentaci\u00f3n <\/span><span style=\"font-family: georgia, palatino, serif;\">legal y la falta de un marco normativo integral dificultan la prevenci\u00f3n, detecci\u00f3n y sanci\u00f3n del maltrato. <\/span><span style=\"font-family: georgia, palatino, serif;\">De ah\u00ed la relevancia de la \u00a0Iniciativa Legislativa Popular promovida por ABTE Candelaria, que busca consolidar una ley nacional que <\/span><span style=\"font-family: georgia, palatino, serif;\">garantice la dignidad, seguridad y plenitud de derechos de las personas mayores en todo el territorio <\/span><span style=\"font-family: georgia, palatino, serif;\">espa\u00f1ol. <\/span><\/p>\n<p style=\"text-align: justify;\"><span style=\"font-family: georgia, palatino, serif;\">La futura ley propone un marco jur\u00eddico para: asegurar la protecci\u00f3n efectiva de las v\u00edctimas, coordinar la <\/span><span style=\"font-family: georgia, palatino, serif;\">prevenci\u00f3n desde las instituciones, fortalecer sistemas de denuncia y apoyo adaptados y gratuitos, <\/span><span style=\"font-family: georgia, palatino, serif;\">garantizar formaci\u00f3n espec\u00edfica al personal de atenci\u00f3n y establecer un r\u00e9gimen sancionador <\/span><span style=\"font-family: georgia, palatino, serif;\">proporcional. Adem\u00e1s, contempla campa\u00f1as p\u00fablicas de sensibilizaci\u00f3n y la presencia de protocolos <\/span><span style=\"font-family: georgia, palatino, serif;\">obligatorios tanto en hospitales como en residencias y servicios sociales. <\/span><\/p>\n<p style=\"text-align: justify;\"><span style=\"font-family: georgia, palatino, serif;\">C\u00f3mo la ciudadan\u00eda puede contribuir: <b>tu firma cuenta <\/b><\/span><\/p>\n<p style=\"text-align: justify;\"><span style=\"font-family: georgia, palatino, serif;\">La \u00a0Iniciativa Legislativa Popular (ILP) ya ha sido admitida a tr\u00e1mite por la Mesa del Congreso, pero necesita contar con medio mill\u00f3n de <\/span><span style=\"font-family: georgia, palatino, serif;\">firmas validadas por la Junta Electoral Central para continuar su proceso legislativo. ABTE Candelaria <\/span><span style=\"font-family: georgia, palatino, serif;\">invita a todas las personas, profesionales, familias, y entidades comprometidas con el bienestar de los <\/span><span style=\"font-family: georgia, palatino, serif;\">mayores a sumarse a esta causa, firmando digitalmente o solicitando pliegos para la firma en el <\/span><span style=\"font-family: georgia, palatino, serif;\">portal <span style=\"color: #800000;\"><b><a style=\"color: #800000;\" href=\"http:\/\/www.pornuestrosmayores.org\/\">www.pornuestrosmayores.org<\/a> <\/b><\/span><\/span><\/p>\n<p style=\"text-align: justify;\"><span style=\"font-family: georgia, palatino, serif;\">La participaci\u00f3n ciudadana es clave para que el Congreso debata y apruebe esta ley, marcando un antes\u00a0<\/span><span style=\"font-family: georgia, palatino, serif;\">y un despu\u00e9s en la protecci\u00f3n de uno de los colectivos m\u00e1s valiosos y vulnerables de nuestra sociedad. <\/span><span style=\"font-family: georgia, palatino, serif;\">Cada firma acerca la aprobaci\u00f3n definitiva de una Ley de Protecci\u00f3n Integral contra el Maltrato a las <\/span><span style=\"font-family: georgia, palatino, serif;\">Personas Mayores, contribuyendo a construir una sociedad m\u00e1s justa, respetuosa y solidaria con la <\/span><span style=\"font-family: georgia, palatino, serif;\">dignidad de nuestros mayores. <\/span><\/p>\n<p><span style=\"font-family: georgia, palatino, serif;\"><b>FRANCISCO MIGUEL CONTRERAS S\u00c1EZ <\/b><\/span><\/p>\n<p><span style=\"font-family: georgia, palatino, serif;\"><b>VICEPRESIDENTE Y COORDINADOR JUR\u00cdDICO DE ABTE<\/b><\/span><\/p>\n<p>foto: https:\/\/pornuestrosmayores.org\/<\/p>\n<p><div class=\"jetpack-video-wrapper\"><iframe loading=\"lazy\" title=\"I L P (INICIATIVA LEGISLATIVA POPULAR)_\" width=\"640\" height=\"360\" src=\"https:\/\/www.youtube.com\/embed\/_6BgHM1nCvg?feature=oembed\" frameborder=\"0\" allow=\"accelerometer; autoplay; clipboard-write; encrypted-media; gyroscope; picture-in-picture; web-share\" referrerpolicy=\"strict-origin-when-cross-origin\" allowfullscreen><\/iframe><\/div>\n<\/p>\n<h1><b><a href=\"http:\/\/www.pornuestrosmayores.org\/\">www.pornuestrosmayores.org<\/a><\/b><\/h1>\n","protected":false},"excerpt":{"rendered":"<p>En Espa\u00f1a, el maltrato a las personas mayores es una realidad silenciada y creciente, con&#8230;<\/p>\n","protected":false},"author":1,"featured_media":80040,"comment_status":"closed","ping_status":"closed","sticky":false,"template":"","format":"standard","meta":{"_coblocks_attr":"","_coblocks_dimensions":"","_coblocks_responsive_height":"","_coblocks_accordion_ie_support":"","jetpack_post_was_ever_published":false,"_jetpack_newsletter_access":"","_jetpack_dont_email_post_to_subs":false,"_jetpack_newsletter_tier_id":0,"_jetpack_memberships_contains_paywalled_content":false,"_jetpack_memberships_contains_paid_content":false,"footnotes":"","jetpack_publicize_message":"","jetpack_publicize_feature_enabled":true,"jetpack_social_post_already_shared":true,"jetpack_social_options":{"image_generator_settings":{"template":"highway","default_image_id":0,"enabled":false},"version":2}},"categories":[1161,186,44,6937],"tags":[],"class_list":["post-80039","post","type-post","status-publish","format-standard","has-post-thumbnail","hentry","category-ciudadania","category-instituciones","category-noticias-de-hoy","category-sociedad"],"jetpack_publicize_connections":[],"jetpack_featured_media_url":"https:\/\/i0.wp.com\/miradordeatarfe.es\/wp-content\/uploads\/2025\/11\/back-view-of-lonely-elderly-man-sitting-on-a-bed-a-2024-12-13-23-09-47-utc-2048x1365-1.webp?fit=1600%2C1066&ssl=1","jetpack_likes_enabled":true,"jetpack_sharing_enabled":true,"_links":{"self":[{"href":"https:\/\/miradordeatarfe.es\/index.php?rest_route=\/wp\/v2\/posts\/80039","targetHints":{"allow":["GET"]}}],"collection":[{"href":"https:\/\/miradordeatarfe.es\/index.php?rest_route=\/wp\/v2\/posts"}],"about":[{"href":"https:\/\/miradordeatarfe.es\/index.php?rest_route=\/wp\/v2\/types\/post"}],"author":[{"embeddable":true,"href":"https:\/\/miradordeatarfe.es\/index.php?rest_route=\/wp\/v2\/users\/1"}],"replies":[{"embeddable":true,"href":"https:\/\/miradordeatarfe.es\/index.php?rest_route=%2Fwp%2Fv2%2Fcomments&post=80039"}],"version-history":[{"count":2,"href":"https:\/\/miradordeatarfe.es\/index.php?rest_route=\/wp\/v2\/posts\/80039\/revisions"}],"predecessor-version":[{"id":80042,"href":"https:\/\/miradordeatarfe.es\/index.php?rest_route=\/wp\/v2\/posts\/80039\/revisions\/80042"}],"wp:featuredmedia":[{"embeddable":true,"href":"https:\/\/miradordeatarfe.es\/index.php?rest_route=\/wp\/v2\/media\/80040"}],"wp:attachment":[{"href":"https:\/\/miradordeatarfe.es\/index.php?rest_route=%2Fwp%2Fv2%2Fmedia&parent=80039"}],"wp:term":[{"taxonomy":"category","embeddable":true,"href":"https:\/\/miradordeatarfe.es\/index.php?rest_route=%2Fwp%2Fv2%2Fcategories&post=80039"},{"taxonomy":"post_tag","embeddable":true,"href":"https:\/\/miradordeatarfe.es\/index.php?rest_route=%2Fwp%2Fv2%2Ftags&post=80039"}],"curies":[{"name":"wp","href":"https:\/\/api.w.org\/{rel}","templated":true}]}}