{"id":80044,"date":"2025-11-18T10:30:37","date_gmt":"2025-11-18T09:30:37","guid":{"rendered":"https:\/\/miradordeatarfe.es\/?p=80044"},"modified":"2025-11-17T09:53:03","modified_gmt":"2025-11-17T08:53:03","slug":"los-parques-no-son-solo-para-el-verano","status":"publish","type":"post","link":"https:\/\/miradordeatarfe.es\/?p=80044","title":{"rendered":"Los parques no son solo para el verano"},"content":{"rendered":"<h3 class=\"entradilla\" style=\"text-align: justify;\">Los parques y espacios verdes desempe\u00f1an un importante papel en las ciudades, ya que amortiguan las oscilaciones de temperatura, aportan ox\u00edgeno a la atm\u00f3sfera urbana, refrescan el aire y moderan las velocidades extremas de viento<\/h3>\n<div class=\"theconversation-article-body\">\n<p style=\"text-align: justify;\">Con las olas de calor del pasado verano en Espa\u00f1a, se ha hablado tanto sobre los <a href=\"https:\/\/ethic.es\/2023\/07\/la-era-de-los-refugios-climaticos\/\" target=\"_blank\" rel=\"noopener\" data-wpel-link=\"internal\">refugios clim\u00e1ticos<\/a> urbanos que incluso esa expresi\u00f3n se ha hecho ya popular entre los ciudadanos, oy\u00e9ndose con frecuencia esos t\u00e9rminos en cualquier conversaci\u00f3n cotidiana.<\/p>\n<p style=\"text-align: justify;\">Las redes de refugios clim\u00e1ticos existentes en algunas ciudades est\u00e1n integradas por diferentes espacios o equipamientos municipales, algunos interiores, como bibliotecas o centros c\u00edvicos, y otros exteriores, como parques, jardines o interiores de manzana. Es previsible que su n\u00famero siga aumentando.<\/p>\n<p style=\"text-align: justify;\">Es en este contexto cuando no est\u00e1 de m\u00e1s recordar las razones que explican por qu\u00e9 los parques y <a href=\"https:\/\/ethic.es\/arboles-urbanos-reducir-mortalidad\" target=\"_blank\" rel=\"noopener\" data-wpel-link=\"internal\">jardines urbanos<\/a> siguen siendo el refugio clim\u00e1tico natural por excelencia, el m\u00e1s sostenible. Tal como se ha comprobado para Barcelona, la mayor\u00eda de las personas adultas de m\u00e1s edad (54%) prefieren utilizarlos de forma habitual para mitigar el calor. No obstante, tambi\u00e9n ofrecen en los meses m\u00e1s fr\u00edos otras ventajas socioambientales: mitigan el fr\u00edo y el viento, mejoran la calidad del aire, aten\u00faan el ruido y sirven de lugar de encuentro.<\/p>\n<h2 style=\"text-align: justify;\">\u00c1rboles para el verano y \u00e1rboles para el invierno<\/h2>\n<p style=\"text-align: justify;\">Los parques y espacios verdes desempe\u00f1an un importante papel en las ciudades, ya que amortiguan las oscilaciones de temperatura, aportan ox\u00edgeno a la atm\u00f3sfera urbana, refrescan el aire y moderan las velocidades extremas de viento.<\/p>\n<p style=\"text-align: justify;\">El dise\u00f1o de la vegetaci\u00f3n en los parques urbanos puede adecuarse para interceptar la radiaci\u00f3n solar en situaciones de excesivo calor, o bien para no interferirla cuando lo que se desea es el efecto opuesto.<\/p>\n<p style=\"text-align: justify;\">Los <a href=\"https:\/\/ethic.es\/arboles-mejor-funcionan-refrescar-ciudades\" target=\"_blank\" rel=\"noopener\" data-wpel-link=\"internal\">\u00e1rboles<\/a>, por ejemplo, interceptan cantidades de radiaci\u00f3n solar directa que var\u00edan dependiendo de la densidad de su follaje, del tipo de copa y de si forman una capa o dosel suficientemente espeso. De la radiaci\u00f3n que incide, una parte es reflejada (10-25%), mientras que entre un 15 y un 35% queda absorbida por el \u00e1rbol para utilizarla en los procesos de transpiraci\u00f3n y fotos\u00edntesis durante las horas de m\u00e1xima insolaci\u00f3n, dejando pasar, finalmente, entre un 30 y un 50 %.<\/p>\n<p style=\"text-align: justify;\">Algunas especies de los g\u00e9neros <em>Acer<\/em> y <em>Quercus<\/em>, como el arce y el roble, pueden llegar a absorber y reflejar en torno al 90\u00a0% de la radiaci\u00f3n directa.<\/p>\n<p style=\"text-align: justify;\">En los climas templados de latitudes medias, la necesidad de interceptar parte de la radiaci\u00f3n solar directa var\u00eda seg\u00fan la \u00e9poca estacional. En los meses c\u00e1lidos es deseable reducir al m\u00e1ximo la cantidad de radiaci\u00f3n incidente que llega a la superficie. En cambio, en los meses fr\u00edos, ser\u00e1 al contrario. Por esta raz\u00f3n son recomendables los grandes \u00e1rboles de hoja caduca (pl\u00e1tano de sombra, almez, s\u00f3fora, tipuana\u2026), ya que se comportan como <strong>\u00abpersianas perfectas\u00bb<\/strong>: proporcionan sombra en verano y, en cambio, dejan pasar en mayor medida la radiaci\u00f3n en invierno.<\/p>\n<h2 style=\"text-align: justify;\">Efectos en la precipitaci\u00f3n y el viento<\/h2>\n<p style=\"text-align: justify;\">El arbolado urbano tambi\u00e9n participa en el control de la precipitaci\u00f3n, al interceptar una parte y, con ello, aminorar el impacto de las gotas en el suelo.<\/p>\n<blockquote>\n<p>El arbolado urbano tambi\u00e9n participa en el control de la precipitaci\u00f3n<\/p>\n<\/blockquote>\n<p style=\"text-align: justify;\">Los \u00e1rboles y las plantas, debido al proceso de transpiraci\u00f3n, desprenden vapor de agua a trav\u00e9s de los estomas (poros) de las hojas, por lo que son indispensables para rehidratar el ambiente excesivamente seco del medio urbano.<\/p>\n<p style=\"text-align: justify;\">Los \u00e1rboles pueden reducir, asimismo, la velocidad del viento y crear \u00e1reas protegidas, interfiriendo en los procesos de enfriamiento del aire por la evaporaci\u00f3n. Con ellos se puede controlar el viento ya sea por obstrucci\u00f3n, conducci\u00f3n, desviaci\u00f3n o filtraci\u00f3n. El efecto y el grado de control var\u00edan, en todo caso, con el tama\u00f1o de las especies, as\u00ed como con su forma y densidad. \u00c1rboles de hoja perenne, como los cipreses, se emplean como cortavientos.<\/p>\n<h2 style=\"text-align: justify;\">Amortiguaci\u00f3n de la temperatura<\/h2>\n<p style=\"text-align: justify;\">La vegetaci\u00f3n concentrada en los parques y jardines influye tambi\u00e9n directamente sobre la temperatura de la ciudad, amortiguando los valores elevados del verano y, en especial, disminuyendo la intensidad del efecto de la isla de calor urbano.<\/p>\n<p style=\"text-align: justify;\">As\u00ed, es frecuente que en los parques (sobre todo, si son de ciertas dimensiones) se observe una significativa disminuci\u00f3n de la temperatura en comparaci\u00f3n con los lugares edificados de alrededor. Este efecto queda reflejado en los mapas de temperaturas de algunas ciudades, donde los parques aparecen como islas, islotes o c\u00e9lulas de frescor, con una menor temperatura, una mayor humedad relativa y producci\u00f3n de ox\u00edgeno.<\/p>\n<p style=\"text-align: justify;\">El efecto se deja sentir, sobre todo, con vientos d\u00e9biles o en calma y en noches claras o despejadas, justo cuando la isla de calor urbana est\u00e1 bien desarrollada. En ocasiones, la diferencia t\u00e9rmica provoca ligeros flujos de aire fresco que se extienden por las calles pr\u00f3ximas, llamados <strong>\u00abbrisas de parque\u00bb.<\/strong><\/p>\n<p style=\"text-align: justify;\">En las ciudades espa\u00f1olas este efecto microclim\u00e1tico se conoce particularmente bien en el caso de Madrid, con varios estudios sobre el Parque de El Retiro, la Casa de Campo y otros. En un parque caracter\u00edsticamente urbano como El Retiro (120 hect\u00e1reas de extensi\u00f3n) es bastante frecuente la aparici\u00f3n de una c\u00e9lula fresca de varios grados de diferencia en relaci\u00f3n con las temperaturas de los barrios lim\u00edtrofes.<\/p>\n<p style=\"text-align: justify;\">De igual modo ocurre en el caso de Barcelona, con algunos de sus parques como el Tur\u00f3 Parc o el Parque de la Ciutadella. En este \u00faltimo, el m\u00e1s extenso de la ciudad (31 hect\u00e1reas), se ha llegado a medir a primeras horas de la noche una diferencia t\u00e9rmica de algo m\u00e1s de 5\u00a0\u00b0C entre un punto central del parque y las calles de su entorno.<\/p>\n<p style=\"text-align: justify;\">Los parques urbanos son, por tanto, un elemento indispensable en el proceso de reverdecimiento de las ciudades. Un aut\u00e9ntico refugio clim\u00e1tico natural que hay que seguir cuidando y fomentando.<\/p>\n<hr \/>\n<p style=\"text-align: justify;\"><em><a href=\"https:\/\/theconversation.com\/profiles\/maria-del-carmen-moreno-garcia-2354828\" target=\"_blank\" rel=\"external nofollow noopener\" data-wpel-link=\"external\">Mar\u00eda Del Carmen Moreno Garcia<\/a> es profesora jubilada honor\u00edfica en el \u00c1rea de Geograf\u00eda F\u00edsica de la <a href=\"https:\/\/theconversation.com\/institutions\/universitat-de-barcelona-785\" target=\"_blank\" rel=\"external nofollow noopener\" data-wpel-link=\"external\">Universitat de Barcelona.<\/a> Este art\u00edculo fue publicado originalmente en <a href=\"https:\/\/theconversation.com\" target=\"_blank\" rel=\"external nofollow noopener\" data-wpel-link=\"external\">The Conversation<\/a>. Lea el <a href=\"https:\/\/theconversation.com\/los-parques-no-son-solo-para-el-verano-268258\" target=\"_blank\" rel=\"external nofollow noopener\" data-wpel-link=\"external\">original<\/a>.<\/em><\/p>\n<\/div>\n<h3>https:\/\/ethic.es\/parques-no-son-solo-para-verano?_gl=1*16lx0yo*_up*MQ..*_ga*NDUyNjM2Njc4LjE3NjMxMTcxMzg.*_ga_0LL6WCT924*czE3NjMxMTcxMzckbzEkZzEkdDE3NjMxMTcyMDAkajYwJGwwJGgxNTQwOTQ0Mjc1<\/h3>\n","protected":false},"excerpt":{"rendered":"<p>Los parques y espacios verdes desempe\u00f1an un importante papel en las ciudades, ya que amortiguan&#8230;<\/p>\n","protected":false},"author":1,"featured_media":80045,"comment_status":"closed","ping_status":"closed","sticky":false,"template":"","format":"standard","meta":{"_coblocks_attr":"","_coblocks_dimensions":"","_coblocks_responsive_height":"","_coblocks_accordion_ie_support":"","jetpack_post_was_ever_published":false,"_jetpack_newsletter_access":"","_jetpack_dont_email_post_to_subs":false,"_jetpack_newsletter_tier_id":0,"_jetpack_memberships_contains_paywalled_content":false,"_jetpack_memberships_contains_paid_content":false,"footnotes":"","jetpack_publicize_message":"","jetpack_publicize_feature_enabled":true,"jetpack_social_post_already_shared":true,"jetpack_social_options":{"image_generator_settings":{"template":"highway","default_image_id":0,"enabled":false},"version":2}},"categories":[10804,10797,1161,186,44],"tags":[],"class_list":["post-80044","post","type-post","status-publish","format-standard","has-post-thumbnail","hentry","category-cambio-climatico","category-ciencia","category-ciudadania","category-instituciones","category-noticias-de-hoy"],"jetpack_publicize_connections":[],"jetpack_featured_media_url":"https:\/\/i0.wp.com\/miradordeatarfe.es\/wp-content\/uploads\/2025\/11\/parques-1280x768-1.jpg?fit=1280%2C768&ssl=1","jetpack_likes_enabled":true,"jetpack_sharing_enabled":true,"_links":{"self":[{"href":"https:\/\/miradordeatarfe.es\/index.php?rest_route=\/wp\/v2\/posts\/80044","targetHints":{"allow":["GET"]}}],"collection":[{"href":"https:\/\/miradordeatarfe.es\/index.php?rest_route=\/wp\/v2\/posts"}],"about":[{"href":"https:\/\/miradordeatarfe.es\/index.php?rest_route=\/wp\/v2\/types\/post"}],"author":[{"embeddable":true,"href":"https:\/\/miradordeatarfe.es\/index.php?rest_route=\/wp\/v2\/users\/1"}],"replies":[{"embeddable":true,"href":"https:\/\/miradordeatarfe.es\/index.php?rest_route=%2Fwp%2Fv2%2Fcomments&post=80044"}],"version-history":[{"count":2,"href":"https:\/\/miradordeatarfe.es\/index.php?rest_route=\/wp\/v2\/posts\/80044\/revisions"}],"predecessor-version":[{"id":80047,"href":"https:\/\/miradordeatarfe.es\/index.php?rest_route=\/wp\/v2\/posts\/80044\/revisions\/80047"}],"wp:featuredmedia":[{"embeddable":true,"href":"https:\/\/miradordeatarfe.es\/index.php?rest_route=\/wp\/v2\/media\/80045"}],"wp:attachment":[{"href":"https:\/\/miradordeatarfe.es\/index.php?rest_route=%2Fwp%2Fv2%2Fmedia&parent=80044"}],"wp:term":[{"taxonomy":"category","embeddable":true,"href":"https:\/\/miradordeatarfe.es\/index.php?rest_route=%2Fwp%2Fv2%2Fcategories&post=80044"},{"taxonomy":"post_tag","embeddable":true,"href":"https:\/\/miradordeatarfe.es\/index.php?rest_route=%2Fwp%2Fv2%2Ftags&post=80044"}],"curies":[{"name":"wp","href":"https:\/\/api.w.org\/{rel}","templated":true}]}}