{"id":80048,"date":"2025-11-16T09:31:16","date_gmt":"2025-11-16T08:31:16","guid":{"rendered":"https:\/\/miradordeatarfe.es\/?p=80048"},"modified":"2025-11-14T13:02:11","modified_gmt":"2025-11-14T12:02:11","slug":"un-ano-despues-de-la-dana","status":"publish","type":"post","link":"https:\/\/miradordeatarfe.es\/?p=80048","title":{"rendered":"Un a\u00f1o despu\u00e9s de la dana"},"content":{"rendered":"<h3 class=\"main-title\" style=\"text-align: justify;\">Un a\u00f1o despu\u00e9s de la dana: lecciones aprendidas y tareas pendientes para evitar una cat\u00e1strofe similar en el futuro.La gesti\u00f3n exitosa del riesgo de inundaci\u00f3n exige una transformaci\u00f3n profunda que combine el conocimiento cient\u00edfico, la participaci\u00f3n ciudadana y la voluntad pol\u00edtica.<\/h3>\n<div class=\"theconversation-article-body\">\n<p style=\"text-align: justify;\">La dana que el 29 de octubre de 2024 afect\u00f3 a varias regiones del este de la pen\u00ednsula ib\u00e9rica constituy\u00f3 el episodio de precipitaci\u00f3n m\u00e1s extremo del siglo XXI en Espa\u00f1a. Seg\u00fan la Agencia Estatal de Meteorolog\u00eda (AEMET), este <a href=\"https:\/\/ethic.es\/2024\/11\/despues-de-la-dana-actuaciones-de-respuesta-desde-la-salud-publica\/\" target=\"_blank\" rel=\"noopener\" data-wpel-link=\"internal\">fen\u00f3meno<\/a> se form\u00f3 porque una bolsa de aire fr\u00edo en altura se situ\u00f3 entre el golfo de C\u00e1diz y el estrecho de Gibraltar, empujando aire muy h\u00famedo desde el Mediterr\u00e1neo hacia la costa. Las tormentas se organizaron en cadenas que durante horas se reactivaron repetidamente sobre las mismas localizaciones.<\/p>\n<p style=\"text-align: justify;\">La AEMET registr\u00f3 en Tur\u00eds (Valencia) 185 litros por metro cuadrado (l\/m\u00b2) en una hora y 772\u00a0l\/m\u00b2 en 24 horas. La combinaci\u00f3n de <a href=\"https:\/\/ethic.es\/2024\/10\/hacia-un-clima-mas-calido-que-origina-dana-mas-frecuentes-e-intensas\/\" target=\"_blank\" rel=\"noopener\" data-wpel-link=\"internal\">intensidades extremas<\/a> y persistencia espaciotemporal desencaden\u00f3 crecidas rel\u00e1mpago en pocas horas.<\/p>\n<p style=\"text-align: justify;\">La Confederaci\u00f3n Hidrogr\u00e1fica del J\u00facar estim\u00f3 caudales m\u00e1ximos de 3.500 metros c\u00fabicos por segundo (m\u00b3\/s) en el cruce de la rambla del Poyo con la A-3 y 2 400 m\u00b3\/s en el r\u00edo Magro, a la entrada de la presa de Forata.<\/p>\n<p style=\"text-align: justify;\">Adem\u00e1s de los 229 fallecidos en la Comunidad Valenciana, se registraron v\u00edctimas en Castilla-La Mancha (una en Mira, Cuenca, y seis en Letur, Albacete) y en Andaluc\u00eda (una en Alhaur\u00edn de la Torre, M\u00e1laga). Del total, 68 fueron hallados en las plantas bajas de viviendas y 35 en aparcamientos y s\u00f3tanos. Seg\u00fan el Centro de Integraci\u00f3n de Datos (CID), m\u00e1s de la mitad de las v\u00edctimas ten\u00eda 70 a\u00f1os o m\u00e1s, con 15 personas de 90 a\u00f1os o m\u00e1s. El mayor porcentaje de fallecidos (24%) se encontraba en la franja de 80 a 89 a\u00f1os.<\/p>\n<h2 style=\"text-align: justify;\">\u00bfQu\u00e9 factores contribuyeron a la tragedia?<\/h2>\n<p style=\"text-align: justify;\">La urbanizaci\u00f3n de espacios fluviales se intensific\u00f3 durante el desarrollismo espa\u00f1ol (d\u00e9cadas de 1960 y 1970 del siglo pasado) y, m\u00e1s tarde, durante la <strong>burbuja inmobiliaria<\/strong> (1997-2008). De las 75.000 viviendas afectadas por las inundaciones, el 31% se construyeron en este segundo per\u00edodo. Adem\u00e1s, la vulnerabilidad f\u00edsica de las edificaciones agrav\u00f3 la <a href=\"https:\/\/ethic.es\/entrevista-isabel-moreno\" target=\"_blank\" rel=\"noopener\" data-wpel-link=\"internal\">tragedia<\/a>, pues muchas plantas bajas, situadas a pie de calle, se convirtieron en trampas mortales al quedar inundadas.<\/p>\n<p style=\"text-align: justify;\">A las 7:36 horas del 29 de octubre, la AEMET activ\u00f3 una alerta roja por <strong>lluvias extremas<\/strong>. Seg\u00fan la Generalitat Valenciana, la Confederaci\u00f3n Hidrogr\u00e1fica del J\u00facar inform\u00f3 que a las 12:07 horas la rambla del Poyo hab\u00eda superado el umbral de prealerta. El caudal alcanz\u00f3 los 1\u00a0686\u00a0m\u00b3\/s a las 18:43 horas.<\/p>\n<p style=\"text-align: justify;\">La Generalitat Valenciana no activ\u00f3 el Centro de Coordinaci\u00f3n Operativa Integrada (CECOPI) hasta las 17:00 horas, y la alerta del sistema ES_Alert no se difundi\u00f3 hasta las 20:28 horas, cuando muchas zonas ya se encontraban inundadas.<\/p>\n<p style=\"text-align: justify;\">Aunque el Gobierno central ofreci\u00f3 apoyo desde las primeras horas, hubo controversia sobre el nivel de su implicaci\u00f3n al no asumir la direcci\u00f3n plena mediante la declaraci\u00f3n de emergencia de inter\u00e9s nacional (nivel de situaci\u00f3n 3 de protecci\u00f3n civil).<\/p>\n<blockquote>\n<p>La baja percepci\u00f3n del riesgo de la poblaci\u00f3n, junto con el retraso de la alerta ES_Alert, fueron determinantes<\/p>\n<\/blockquote>\n<p style=\"text-align: justify;\">La baja percepci\u00f3n del riesgo de la poblaci\u00f3n, junto con el retraso de la alerta ES_Alert, fueron determinantes. Un factor clave fue que no estaba lloviendo en muchos de los municipios afectados, lo que gener\u00f3 una falsa percepci\u00f3n de seguridad entre los vecinos. Esta confianza llev\u00f3 a la adopci\u00f3n de comportamientos de riesgo, como bajar a los garajes para rescatar veh\u00edculos, y a circular en tramos anegados de la red de carreteras.<\/p>\n<h2 style=\"text-align: justify;\">\u00bfC\u00f3mo podemos mitigar el impacto de futuras danas?<\/h2>\n<p style=\"text-align: justify;\">Para evitar que futuros fen\u00f3menos meteorol\u00f3gicos similares tengan unas consecuencias tan tr\u00e1gicas, podemos llevar a cabo diferentes acciones.<\/p>\n<ul style=\"text-align: justify;\">\n<li><strong>Caracterizar la incertidumbre del an\u00e1lisis de riesgos:<\/strong> hay que elaborar mapas probabil\u00edsticos que incorporen rangos de incertidumbre, que permitan cuantificar la probabilidad de inundaci\u00f3n en diferentes zonas (por ejemplo, 70\u00a0% frente a 30\u00a0%). Esta aproximaci\u00f3n permite una ordenaci\u00f3n del territorio m\u00e1s efectiva, en la que las \u00e1reas con mayor probabilidad de inundaci\u00f3n tengan mayores restricciones, mientras que las zonas con menor probabilidad se pueden destinar a usos compatibles con cierto nivel de riesgo.<\/li>\n<li><strong>Integrar la vulnerabilidad y resiliencia en la gesti\u00f3n del riesgo:<\/strong> conviene desarrollar \u00edndices de vulnerabilidad y resiliencia para identificar las \u00e1reas donde reside la poblaci\u00f3n con menor capacidad adaptativa, condiciones habitacionales inadecuadas (plantas bajas, s\u00f3tanos), limitaciones de movilidad o aislamiento social. Con esta informaci\u00f3n, las autoridades pueden dise\u00f1ar planes de evacuaci\u00f3n espec\u00edficos para la poblaci\u00f3n vulnerable, establecer redes de apoyo vecinal y priorizar mejoras en las viviendas m\u00e1s vulnerables.<\/li>\n<li><strong>Mitigar el riesgo mediante medidas estructurales<\/strong>: entre otras medidas, se requieren sistemas de drenaje urbano m\u00e1s eficientes, as\u00ed como presas en las cabeceras de los torrentes y tanques de tormenta que laminen las crecidas rel\u00e1mpago. Asimismo, convendr\u00eda promover medidas de autoprotecci\u00f3n en las viviendas (e.g., barrera permanente autom\u00e1tica por<br \/>\npresi\u00f3n de agua, compuerta abatible neum\u00e1tica, puerta estanca).<\/li>\n<li><strong>Mejorar el conocimiento del riesgo<\/strong>: hay que dise\u00f1ar planes de comunicaci\u00f3n que incrementen el conocimiento ciudadano sobre los riesgos de inundaci\u00f3n, as\u00ed como incorporar programas obligatorios de educaci\u00f3n en el riesgo en los curr\u00edculos de todas las etapas educativas no universitarias, tal y como se ha propuesto en el Plan de Formaci\u00f3n ante emergencias de Protecci\u00f3n Civil.<\/li>\n<li><strong>Hacia una gobernanza participativa<\/strong>: el fortalecimiento del capital social es una estrategia eficaz para mejorar la resiliencia comunitaria, actuando como facilitador de la gobernanza participativa al crear espacios de di\u00e1logo donde las partes interesadas (sociedad civil, autoridades, expertos) pueden involucrarse en la toma de decisiones sobre la gesti\u00f3n del riesgo.<\/li>\n<li><strong>Implantaci\u00f3n de un sistema de ayuda a la decisi\u00f3n (SAD)<\/strong>: hay que implantar un (SAD) que conecte en tiempo real los datos de la AEMET con los registros de la Conferencia Hidrogr\u00e1fica del J\u00facar. El SAD ofrece informaci\u00f3n de actualizaci\u00f3n continua sobre la intensidad de la lluvia o la profundidad del agua, facilitando la toma de decisiones y acortando las consultas entre administraciones.<\/li>\n<\/ul>\n<p style=\"text-align: justify;\">La gesti\u00f3n exitosa del riesgo de inundaci\u00f3n exige una transformaci\u00f3n profunda que combine el conocimiento cient\u00edfico, la participaci\u00f3n ciudadana y la voluntad pol\u00edtica. La experiencia acumulada debe traducirse en sociedades mejor informadas y preparadas, capaces de anticiparse y adaptarse a un contexto clim\u00e1tico cada vez m\u00e1s desafiante.<\/p>\n<hr \/>\n<p><em><a href=\"https:\/\/theconversation.com\/profiles\/jose-maria-bodoque-2247290\" target=\"_blank\" rel=\"external nofollow noopener\" data-wpel-link=\"external\">Jos\u00e9 Mar\u00eda Bodoque<\/a> es investigador en modelizaci\u00f3n hidrol\u00f3gica e hidr\u00e1ulica, hidromorfolog\u00eda y evaluaci\u00f3n del riesgo por inundaci\u00f3n, <a href=\"https:\/\/theconversation.com\/institutions\/universidad-de-castilla-la-mancha-3661\" target=\"_blank\" rel=\"external nofollow noopener\" data-wpel-link=\"external\">Universidad de Castilla-La Mancha.<\/a> Este art\u00edculo fue publicado originalmente en <a href=\"https:\/\/theconversation.com\" target=\"_blank\" rel=\"external nofollow noopener\" data-wpel-link=\"external\">The Conversation<\/a>. Lea el <a href=\"https:\/\/theconversation.com\/un-ano-despues-de-la-dana-lecciones-aprendidas-y-tareas-pendientes-para-evitar-una-catastrofe-similar-en-el-futuro-267366\" target=\"_blank\" rel=\"external nofollow noopener\" data-wpel-link=\"external\">original<\/a>.<\/em><\/div>\n<div class=\"author\">\n<p class=\"title\">Imagen\u00a0Wikimedia Commons<\/p>\n<p>https:\/\/ethic.es\/dana-lecciones-aprendidas-tareas-pendientes?_gl=1*q9o3i6*_up*MQ..*_ga*NDUyNjM2Njc4LjE3NjMxMTcxMzg.*_ga_0LL6WCT924*czE3NjMxMTcxMzckbzEkZzEkdDE3NjMxMTcyMDAkajYwJGwwJGgxNTQwOTQ0Mjc1<\/p>\n<\/div>\n","protected":false},"excerpt":{"rendered":"<p>Un a\u00f1o despu\u00e9s de la dana: lecciones aprendidas y tareas pendientes para evitar una cat\u00e1strofe&#8230;<\/p>\n","protected":false},"author":1,"featured_media":80049,"comment_status":"closed","ping_status":"closed","sticky":false,"template":"","format":"standard","meta":{"_coblocks_attr":"","_coblocks_dimensions":"","_coblocks_responsive_height":"","_coblocks_accordion_ie_support":"","jetpack_post_was_ever_published":false,"_jetpack_newsletter_access":"","_jetpack_dont_email_post_to_subs":false,"_jetpack_newsletter_tier_id":0,"_jetpack_memberships_contains_paywalled_content":false,"_jetpack_memberships_contains_paid_content":false,"footnotes":"","jetpack_publicize_message":"","jetpack_publicize_feature_enabled":true,"jetpack_social_post_already_shared":true,"jetpack_social_options":{"image_generator_settings":{"template":"highway","default_image_id":0,"enabled":false},"version":2}},"categories":[10797,1161,44],"tags":[],"class_list":["post-80048","post","type-post","status-publish","format-standard","has-post-thumbnail","hentry","category-ciencia","category-ciudadania","category-noticias-de-hoy"],"jetpack_publicize_connections":[],"jetpack_featured_media_url":"https:\/\/i0.wp.com\/miradordeatarfe.es\/wp-content\/uploads\/2025\/11\/dana-1280x768-1.jpg?fit=1280%2C768&ssl=1","jetpack_likes_enabled":true,"jetpack_sharing_enabled":true,"_links":{"self":[{"href":"https:\/\/miradordeatarfe.es\/index.php?rest_route=\/wp\/v2\/posts\/80048","targetHints":{"allow":["GET"]}}],"collection":[{"href":"https:\/\/miradordeatarfe.es\/index.php?rest_route=\/wp\/v2\/posts"}],"about":[{"href":"https:\/\/miradordeatarfe.es\/index.php?rest_route=\/wp\/v2\/types\/post"}],"author":[{"embeddable":true,"href":"https:\/\/miradordeatarfe.es\/index.php?rest_route=\/wp\/v2\/users\/1"}],"replies":[{"embeddable":true,"href":"https:\/\/miradordeatarfe.es\/index.php?rest_route=%2Fwp%2Fv2%2Fcomments&post=80048"}],"version-history":[{"count":1,"href":"https:\/\/miradordeatarfe.es\/index.php?rest_route=\/wp\/v2\/posts\/80048\/revisions"}],"predecessor-version":[{"id":80050,"href":"https:\/\/miradordeatarfe.es\/index.php?rest_route=\/wp\/v2\/posts\/80048\/revisions\/80050"}],"wp:featuredmedia":[{"embeddable":true,"href":"https:\/\/miradordeatarfe.es\/index.php?rest_route=\/wp\/v2\/media\/80049"}],"wp:attachment":[{"href":"https:\/\/miradordeatarfe.es\/index.php?rest_route=%2Fwp%2Fv2%2Fmedia&parent=80048"}],"wp:term":[{"taxonomy":"category","embeddable":true,"href":"https:\/\/miradordeatarfe.es\/index.php?rest_route=%2Fwp%2Fv2%2Fcategories&post=80048"},{"taxonomy":"post_tag","embeddable":true,"href":"https:\/\/miradordeatarfe.es\/index.php?rest_route=%2Fwp%2Fv2%2Ftags&post=80048"}],"curies":[{"name":"wp","href":"https:\/\/api.w.org\/{rel}","templated":true}]}}