{"id":80059,"date":"2025-11-16T11:24:25","date_gmt":"2025-11-16T10:24:25","guid":{"rendered":"https:\/\/miradordeatarfe.es\/?p=80059"},"modified":"2025-11-14T14:03:18","modified_gmt":"2025-11-14T13:03:18","slug":"atarfe-magia-con-jorge-luengo-con-su-espectaculo-ensuenos","status":"publish","type":"post","link":"https:\/\/miradordeatarfe.es\/?p=80059","title":{"rendered":"ATARFE: Magia con  Jorge Luengo con su espect\u00e1culo \u00abEnsue\u00f1os\u00bb"},"content":{"rendered":"<h3 class=\"elementor-heading-title elementor-size-default\" style=\"text-align: justify;\">\u00abEnsue\u00f1os\u00bb, los trucos extraordinarios del mago Jorge Luengo en el Centro Cultural Medina Elvira el 19 de Diciembre a las 20h<\/h3>\n<p style=\"text-align: justify;\">\u00abEnsue\u00f1os\u00bb es un espect\u00e1culo de ilusionismo del mago Jorge Luengo que se caracteriza por ser participativo, emotivo y lleno de efectos sorprendentes como desapariciones, transformaciones y mentalismo. Combina magia c\u00f3mica, cartomagia, y mentalismo en un ambiente de sue\u00f1os donde la escenograf\u00eda colorida y la m\u00fasica creada para el show transportan al p\u00fablico. El objetivo principal es que el p\u00fablico se vaya a casa con la sensaci\u00f3n de que lo imposible se hizo realidad, inspir\u00e1ndolos a ilusionarse y luchar por sus propios sue\u00f1os.<\/p>\n<p style=\"text-align: justify;\">Desde que en 2009 obtuvo en Beijing el Primer Premio Mundial de Magia en Invenci\u00f3n <strong>Jorge Luengo <\/strong>se ha consolidado en el mundo de la magia como una de las mentes m\u00e1s creativas de los \u00faltimos tiempos. Lo imposible es una palabra que no cabe en su vocabulario, como comprobar\u00e1n los espectadores de\u00a0<em><a href=\"http:\/\/revistateatros.es\/cartelera\/teatros-del-canal_12\/ensuenos_6942\/\">Ensue\u00f1os<\/a><\/em>, el espect\u00e1culo que presenta en <a href=\"http:\/\/revistateatros.es\/cartelera\/teatros-del-canal_12\">Teatros del Canal<\/a> del 26 al 30 de diciembre.\u00a0<\/p>\n<p style=\"text-align: justify;\"><em>Magia c\u00f3mica, cartomagia, mentalismo, levitaciones,\u00a0<\/em>desapariciones, transformaciones, uniones, lecturas de la mente\u2026 ning\u00fan medio escapa a este ilusionista extreme\u00f1o para provocar el efecto de asombro, por ejemplo, ante una mesa que levita o el agua que desaparece de un vaso.\u00a0<\/p>\n<p style=\"text-align: justify;\">En este espect\u00e1culo familiar concebido especialmente para teatros, Luengo lograr\u00e1 a trav\u00e9s de la magia que los sue\u00f1os vuelvan a ocupar un lugar privilegiado en el coraz\u00f3n de cada espectador.\u00a0<\/p>\n<blockquote>\n<p>\u201cEnsue\u00f1os\u201d es un espect\u00e1culo familiar que integra muchas de las disciplinas del mundo de la magia. La magia nos permite conectar con ese ni\u00f1o que todos llevamos dentro. En este sentido, hay grandes ilusiones, cartomagia, magia de cerca, mentalismo\u2026 un compendio maravilloso para un espect\u00e1culo de magia y para pasar una tarde \u00fanica.<\/p>\n<p>Van a ver objetos imposibles, levitaciones, telepat\u00eda, adivinaci\u00f3n de pensamiento\u2026 incluso veremos a todo el p\u00fablico colaborar junto en un n\u00famero de magia para que al final consigamos ese ansiado efecto \u201cwow\u201d.<\/p>\n<\/blockquote>\n<p style=\"text-align: justify;\"><strong>Un ilusionista precoz<\/strong><\/p>\n<p style=\"text-align: justify;\">Jorge Luengo (C\u00e1ceres, 1984) se interes\u00f3 por el mundo de la magia a los 4 a\u00f1os, de manos de su padre. Posteriormente un primo suyo le ense\u00f1\u00f3 los primeros pasos como ilusionista. No se apunt\u00f3 a ninguna escuela de magia, de modo que desarroll\u00f3 por s\u00ed mismo su creatividad m\u00e1gica.<\/p>\n<p style=\"text-align: justify;\">A los 15 a\u00f1os realiz\u00f3 sus primeros espect\u00e1culos en teatros y tres a\u00f1os despu\u00e9s se convirti\u00f3 en profesional. En breve llegar\u00edan los primeros \u00e9xitos y reconocimientos en el mundo de la magia. En 2008 fue galardonado con el Primer Premio en el Nacional de Magia espa\u00f1ol y\u00a0en 2009 obtuvo el Primer Premio Mundial de Magia en Invenci\u00f3n otorgado por la FISM en Pek\u00edn, el equivalente a una medalla de oro para los atletas.\u00a0<\/p>\n<p style=\"text-align: justify;\">Posteriormente llegar\u00e1n otros premios, como el premio Mundial al Talento 2010 concedido por la Comunidad Econ\u00f3mica Europea en Bruselas o el Premio De Pura Cepa otorgado en Espa\u00f1a.\u00a0<\/p>\n<h3 style=\"text-align: justify;\"><a href=\"https:\/\/www.redentradas.com\/?entradas=jorge-luengo-ensuenos&amp;provincia=granada&amp;cpro=18&amp;eid=425\">https:\/\/www.redentradas.com\/?entradas=jorge-luengo-ensuenos&amp;provincia=granada&amp;cpro=18&amp;eid=425<\/a><\/h3>\n<p><img data-recalc-dims=\"1\" loading=\"lazy\" decoding=\"async\" class=\"alignnone wp-image-80060 size-full\" src=\"https:\/\/i0.wp.com\/miradordeatarfe.es\/wp-content\/uploads\/2025\/11\/espectaculo_425.jpg?resize=500%2C500&#038;ssl=1\" alt=\"\" width=\"500\" height=\"500\" srcset=\"https:\/\/i0.wp.com\/miradordeatarfe.es\/wp-content\/uploads\/2025\/11\/espectaculo_425.jpg?w=500&amp;ssl=1 500w, https:\/\/i0.wp.com\/miradordeatarfe.es\/wp-content\/uploads\/2025\/11\/espectaculo_425.jpg?resize=300%2C300&amp;ssl=1 300w, https:\/\/i0.wp.com\/miradordeatarfe.es\/wp-content\/uploads\/2025\/11\/espectaculo_425.jpg?resize=150%2C150&amp;ssl=1 150w\" sizes=\"auto, (max-width: 500px) 100vw, 500px\" \/><\/p>\n","protected":false},"excerpt":{"rendered":"<p>\u00abEnsue\u00f1os\u00bb, los trucos extraordinarios del mago Jorge Luengo en el Centro Cultural Medina Elvira el&#8230;<\/p>\n","protected":false},"author":1,"featured_media":80061,"comment_status":"closed","ping_status":"closed","sticky":false,"template":"","format":"standard","meta":{"_coblocks_attr":"","_coblocks_dimensions":"","_coblocks_responsive_height":"","_coblocks_accordion_ie_support":"","jetpack_post_was_ever_published":false,"_jetpack_newsletter_access":"","_jetpack_dont_email_post_to_subs":false,"_jetpack_newsletter_tier_id":0,"_jetpack_memberships_contains_paywalled_content":false,"_jetpack_memberships_contains_paid_content":false,"footnotes":"","jetpack_publicize_message":"","jetpack_publicize_feature_enabled":true,"jetpack_social_post_already_shared":true,"jetpack_social_options":{"image_generator_settings":{"template":"highway","default_image_id":0,"enabled":false},"version":2}},"categories":[10812,1161,186,44],"tags":[],"class_list":["post-80059","post","type-post","status-publish","format-standard","has-post-thumbnail","hentry","category-centro-cultural-medina-elvira","category-ciudadania","category-instituciones","category-noticias-de-hoy"],"jetpack_publicize_connections":[],"jetpack_featured_media_url":"https:\/\/i0.wp.com\/miradordeatarfe.es\/wp-content\/uploads\/2025\/11\/imagen_14072.jpg?fit=1024%2C629&ssl=1","jetpack_likes_enabled":true,"jetpack_sharing_enabled":true,"_links":{"self":[{"href":"https:\/\/miradordeatarfe.es\/index.php?rest_route=\/wp\/v2\/posts\/80059","targetHints":{"allow":["GET"]}}],"collection":[{"href":"https:\/\/miradordeatarfe.es\/index.php?rest_route=\/wp\/v2\/posts"}],"about":[{"href":"https:\/\/miradordeatarfe.es\/index.php?rest_route=\/wp\/v2\/types\/post"}],"author":[{"embeddable":true,"href":"https:\/\/miradordeatarfe.es\/index.php?rest_route=\/wp\/v2\/users\/1"}],"replies":[{"embeddable":true,"href":"https:\/\/miradordeatarfe.es\/index.php?rest_route=%2Fwp%2Fv2%2Fcomments&post=80059"}],"version-history":[{"count":3,"href":"https:\/\/miradordeatarfe.es\/index.php?rest_route=\/wp\/v2\/posts\/80059\/revisions"}],"predecessor-version":[{"id":80090,"href":"https:\/\/miradordeatarfe.es\/index.php?rest_route=\/wp\/v2\/posts\/80059\/revisions\/80090"}],"wp:featuredmedia":[{"embeddable":true,"href":"https:\/\/miradordeatarfe.es\/index.php?rest_route=\/wp\/v2\/media\/80061"}],"wp:attachment":[{"href":"https:\/\/miradordeatarfe.es\/index.php?rest_route=%2Fwp%2Fv2%2Fmedia&parent=80059"}],"wp:term":[{"taxonomy":"category","embeddable":true,"href":"https:\/\/miradordeatarfe.es\/index.php?rest_route=%2Fwp%2Fv2%2Fcategories&post=80059"},{"taxonomy":"post_tag","embeddable":true,"href":"https:\/\/miradordeatarfe.es\/index.php?rest_route=%2Fwp%2Fv2%2Ftags&post=80059"}],"curies":[{"name":"wp","href":"https:\/\/api.w.org\/{rel}","templated":true}]}}