{"id":80069,"date":"2025-11-16T09:55:41","date_gmt":"2025-11-16T08:55:41","guid":{"rendered":"https:\/\/miradordeatarfe.es\/?p=80069"},"modified":"2025-11-14T13:01:43","modified_gmt":"2025-11-14T12:01:43","slug":"la-junta-acosa-a-amama-y-le-envia-un-requerimiento-legal","status":"publish","type":"post","link":"https:\/\/miradordeatarfe.es\/?p=80069","title":{"rendered":"La Junta acosa a Amama y le env\u00eda un requerimiento legal"},"content":{"rendered":"<h3 style=\"text-align: justify;\">La Junta acosa a Amama y le env\u00eda un requerimiento legal exigi\u00e9ndole informaci\u00f3n y testimonios sobre las mujeres afectadas por el esc\u00e1ndalo de los cribados. Amama ya ha presentado 25 denuncias y tiene documentados otros 285 casos que reclamar\u00e1n, 11 de ellos en Granada.<\/h3>\n<div class=\"entrad\" style=\"text-align: justify;\">Firmado por la gerente del SAS, el Gobierno andaluz advierte a la asociaci\u00f3n de que est\u00e1 obligada a responderle.<\/div>\n<div class=\"cuerpo\" style=\"text-align: justify;\">\n<p>La Junta de Andaluc\u00eda sigue con su estrategia de arremeter contra la Asociaci\u00f3n de Mujeres con C\u00e1ncer de Mama, Amama, y cuestionar su labor. En esa estrategia, con declaraciones duras y despectivas tanto desde el PP como desde el propio Gobierno andaluz, en boca de su consejero de Sanidad, Presidencia y Emergencias, Antonio Sanz, ha dado otro paso y ha enviado un requerimiento legal al colectivo exigi\u00e9ndole que, en el plazo de diez d\u00edas, le env\u00ede toda la informaci\u00f3n, documentaci\u00f3n y testimonios que haya recabado sobre el esc\u00e1ndalo del cribado de c\u00e1ncer de mama.\u00a0<\/p>\n<p class=\"sumari\">El escrito, que est\u00e1 firmado por Valle Garc\u00eda, gerente del SAS, llega cuando Amama ya ha presentado las primeras 25 reclamaciones patrimoniables contra la Junta de mujeres que desarrollaron c\u00e1ncer al no haber sido informadas de que sus mamograf\u00edas eran dudosas y necesitaban nuevas pruebas<\/p>\n<p>Adem\u00e1s, el colectivo ya ha informado de que tiene documentados otros 285 casos de pacientes,<strong> entre ellas once mujeres de Granada<\/strong> que desarrollaron c\u00e1ncer y que reclamar\u00e1n al SAS.\u00a0Amama ha reprochado a la Junta su falta de transparencia y puesto en duda que, como sostiene la Junta, haya solo 2.317 mujeres afectadas.\u00a0<\/p>\n<p>La gerente del SAS asegura en ese requerimiento que esta acci\u00f3n tiene como objetivo \u00abgarantizar la revisi\u00f3n exhaustiva de cualquier posible caso no detectado por los circuitos oficiales, asegurar el cumplimiento de las obligaciones que esta Administraci\u00f3n tiene en materia de vigilancia y protecci\u00f3n de la salud p\u00fablica, y evitar la generaci\u00f3n de alarma social derivada de la difusi\u00f3n de cifras o afirmaciones no verificadas\u00bb.<\/p>\n<p><strong>Argumenta que recurre a esta f\u00f3rmula tras las declaraciones de Amama se\u00f1alando que la magnitud del problema es mucho mayor.\u00a0<\/strong><\/p>\n<p>Cabe recordar en este punto que la Junta comenz\u00f3 asegurando que eran unos cuantos casos puntuales. De ah\u00ed, al agravarse el esc\u00e1ndalo, y ya cuando procedi\u00f3 a apartar a la exconsejera Roc\u00edo Hern\u00e1ndez, reconoci\u00f3 2.000, insistiendo en que estaban concentrados en Sevilla. En los \u00faltimos d\u00edas ha cifrado la incidencia en 2.317 mujeres. <strong>Tras asegurar inicialmente que no hab\u00eda mujeres afectadas en Granada, ha reconocido que son 14.<\/strong><\/p>\n<p>En el requerimiento legal, la gerente del SAS defiende que la informaci\u00f3n que traslada a la Comisi\u00f3n de Seguimiento del Programa de Cribado es \u00abcompleta, precisa y contrastada\u00bb.\u00a0<\/p>\n<p><strong><span class=\"autor\">Redacci\u00f3n El Independiente de Granada<\/span><\/strong><\/p>\n<\/div>\n<div>\n<div id=\"disqus_thread\" style=\"text-align: justify;\">FOTO: <span id=\"m23594-23593-23595\" class=\"c-detail__media__credit \">Reuni\u00f3n entre el consejero de Sanidad, Antonio Sanz, y la presidenta de Amama, \u00c1ngela Claverol<\/span><span id=\"m23599-23598-23600\" class=\"c-detail__media__author \">Junta de Andaluc\u00eda<\/span><\/div>\n<div style=\"text-align: justify;\">\u00a0<\/div>\n<div style=\"text-align: justify;\">https:\/\/www.elindependientedegranada.es\/politica\/junta-acosa-amama-le-envia-requerimiento-legal-exigiendole-informacion-testimonios-sobre<\/div>\n<\/div>\n","protected":false},"excerpt":{"rendered":"<p>La Junta acosa a Amama y le env\u00eda un requerimiento legal exigi\u00e9ndole informaci\u00f3n y testimonios&#8230;<\/p>\n","protected":false},"author":1,"featured_media":80070,"comment_status":"closed","ping_status":"closed","sticky":false,"template":"","format":"standard","meta":{"_coblocks_attr":"","_coblocks_dimensions":"","_coblocks_responsive_height":"","_coblocks_accordion_ie_support":"","jetpack_post_was_ever_published":false,"_jetpack_newsletter_access":"","_jetpack_dont_email_post_to_subs":false,"_jetpack_newsletter_tier_id":0,"_jetpack_memberships_contains_paywalled_content":false,"_jetpack_memberships_contains_paid_content":false,"footnotes":"","jetpack_publicize_message":"","jetpack_publicize_feature_enabled":true,"jetpack_social_post_already_shared":true,"jetpack_social_options":{"image_generator_settings":{"template":"highway","default_image_id":0,"enabled":false},"version":2}},"categories":[1161,14,186,44],"tags":[],"class_list":["post-80069","post","type-post","status-publish","format-standard","has-post-thumbnail","hentry","category-ciudadania","category-feminismo","category-instituciones","category-noticias-de-hoy"],"jetpack_publicize_connections":[],"jetpack_featured_media_url":"https:\/\/i0.wp.com\/miradordeatarfe.es\/wp-content\/uploads\/2025\/11\/69026d68b16c5.jpeg.webp?fit=1200%2C525&ssl=1","jetpack_likes_enabled":true,"jetpack_sharing_enabled":true,"_links":{"self":[{"href":"https:\/\/miradordeatarfe.es\/index.php?rest_route=\/wp\/v2\/posts\/80069","targetHints":{"allow":["GET"]}}],"collection":[{"href":"https:\/\/miradordeatarfe.es\/index.php?rest_route=\/wp\/v2\/posts"}],"about":[{"href":"https:\/\/miradordeatarfe.es\/index.php?rest_route=\/wp\/v2\/types\/post"}],"author":[{"embeddable":true,"href":"https:\/\/miradordeatarfe.es\/index.php?rest_route=\/wp\/v2\/users\/1"}],"replies":[{"embeddable":true,"href":"https:\/\/miradordeatarfe.es\/index.php?rest_route=%2Fwp%2Fv2%2Fcomments&post=80069"}],"version-history":[{"count":1,"href":"https:\/\/miradordeatarfe.es\/index.php?rest_route=\/wp\/v2\/posts\/80069\/revisions"}],"predecessor-version":[{"id":80071,"href":"https:\/\/miradordeatarfe.es\/index.php?rest_route=\/wp\/v2\/posts\/80069\/revisions\/80071"}],"wp:featuredmedia":[{"embeddable":true,"href":"https:\/\/miradordeatarfe.es\/index.php?rest_route=\/wp\/v2\/media\/80070"}],"wp:attachment":[{"href":"https:\/\/miradordeatarfe.es\/index.php?rest_route=%2Fwp%2Fv2%2Fmedia&parent=80069"}],"wp:term":[{"taxonomy":"category","embeddable":true,"href":"https:\/\/miradordeatarfe.es\/index.php?rest_route=%2Fwp%2Fv2%2Fcategories&post=80069"},{"taxonomy":"post_tag","embeddable":true,"href":"https:\/\/miradordeatarfe.es\/index.php?rest_route=%2Fwp%2Fv2%2Ftags&post=80069"}],"curies":[{"name":"wp","href":"https:\/\/api.w.org\/{rel}","templated":true}]}}