{"id":80074,"date":"2025-11-23T11:22:20","date_gmt":"2025-11-23T10:22:20","guid":{"rendered":"https:\/\/miradordeatarfe.es\/?p=80074"},"modified":"2025-11-20T16:46:12","modified_gmt":"2025-11-20T15:46:12","slug":"atarfe-pinos-puente-y-moclin-acogen-la-medula-sky-challenge-la-carrera-que-regala-vida","status":"publish","type":"post","link":"https:\/\/miradordeatarfe.es\/?p=80074","title":{"rendered":"Atarfe, Pinos Puente y Mocl\u00edn acogen la M\u00e9dula Sky Challenge, la carrera que &#8216;regala vida&#8217;"},"content":{"rendered":"<h3 class=\"single-subtitle\" style=\"text-align: justify;\">La prueba se celebrar\u00e1 el 29 de noviembre y contar\u00e1 con itinerarios distintos para realizarla andando, corriendo o en bicicleta<\/h3>\n<p style=\"text-align: justify;\">Los municipios de <strong>Atarfe, Pinos Puente y Mocl\u00edn<\/strong> acoger\u00e1n el pr\u00f3ximo<strong> 29 de noviembre<\/strong> el reto <strong>M\u00e9dula Sky Challenge<\/strong>. Esta prueba organizada por la Asociaci\u00f3n H\u00e9roes hasta la M\u00e9dula y el Club de Atletismo y Monta\u00f1a de Atarfe &#8216;regala vida&#8217;. Su objetivo es <strong>recaudar fondos para el Aula de Investigaci\u00f3n contra la Leucemia Infantil &#8216;H\u00e9roes contra la Leucemia&#8217;<\/strong> de la Universidad de Granada, que es dirigida por Pedro Medina Vico.<\/p>\n<p style=\"text-align: justify;\">La previsi\u00f3n inicial era celebrar la cita este s\u00e1bado 15 de noviembre, pero la previsi\u00f3n de lluvias ha obligado a un aplazamiento. Los planes de la organizaci\u00f3n no cambian. Los participantes podr\u00e1n elegir entre tres recorridos distintos: uno andando, otro corriendo y un tercero en bicicleta.<\/p>\n<p style=\"text-align: justify;\">La salida ser\u00e1 a las <strong>09:00 horas desde la plaza del ayuntamiento de Atarfe<\/strong>. Posteriormente habr\u00e1 dos puntos de avituallamiento preparados en Pinos Puente. El primero est\u00e1 previsto para las <strong>10:30 h. en la Plaza de la Iglesia y el segundo en el restaurante Casa Juani a las 13:00 h<\/strong>. El punto final ser\u00e1 la <strong>Plaza de las Flores de Mocl\u00edn<\/strong>. Los itinerarios de las distintas<\/p>\n<p style=\"text-align: justify;\">opciones est\u00e1n planteados para que todos los participantes lleguen a esta ubicaci\u00f3n sobre las <strong>14:00 h.<\/strong><\/p>\n<p style=\"text-align: justify;\">Para este reto no hay inscripciones oficiales, pues la intenci\u00f3n es que <strong>quien quiera aportar lo haga a trav\u00e9s de las camisetas del M\u00e9dula Sky Challenge y de la barra solidaria de la Asociaci\u00f3n de Vecinos de Mocl\u00edn<\/strong>, donde se podr\u00e1 degustar una paella solidaria. David Casado, presidente de <a href=\"https:\/\/www.granadadigital.es\/escolares-conciencian-acto-dona-medula-sangre-seras-mi-heroe\/\">H\u00e9roes hasta la M\u00e9dula<\/a>, espera que <strong>\u00abuna marea naranja inunde el recorrido\u00bb<\/strong> el 29 de noviembre por una buena causa.<\/p>\n<p><a class=\"autor_entry_name\" title=\"Entradas de Sergio Rodr\u00edguez Acosta\" href=\"https:\/\/www.granadadigital.es\/author\/sergio-rodriguez\/\"><strong>Sergio Rodr\u00edguez Acosta<\/strong> <\/a><\/p>\n<p>FOTO: Foto: H\u00e9roes hasta la M\u00e9dula\u00a0<\/p>\n<p>https:\/\/www.granadadigital.es\/atarfe-pinos-puente-moclin-medula-sky-challenge\/<\/p>\n","protected":false},"excerpt":{"rendered":"<p>La prueba se celebrar\u00e1 el 29 de noviembre y contar\u00e1 con itinerarios distintos para realizarla&#8230;<\/p>\n","protected":false},"author":1,"featured_media":80075,"comment_status":"closed","ping_status":"closed","sticky":false,"template":"","format":"standard","meta":{"_coblocks_attr":"","_coblocks_dimensions":"","_coblocks_responsive_height":"","_coblocks_accordion_ie_support":"","jetpack_post_was_ever_published":false,"_jetpack_newsletter_access":"","_jetpack_dont_email_post_to_subs":false,"_jetpack_newsletter_tier_id":0,"_jetpack_memberships_contains_paywalled_content":false,"_jetpack_memberships_contains_paid_content":false,"footnotes":"","jetpack_publicize_message":"","jetpack_publicize_feature_enabled":true,"jetpack_social_post_already_shared":true,"jetpack_social_options":{"image_generator_settings":{"template":"highway","default_image_id":0,"enabled":false},"version":2}},"categories":[1161,182,186,44],"tags":[],"class_list":["post-80074","post","type-post","status-publish","format-standard","has-post-thumbnail","hentry","category-ciudadania","category-deportes","category-instituciones","category-noticias-de-hoy"],"jetpack_publicize_connections":[],"jetpack_featured_media_url":"https:\/\/i0.wp.com\/miradordeatarfe.es\/wp-content\/uploads\/2025\/11\/Medula-Sky-Challenge.webp?fit=960%2C640&ssl=1","jetpack_likes_enabled":true,"jetpack_sharing_enabled":true,"_links":{"self":[{"href":"https:\/\/miradordeatarfe.es\/index.php?rest_route=\/wp\/v2\/posts\/80074","targetHints":{"allow":["GET"]}}],"collection":[{"href":"https:\/\/miradordeatarfe.es\/index.php?rest_route=\/wp\/v2\/posts"}],"about":[{"href":"https:\/\/miradordeatarfe.es\/index.php?rest_route=\/wp\/v2\/types\/post"}],"author":[{"embeddable":true,"href":"https:\/\/miradordeatarfe.es\/index.php?rest_route=\/wp\/v2\/users\/1"}],"replies":[{"embeddable":true,"href":"https:\/\/miradordeatarfe.es\/index.php?rest_route=%2Fwp%2Fv2%2Fcomments&post=80074"}],"version-history":[{"count":1,"href":"https:\/\/miradordeatarfe.es\/index.php?rest_route=\/wp\/v2\/posts\/80074\/revisions"}],"predecessor-version":[{"id":80076,"href":"https:\/\/miradordeatarfe.es\/index.php?rest_route=\/wp\/v2\/posts\/80074\/revisions\/80076"}],"wp:featuredmedia":[{"embeddable":true,"href":"https:\/\/miradordeatarfe.es\/index.php?rest_route=\/wp\/v2\/media\/80075"}],"wp:attachment":[{"href":"https:\/\/miradordeatarfe.es\/index.php?rest_route=%2Fwp%2Fv2%2Fmedia&parent=80074"}],"wp:term":[{"taxonomy":"category","embeddable":true,"href":"https:\/\/miradordeatarfe.es\/index.php?rest_route=%2Fwp%2Fv2%2Fcategories&post=80074"},{"taxonomy":"post_tag","embeddable":true,"href":"https:\/\/miradordeatarfe.es\/index.php?rest_route=%2Fwp%2Fv2%2Ftags&post=80074"}],"curies":[{"name":"wp","href":"https:\/\/api.w.org\/{rel}","templated":true}]}}