{"id":80077,"date":"2025-11-15T11:27:10","date_gmt":"2025-11-15T10:27:10","guid":{"rendered":"https:\/\/miradordeatarfe.es\/?p=80077"},"modified":"2025-11-14T13:33:25","modified_gmt":"2025-11-14T12:33:25","slug":"las-fotovoltaicas-no-se-instalaran-en-los-terminos-municipales-de-atarfe-y-pinos-puente-y-santa-fe","status":"publish","type":"post","link":"https:\/\/miradordeatarfe.es\/?p=80077","title":{"rendered":"Las fotovoltaicas no se instalar\u00e1n en  los t\u00e9rminos municipales de Atarfe y Pinos Puente y Santa Fe"},"content":{"rendered":"<h2 class=\"entry-title\" style=\"text-align: justify;\">Denegada la autorizaci\u00f3n de tres fotovoltaicas proyectadas junto a la Dehesa de Santa Fe.Propon\u00eda ocupar terrenos de la Vega de Granada, por el municipio santaferino as\u00ed como Atarfe y Pinos Puente para su l\u00ednea de evacuaci\u00f3n.<\/h2>\n<p style=\"text-align: justify;\">La <strong>Junta de Andaluc\u00eda<\/strong> ha denegado a la <strong>mercantil Macrina Solar 15 SL<\/strong> la autorizaci\u00f3n administrativa previa y de construcci\u00f3n para la instalaci\u00f3n de tres plantas fotovoltaicas que estaba proyectada junto a la <strong>Dehesa de Santa Fe <\/strong>y cuya l\u00ednea de evacuaci\u00f3n discurr\u00eda, tambi\u00e9n, por plena <strong>Vega de Granada<\/strong> en los t\u00e9rminos municipales de <strong>Atarfe y Pinos Puente.<\/strong><\/p>\n<p style=\"text-align: justify;\">Seg\u00fan consta en la resoluci\u00f3n de la Delegaci\u00f3n de Econom\u00eda, Hacienda, Fondos Europeos y de Industria, Energ\u00edas y Minas en Granada, fechada el 5 de noviembre; hace dos a\u00f1os la mercantil solicit\u00f3 la autorizaci\u00f3n administrativa previa y de construcci\u00f3n de la planta solar fotovoltaica &#8216;La Caracola&#8217;, con una potencia nominal de 4,95 MW situada el t\u00e9rmino municipal de Santa Fe, as\u00ed como su infraestructura de evacuaci\u00f3n en <strong>Santa Fe, Atarfe y Pinos Puente<\/strong>.<\/p>\n<p style=\"text-align: justify;\">A finales de octubre, el pasado d\u00eda 30, la Delegaci\u00f3n recibi\u00f3 resoluci\u00f3n relativa a la compatibilidad con la normativa ambiental de planta solar fotovoltaica &#8216;Los Romanos&#8217;; planta solar fotovoltaica &#8216;El Puente&#8217;; y planta solar fotovoltaica &#8216;La Caracola&#8217;, cada una de 4,95 MW, y sus infraestructuras de evacuaci\u00f3n.<\/p>\n<div id=\"publiParrafo\" class=\"banner\" style=\"text-align: justify;\">\n<div id=\"single-banner\" class=\"columna_1-1\">\n<div class=\"publicidad columna_1-1\"><ins class=\"adsbygoogle\" data-ad-client=\"ca-pub-7494403833835849\" data-ad-slot=\"3109279723\" data-ad-format=\"horizontal\" data-full-width-responsive=\"true\" data-adsbygoogle-status=\"done\"><\/p>\n<div id=\"aswift_2_host\">\n<div>\u00a0<\/div>\n<\/div>\n<p><\/ins><\/div>\n<\/div>\n<\/div>\n<p style=\"text-align: justify;\">En ella se determinaba \u00abponer fin al procedimiento de autorizaci\u00f3n ambiental unificada simplificada\u00bb sobre los tres proyectos solicitados por la mercantil Macrina Solar, al \u00abno obtener informe compatible\u00bb del Servicio de Espacios Naturales Protegidos, por lo que se \u00abordena el archivo\u00bb de las actuaciones de conformidad a la normativa que regula este permiso.<\/p>\n<p style=\"text-align: justify;\">Contra la presente resoluci\u00f3n, que no pone fin a la v\u00eda administrativa, podr\u00e1 interponer recurso de alzada, ante la Secretar\u00eda General T\u00e9cnica de la Consejer\u00eda de Industria, Energ\u00eda y Minas, en el plazo de un mes.<\/p>\n<h3 class=\"wp-block-heading\" style=\"text-align: justify;\">Satisfacci\u00f3n entre los defensores de la Vega<\/h3>\n<p style=\"text-align: justify;\">La <strong>Plataforma en Defensa de la Vega de Granada<\/strong> y su entorno ha mostrado su satisfacci\u00f3n tras conocerse esta paralizaci\u00f3n y archivo, recordando que interpusieron alegaciones mostrando su rechazo a esta iniciativa.<\/p>\n<p style=\"text-align: justify;\">Entre ellas se encontraba que los proyectos se planteaban sin planificaci\u00f3n alguna y sin participaci\u00f3n ciudadana, que no ha habido tr\u00e1mite de audiencia a las personas y entidades interesadas y que el proyecto se fraccionaba en tres para \u00abdar la impresi\u00f3n de un menor impacto negativo\u00bb.<\/p>\n<p style=\"text-align: justify;\">Del mismo modo recuerdan que la l\u00ednea de evacuaci\u00f3n proyectada afectaba a cultivos hort\u00edcolas, frutales, choperas, suelo f\u00e9rtil y al paisaje lorquiano y que la distancia del proyecto con dos espacios protegidos era \u00abinsuficiente\u00bb.<\/p>\n<p style=\"text-align: justify;\">Adem\u00e1s, hab\u00edan alertado del hecho de que se provocaban \u00abafecciones\u00bb a especies faun\u00edsticas de inter\u00e9s, protegidas o en extinci\u00f3n, \u00abgraves afecciones\u00bb sobre el patrimonio hist\u00f3rico de la zona, en este caso la Dehesa de Santa Fe y Vega de Granada; la \u00abinexistencia\u00bb de un estudio hidrol\u00f3gico real pese a las claras afecciones sobre el Arroyo Salado, R\u00edo Genil y zonas de inundaci\u00f3n en la Vega de Granada o la \u00abdestrucci\u00f3n\u00bb de suelo agr\u00edcola f\u00e9rtil con potencial cereal\u00edstico y erosi\u00f3n de suelos.<\/p>\n<p style=\"text-align: justify;\">Esta paralizaci\u00f3n de los proyectos, a\u00f1aden, como otras que se est\u00e1n \u00abconstando en otros lugares\u00bb, supone un \u00abimportante toque de atenci\u00f3n\u00bb con vista a conseguir la \u00abmoratoria provisional de todos los megaproyectos en la provincia de Granada\u00bb.<\/p>\n<p style=\"text-align: justify;\">Desde la Plataforma, han asegurado, continuar\u00e1n vigilantes frente a la \u00abamenaza constante\u00bb en que se erige esta \u00abplaga de megaproyectos fotovoltaicos\u00bb que pretenden implantarse en el territorio \u00absin ning\u00fan orden ni control y sin contar con los pobladores de los distintos lugares del medio rural\u00bb.<\/p>\n<p style=\"text-align: justify;\"><span class=\"section-name\"> <span class=\"autor\"><strong> Luis F. Ruiz<\/strong> <\/span><\/span><\/p>\n<p style=\"text-align: justify;\">FOTO: La zona donde en parte estaba proyectada la planta fotovoltaica en Santa Fe. Foto: Luis F. Ruiz<\/p>\n<blockquote class=\"wp-embedded-content\" data-secret=\"q0iExFtgAZ\"><p><a href=\"https:\/\/www.ahoragranada.com\/noticias\/denegada-la-autorizacion-de-tres-fotovoltaicas-proyectadas-junto-a-la-dehesa-de-santa-fe\/\">Denegada la autorizaci\u00f3n de tres fotovoltaicas proyectadas junto a la Dehesa de Santa Fe<\/a><\/p><\/blockquote>\n<p><iframe loading=\"lazy\" class=\"wp-embedded-content\" sandbox=\"allow-scripts\" security=\"restricted\" style=\"position: absolute; visibility: hidden;\" title=\"\u00abDenegada la autorizaci\u00f3n de tres fotovoltaicas proyectadas junto a la Dehesa de Santa Fe\u00bb \u2014 Ahora Granada\" src=\"https:\/\/www.ahoragranada.com\/noticias\/denegada-la-autorizacion-de-tres-fotovoltaicas-proyectadas-junto-a-la-dehesa-de-santa-fe\/embed\/#?secret=2lYOFSJweU#?secret=q0iExFtgAZ\" data-secret=\"q0iExFtgAZ\" width=\"600\" height=\"338\" frameborder=\"0\" marginwidth=\"0\" marginheight=\"0\" scrolling=\"no\"><\/iframe><\/p>\n","protected":false},"excerpt":{"rendered":"<p>Denegada la autorizaci\u00f3n de tres fotovoltaicas proyectadas junto a la Dehesa de Santa Fe.Propon\u00eda ocupar&#8230;<\/p>\n","protected":false},"author":1,"featured_media":80078,"comment_status":"closed","ping_status":"closed","sticky":false,"template":"","format":"standard","meta":{"_coblocks_attr":"","_coblocks_dimensions":"","_coblocks_responsive_height":"","_coblocks_accordion_ie_support":"","jetpack_post_was_ever_published":false,"_jetpack_newsletter_access":"","_jetpack_dont_email_post_to_subs":false,"_jetpack_newsletter_tier_id":0,"_jetpack_memberships_contains_paywalled_content":false,"_jetpack_memberships_contains_paid_content":false,"footnotes":"","jetpack_publicize_message":"","jetpack_publicize_feature_enabled":true,"jetpack_social_post_already_shared":true,"jetpack_social_options":{"image_generator_settings":{"template":"highway","default_image_id":0,"enabled":false},"version":2}},"categories":[1161,186,9,44],"tags":[],"class_list":["post-80077","post","type-post","status-publish","format-standard","has-post-thumbnail","hentry","category-ciudadania","category-instituciones","category-medio-ambiente","category-noticias-de-hoy"],"jetpack_publicize_connections":[],"jetpack_featured_media_url":"https:\/\/i0.wp.com\/miradordeatarfe.es\/wp-content\/uploads\/2025\/11\/Zona-Vega-y-Dehesa-de-Santa-Fe.jpg?fit=970%2C545&ssl=1","jetpack_likes_enabled":true,"jetpack_sharing_enabled":true,"_links":{"self":[{"href":"https:\/\/miradordeatarfe.es\/index.php?rest_route=\/wp\/v2\/posts\/80077","targetHints":{"allow":["GET"]}}],"collection":[{"href":"https:\/\/miradordeatarfe.es\/index.php?rest_route=\/wp\/v2\/posts"}],"about":[{"href":"https:\/\/miradordeatarfe.es\/index.php?rest_route=\/wp\/v2\/types\/post"}],"author":[{"embeddable":true,"href":"https:\/\/miradordeatarfe.es\/index.php?rest_route=\/wp\/v2\/users\/1"}],"replies":[{"embeddable":true,"href":"https:\/\/miradordeatarfe.es\/index.php?rest_route=%2Fwp%2Fv2%2Fcomments&post=80077"}],"version-history":[{"count":1,"href":"https:\/\/miradordeatarfe.es\/index.php?rest_route=\/wp\/v2\/posts\/80077\/revisions"}],"predecessor-version":[{"id":80079,"href":"https:\/\/miradordeatarfe.es\/index.php?rest_route=\/wp\/v2\/posts\/80077\/revisions\/80079"}],"wp:featuredmedia":[{"embeddable":true,"href":"https:\/\/miradordeatarfe.es\/index.php?rest_route=\/wp\/v2\/media\/80078"}],"wp:attachment":[{"href":"https:\/\/miradordeatarfe.es\/index.php?rest_route=%2Fwp%2Fv2%2Fmedia&parent=80077"}],"wp:term":[{"taxonomy":"category","embeddable":true,"href":"https:\/\/miradordeatarfe.es\/index.php?rest_route=%2Fwp%2Fv2%2Fcategories&post=80077"},{"taxonomy":"post_tag","embeddable":true,"href":"https:\/\/miradordeatarfe.es\/index.php?rest_route=%2Fwp%2Fv2%2Ftags&post=80077"}],"curies":[{"name":"wp","href":"https:\/\/api.w.org\/{rel}","templated":true}]}}