{"id":8012,"date":"2016-04-07T07:40:58","date_gmt":"2016-04-07T07:40:58","guid":{"rendered":"http:\/\/miradordeatarfe.es\/?p=8012"},"modified":"2016-04-07T07:42:15","modified_gmt":"2016-04-07T07:42:15","slug":"premios-nacionales-de-educacion-para-centros-docentes","status":"publish","type":"post","link":"https:\/\/miradordeatarfe.es\/?p=8012","title":{"rendered":"Premios nacionales de educaci\u00f3n para centros docentes"},"content":{"rendered":"<div id=\"stcpDiv\">\n<p>Publicada la resoluci\u00f3n por la que se convocan los Premios Nacionales de Educaci\u00f3n para centros docentes. El plazo de presentaci\u00f3n de solicitudes se encontrar\u00e1 abierto desde el 30 de marzo hasta el 30 de junio de 2016.<\/p>\n<p><!--more--><\/p>\n<p>Estos premios dan reconocimiento a aquellos centros docentes espa\u00f1oles que impartan ense\u00f1anzas no universitarias del sistema educativo y que desarrollen proyectos educativos que contribuyan a la mejora de la calidad educativa en las siguientes categor\u00edas:<\/p>\n<p>\u2013 Premios Nacionales al Fomento de la Convivencia Escolar.<br \/>\n\u2013 Premios Irene: La paz empieza en casa, para la prevenci\u00f3n y erradicaci\u00f3n de la violencia.<br \/>\n\u2013 Premios Nacionales al Uso de Tecnolog\u00edas Aplicadas a la Educaci\u00f3n.<br \/>\n\u2013 Premios Nacionales a la Inclusi\u00f3n del Alumnado con Necesidades Educativas Especiales.<br \/>\n\u2013 Premios Nacionales al Desarrollo de Competencias de Lectoescritura y Audiovisuales.<br \/>\n\u2013 Premios Nacionales a la Gesti\u00f3n Medioambiental y Sostenibilidad.<br \/>\n\u2013 Premios Nacionales a la Salud Integral.<br \/>\n\u2013 Premios Nacionales a la Mejora del \u00c9xito Educativo.<\/p>\n<p>Puede encontrarse informaci\u00f3n completa sobre la convocatoria en la p\u00e1gina del Ministerio de Educaci\u00f3n, Cultura y Deporte a trav\u00e9s del siguiente <a href=\"http:\/\/www.mecd.gob.es\/servicios-al-ciudadano-mecd\/catalogo\/educacion\/becas-ayudas-subvenciones\/premios\/centros-educativos\/premios-nacionales-educacion-centros-docentes.html#dg1\">enlace<\/a>.<\/p>\n<div id=\"contenido\">\n<div id=\"info\">\n<div id=\"dg\" class=\"subrayado\">Los centros presentar\u00e1n los proyectos educativos en las siguientes modalidades:<\/p>\n<div class=\"subseccion\">\n<ul>\n<li><strong>Modalidad A<\/strong>: Proyectos de centros docentes de Educaci\u00f3n Infantil, Educaci\u00f3n Primaria o ambas y Educaci\u00f3n Especial.<\/li>\n<li><strong>Modalidad B:<\/strong> Proyectos de centros docentes de Educaci\u00f3n Secundaria Obligatoria, Bachillerato, Formaci\u00f3n Profesional, Educaci\u00f3n de Personas Adultas, Ense\u00f1anzas Art\u00edsticas, Ense\u00f1anzas Deportivas y Escuela Oficial de Idiomas.<\/li>\n<\/ul>\n<\/div>\n<div class=\"subseccion\">\n<h3 id=\"dg3\">Destinatarios<\/h3>\n<p>Son destinatarios de estos premios los centros educativos que impartan ense\u00f1anzas no universitarias del sistema educativo espa\u00f1ol, los cuales podr\u00e1n optar a los premios en las modalidades citadas.Cada centro educativo s\u00f3lo podr\u00e1 participar con un \u00fanico proyecto.<\/p>\n<h4>Incompatibilidades<\/h4>\n<p>Los trabajos deber\u00e1n ser originales. No podr\u00e1n participar aquellos trabajos que hubieran sido premiados en la convocatoria de los Premios Nacionales de Educaci\u00f3n en la ense\u00f1anza no universitaria correspondientes al a\u00f1o 2015.<\/p>\n<p>Queda excluido de esta convocatoria y por tanto, no podr\u00e1 participar en ella, el personal que desarrolle o haya desarrollado su actividad laboral en el Ministerio de Educaci\u00f3n, Cultura y Deporte, en los tres a\u00f1os anteriores a la misma.<\/p>\n<\/div>\n<div class=\"subseccion\">\n<h3 id=\"dg4\">N\u00famero<\/h3>\n<p>Se otorgar\u00e1 un premio por cada modalidad en cada una de las \u00e1reas.<\/p><\/div>\n<div class=\"subseccion\">\n<h3 id=\"dg6\">Dotaci\u00f3n<\/h3>\n<p>160.000 euros, destinados a Premios Nacionales de Educaci\u00f3n para centros docentes, con cargo a la aplicaci\u00f3n presupuestaria 18.04.322L.489.03.<\/p>\n<ul>\n<li>Cada uno de los 8 Premios Nacionales de Educaci\u00f3n para centros docentes estar\u00e1 dotado con una cuant\u00eda de 10.000 euros en cada una de las dos modalidades existentes.<\/li>\n<\/ul>\n<\/div>\n<div class=\"subseccion\">\n<h3 id=\"dg8\">M\u00e1s Informaci\u00f3n<\/h3>\n<p><a class=\"volverAncla\" href=\"http:\/\/www.mecd.gob.es\/servicios-al-ciudadano-mecd\/catalogo\/educacion\/becas-ayudas-subvenciones\/premios\/centros-educativos\/premios-nacionales-educacion-centros-docentes.html#fondo\">Volver<\/a><a title=\"Enlace externo, se abre en ventana nueva\" href=\"http:\/\/www.pap.minhap.gob.es\/bdnstrans\/GE\/es\/convocatoria\/503908\" rel=\"external\">Informaci\u00f3n en la Base de Datos Nacional de Subvenciones<\/a> <img data-recalc-dims=\"1\" decoding=\"async\" src=\"https:\/\/i0.wp.com\/www.mecd.gob.es\/docroot\/fckeditor\/images\/smiley\/educacion-ico\/ico-internet.gif?w=640\" alt=\"Link externo\" \/><\/p>\n<\/div>\n<h2 id=\"dc\" class=\"subrayado\">Convocatoria<\/h2>\n<ul>\n<li><a title=\"Enlace externo, se abre en ventana nueva\" href=\"http:\/\/www.pap.minhap.gob.es\/bdnstrans\/GE\/es\/convocatoria\/503908\/document\/3746\" rel=\"external\">Resoluci\u00f3n por la que se convocan los premios<\/a> <img data-recalc-dims=\"1\" decoding=\"async\" class=\"enlace\" title=\"Archivo PDF\" src=\"https:\/\/i0.wp.com\/www.mecd.gob.es\/docroot\/fckeditor\/images\/smiley\/educacion-ico\/ico-pdf.gif?w=640\" alt=\"Archivo PDF\" \/>\n<p class=\"fecha\">Fecha de publicaci\u00f3n en la web: 29-03-2016<\/p>\n<\/li>\n<li><a title=\"Enlace externo, se abre en ventana nueva\" href=\"http:\/\/www.boe.es\/diario_boe\/txt.php?id=BOE-B-2016-11621\" rel=\"external\">Anuncio de la convocatoria<\/a> <img data-recalc-dims=\"1\" decoding=\"async\" class=\"enlace\" title=\"Enlace al BOE\" src=\"https:\/\/i0.wp.com\/www.mecd.gob.es\/docroot\/fckeditor\/images\/smiley\/educacion-ico\/ico-boe.gif?w=640\" alt=\"Enlace al BOE\" \/>\n<p class=\"fecha\">Fecha de publicaci\u00f3n en el BOE: 29-03-2016<\/p>\n<\/li>\n<\/ul>\n<h2 id=\"ds\" class=\"subrayado\">Informaci\u00f3n de la solicitud<\/h2>\n<div class=\"subseccion\">\n<h3 id=\"ds1\">Plazo de presentaci\u00f3n<\/h3>\n<p>Desde el 30 marzo 2016<\/p>\n<ul>\n<li>Hasta el 30 junio 2016<\/li>\n<\/ul>\n<p><span class=\"destacado\">Plazo de presentaci\u00f3n abierto<\/span><\/div>\n<div class=\"subseccion\">\n<h3 id=\"ds2\">Modelo(s) de solicitud<\/h3>\n<p>Se realiza a trav\u00e9s del bot\u00f3n de \u00abAcceso al servicio online\u00bb en la parte superior de la ficha<\/p>\n<ul>\n<li><a title=\"Enlace externo, se abre en ventana nueva\" href=\"http:\/\/www.mecd.gob.es\/servicios-al-ciudadano-mecd\/dms\/mecd\/servicios-al-ciudadano-mecd\/catalogo\/general\/educacion\/202460\/ficha\/202460-2016\/anexo-I-1-autorizaciones-y-declaraciones-responsables.docx\" rel=\"external\">Anexo I.1. Autorizaciones y declaraciones responsables<\/a> <img data-recalc-dims=\"1\" decoding=\"async\" src=\"https:\/\/i0.wp.com\/www.mecd.gob.es\/docroot\/fckeditor\/images\/smiley\/educacion-ico\/ico-doc.gif?w=640\" alt=\"DOC\" \/><\/li>\n<\/ul>\n<\/div>\n<div class=\"subseccion\">\n<h3 id=\"ds3\">Instrucciones<\/h3>\n<p>Se deber\u00e1 cumplimentar y registrar el formulario de inscripci\u00f3n que ser\u00e1 accesible por v\u00eda telem\u00e1tica a trav\u00e9s de esta p\u00e1gina (Acceso al servicio online).<\/p><\/div>\n<h2 id=\"dp\" class=\"subrayado\">Informaci\u00f3n del procedimiento seguido entre la solicitud y la resoluci\u00f3n<\/h2>\n<div class=\"subseccion\">\n<p>Para el estudio y valoraci\u00f3n de las solicitudes se constituir\u00e1 un jurado de selecci\u00f3n que respetar\u00e1, siempre que sea posible, la composici\u00f3n paritaria de acuerdo con lo establecido en la Orden PRE\/525\/2005, de 7 de marzo, por la que se da publicidad al Acuerdo de Consejo de Ministros por el que se adoptan medidas para favorecer la igualdad entre mujeres y hombres. El jurado estar\u00e1 compuesto por un Presidente que ser\u00e1 el Director General de Evaluaci\u00f3n y Cooperaci\u00f3n Territorial o persona en quien delegue, un Secretario con voz pero sin voto, que ser\u00e1 el titular de la Subdirecci\u00f3n General que act\u00faa como \u00f3rgano instructor del procedimiento, o persona en quien delegue, y cinco vocales que ser\u00e1n elegidos entre expertos y profesionales de reconocido prestigio.<\/p>\n<p>El jurado realizar\u00e1 el an\u00e1lisis y valoraci\u00f3n de los proyectos y documentaci\u00f3n presentados y realizar\u00e1 la propuesta de resoluci\u00f3n, bas\u00e1ndose en la aplicaci\u00f3n de los criterios t\u00e9cnicos de valoraci\u00f3n que atiendan mejor al logro de la finalidad de los premios convocados, garantizando la objetividad del proceso de selecci\u00f3n y el r\u00e9gimen de concurrencia competitiva, de acuerdo con el art\u00edculo 23 de la Ley General de Subvenciones.<\/p>\n<p>Los criterios t\u00e9cnicos de valoraci\u00f3n ser\u00e1n los que se determinen para los diferentes premios en el anexo correspondiente, garantizando siempre la objetividad y transparencia de su aplicaci\u00f3n en el proceso de selecci\u00f3n. Se prestar\u00e1 especial relevancia a la atenci\u00f3n y gesti\u00f3n de la diversidad, inclusi\u00f3n y protecci\u00f3n de la familia.<\/p>\n<\/div>\n<h2 id=\"ic\" class=\"subrayado\">Contacto<\/h2>\n<div class=\"subseccion\">\n<p>Tel\u00e9fono: 91 701 82 46<\/p>\n<p>Correo electr\u00f3nico: <a href=\"mailto:c.territorial@mecd.es\">c.territorial@mecd.es<\/a> <img data-recalc-dims=\"1\" decoding=\"async\" src=\"https:\/\/i0.wp.com\/www.mecd.gob.es\/docroot\/fckeditor\/images\/smiley\/educacion-ico\/ico-mail.gif?w=640\" alt=\"e-mail\" \/><\/p>\n<p>o bien:<\/p>\n<\/div>\n<p>Las consultas sobre el procedimiento pueden realizarse por cualquiera de los medios que se encuentran en la p\u00e1gina de <a href=\"http:\/\/www.mecd.gob.es\/servicios-al-ciudadano-mecd\/informacion-administrativa.html\">Informaci\u00f3n administrativa<\/a><\/p>\n<\/div>\n<\/div>\n<\/div>\n<\/div>\n","protected":false},"excerpt":{"rendered":"<p>Publicada la resoluci\u00f3n por la que se convocan los Premios Nacionales de Educaci\u00f3n para centros&#8230;<\/p>\n","protected":false},"author":1,"featured_media":8013,"comment_status":"closed","ping_status":"closed","sticky":false,"template":"","format":"standard","meta":{"_coblocks_attr":"","_coblocks_dimensions":"","_coblocks_responsive_height":"","_coblocks_accordion_ie_support":"","jetpack_post_was_ever_published":false,"_jetpack_newsletter_access":"","_jetpack_dont_email_post_to_subs":false,"_jetpack_newsletter_tier_id":0,"_jetpack_memberships_contains_paywalled_content":false,"_jetpack_memberships_contains_paid_content":false,"footnotes":"","jetpack_publicize_message":"","jetpack_publicize_feature_enabled":true,"jetpack_social_post_already_shared":false,"jetpack_social_options":{"image_generator_settings":{"template":"highway","default_image_id":0,"enabled":false},"version":2}},"categories":[44,15],"tags":[27,2435],"class_list":["post-8012","post","type-post","status-publish","format-standard","has-post-thumbnail","hentry","category-noticias-de-hoy","category-ultimas-noticias","tag-educacion","tag-premios-nacionales"],"jetpack_publicize_connections":[],"jetpack_featured_media_url":"https:\/\/i0.wp.com\/miradordeatarfe.es\/wp-content\/uploads\/2016\/04\/irene.jpg?fit=180%2C249&ssl=1","jetpack_likes_enabled":true,"jetpack_sharing_enabled":true,"_links":{"self":[{"href":"https:\/\/miradordeatarfe.es\/index.php?rest_route=\/wp\/v2\/posts\/8012","targetHints":{"allow":["GET"]}}],"collection":[{"href":"https:\/\/miradordeatarfe.es\/index.php?rest_route=\/wp\/v2\/posts"}],"about":[{"href":"https:\/\/miradordeatarfe.es\/index.php?rest_route=\/wp\/v2\/types\/post"}],"author":[{"embeddable":true,"href":"https:\/\/miradordeatarfe.es\/index.php?rest_route=\/wp\/v2\/users\/1"}],"replies":[{"embeddable":true,"href":"https:\/\/miradordeatarfe.es\/index.php?rest_route=%2Fwp%2Fv2%2Fcomments&post=8012"}],"version-history":[{"count":1,"href":"https:\/\/miradordeatarfe.es\/index.php?rest_route=\/wp\/v2\/posts\/8012\/revisions"}],"predecessor-version":[{"id":8014,"href":"https:\/\/miradordeatarfe.es\/index.php?rest_route=\/wp\/v2\/posts\/8012\/revisions\/8014"}],"wp:featuredmedia":[{"embeddable":true,"href":"https:\/\/miradordeatarfe.es\/index.php?rest_route=\/wp\/v2\/media\/8013"}],"wp:attachment":[{"href":"https:\/\/miradordeatarfe.es\/index.php?rest_route=%2Fwp%2Fv2%2Fmedia&parent=8012"}],"wp:term":[{"taxonomy":"category","embeddable":true,"href":"https:\/\/miradordeatarfe.es\/index.php?rest_route=%2Fwp%2Fv2%2Fcategories&post=8012"},{"taxonomy":"post_tag","embeddable":true,"href":"https:\/\/miradordeatarfe.es\/index.php?rest_route=%2Fwp%2Fv2%2Ftags&post=8012"}],"curies":[{"name":"wp","href":"https:\/\/api.w.org\/{rel}","templated":true}]}}