{"id":80129,"date":"2025-11-18T09:36:13","date_gmt":"2025-11-18T08:36:13","guid":{"rendered":"https:\/\/miradordeatarfe.es\/?p=80129"},"modified":"2025-11-17T18:05:27","modified_gmt":"2025-11-17T17:05:27","slug":"50-dias-desde-que-le-estallo-a-moreno-el-escandalo-del-cribado-sin-que-aun-se-conozca-la-causa","status":"publish","type":"post","link":"https:\/\/miradordeatarfe.es\/?p=80129","title":{"rendered":"50 d\u00edas desde que le estall\u00f3 a Moreno el esc\u00e1ndalo del cribado, sin que a\u00fan se conozca la causa"},"content":{"rendered":"<h3 style=\"text-align: justify;\">Sin conocer el origen, con absoluto desprecio a las mujeres afectadas y a la reacci\u00f3n ciudadana, con bronca pol\u00edtica y cambios, pocos y cuestionables, en este an\u00e1lisis repasamos la ineficaz gesti\u00f3n de la Junta en la mayor crisis de la sanidad p\u00fablica andaluza.<\/h3>\n<p style=\"text-align: justify;\">Cabalgaba con relativa placidez el Gobierno andaluz de mayor\u00eda absoluta del PP que preside Juan Manuel Moreno hasta que le estall\u00f3 en la cara el esc\u00e1ndalo del cribado del c\u00e1ncer de mama, nada acostumbrado a que con raz\u00f3n le tachen de negligente<\/p>\n<p style=\"text-align: justify;\">Cabalgaba con relativa placidez el Gobierno andaluz de mayor\u00eda absoluta del PP que preside Juan Manuel Moreno hasta que <a href=\"https:\/\/www.elindependientedegranada.es\/politica\/fin-inocencia-moreno-bonilla\">le estall\u00f3 en la cara el esc\u00e1ndalo del cribado del c\u00e1ncer de mama<\/a>, nada acostumbrado a que con raz\u00f3n le tachen de negligente y que trascienda a medios nacionales, que no puede controlar, por el mayor error de la sanidad p\u00fablica de Andaluc\u00eda. As\u00ed, el paseo triunfal y relajado que pretend\u00eda Moreno con la presentaci\u00f3n de su libro <em>Manual de convivencia<\/em>, para, -dice \u00e9l-, diferenciarse del <em>Manual de resistencia<\/em> de Pedro S\u00e1nchez, m\u00e1s se parec\u00eda, en plena crisis sanitaria, por los cambios de agenda y el rictus al t\u00edtulo del libro del presidente del Gobierno, pero sin restar aforo a la gira, con la conservadora claqu\u00e9 habitual al rescate.<\/p>\n<p style=\"text-align: justify;\">Cincuenta d\u00edas despu\u00e9s desde que la periodista Mercedes D\u00edaz en <em>Radio Sevilla<\/em> destapara la crisis con el testimonio de las primeras afectadas, agrupadas por la Asociaci\u00f3n de Mujeres con C\u00e1ncer de Mama de Sevilla (Amama), la derecha -con el <em>sellito de andaluza<\/em>&#8211; ha vuelto a demostrar su impericia en la gesti\u00f3n, con mayor acento en los servicios p\u00fablicos, v\u00edctimas de su voracidad privatizadora, con la sanidad como paradigma.<\/p>\n<div class=\"media media-element-container media-default\" style=\"text-align: justify;\">\n<div id=\"file-121077\" class=\"file file-image file-image-jpeg\">\n<div class=\"content\"><img data-recalc-dims=\"1\" loading=\"lazy\" decoding=\"async\" class=\"media-element file-default\" src=\"https:\/\/i0.wp.com\/www.elindependientedegranada.es\/sites\/default\/files\/moreno_bonilla_privatiza_de_maravilla_0.jpg?resize=640%2C480&#038;ssl=1\" alt=\"\" width=\"640\" height=\"480\" data-delta=\"3\" \/><\/div>\n<\/div>\n<\/div>\n<p class=\"pie\" style=\"text-align: justify;\"><a href=\"https:\/\/www.elindependientedegranada.es\/ciudadania\/contundente-rechazo-granada-gestion-sanitaria-moreno\">Una pancarta en la multitudinaria manifestaci\u00f3n del domingo pasado en Granada<\/a>, en defensa de la sanidad p\u00fablica andaluza de calidad. <span class=\"firma\">IndeGranada.<\/span><\/p>\n<p class=\"sumari\" style=\"text-align: justify;\">Hasta qu\u00e9 punto la sanidad p\u00fablica andaluza est\u00e1 en descomposici\u00f3n para que Moreno no haya encontrado a ning\u00fan profesional sanitario en su partido, ni en su sindicato m\u00e9dico af\u00edn, ni siquiera a un afiliado o simpatizante sin carn\u00e9<\/p>\n<div style=\"text-align: justify;\">Porque a pesar de nuevas promesas, anuncios de planes de choque, contrataci\u00f3n de profesionales sanitarios -a la espera de su dudoso cumplimiento- y revoluci\u00f3n en la Consejer\u00eda, incompleta con la continuidad de la gerente del SAS, Valle Garc\u00eda S\u00e1nchez, lo que sobresale de este largo tiempo es el absoluto desprecio a las mujeres afectadas y la bronca pol\u00edtica, como defensa de su incapacidad. Y en cuanto a los cambios profundos en Sanidad, aplicar el <em>lampedusismo<\/em> -en este caso aparentar cambiar todo, con peque\u00f1as modificaciones, para que nada cambie- como estrategia, eso s\u00ed, con el autobombo acostumbrado, y declarar a Antonio Sanz, profesional de la pol\u00edtica, como la supuesta persona id\u00f3nea para reconducir una situaci\u00f3n, que se le ha ido de las manos, contestada fuertemente por la ciudadan\u00eda en las calles y hasta en sus encuestas.<\/div>\n<p style=\"text-align: justify;\">Hasta qu\u00e9 punto la sanidad p\u00fablica andaluza est\u00e1 en descomposici\u00f3n para que Moreno no haya encontrado a ning\u00fan profesional sanitario en su partido, ni en su sindicato m\u00e9dico af\u00edn, ni siquiera a un afiliado o simpatizante sin carn\u00e9, para verse obligado a recurrir a Antonio Sanz, su mano derecha, que acumula en el Gobierno andaluz Sanidad, Presidencia y Emergencias, tras la dimisi\u00f3n de Roc\u00edo Hern\u00e1ndez.<\/p>\n<div class=\"media media-element-container media-default\" style=\"text-align: justify;\">\n<div id=\"file-121075\" class=\"file file-image file-image-jpeg\">\n<div class=\"content\"><img data-recalc-dims=\"1\" loading=\"lazy\" decoding=\"async\" class=\"media-element file-default alignleft\" src=\"https:\/\/i0.wp.com\/www.elindependientedegranada.es\/sites\/default\/files\/sanz_capilla.jpg?resize=414%2C244&#038;ssl=1\" alt=\"\" width=\"414\" height=\"244\" data-delta=\"1\" \/><\/div>\n<\/div>\n<\/div>\n<p class=\"pie\" style=\"text-align: justify;\">Aunque no lo parezca, es una imagen de un acto como consejero de Sanidad, distribuida por la propia Junta.\u00a0Antonio, en la que Sanz participa en la bendici\u00f3n de la capilla del Hospital Virgen del Roc\u00edo de Sevilla, oficiada por el arzobispo de Sevilla.<\/p>\n<p class=\"sumari\" style=\"text-align: justify;\">En su pen\u00faltima salida de tono tan frecuente, emple\u00f3 expresiones machistas en la comisi\u00f3n parlamentaria de Sanidad, acorralado por la portavoz de la materia del PSOE-A, Mar\u00eda \u00c1ngeles Prieto. Similar tono y fondo que el presidente Moreno utiliz\u00f3 recientemente en el C\u00e1mara andaluza para replicar a la portavoz del grupo socialista, Mar\u00eda M\u00e1rquez. Ni el presidente del Parlamento, ni el de la comisi\u00f3n, l\u00f3gicamente, les llamaron la atenci\u00f3n.<\/p>\n<p style=\"text-align: justify;\">En la propaganda del r\u00e9gimen absolutista del PP andaluz, Antonio Sanz, que reparte la publicidad intitucional.\u00a0-el BOJA public\u00f3 esta semana dos nuevos contratos que suman otros 13 millones para medios-\u00a0 con m\u00e1s de tres d\u00e9cadas en el PP en diferentes puestos y cargos, entre ellos, delegado del Gobierno en Andaluc\u00eda, y hombre fuerte de Javier Arenas, lo presentan como un hombre de di\u00e1logo, sereno y efectivo. Tan lejos de la realidad que la oposici\u00f3n padece desde hace siete a\u00f1os en el Parlamento andaluz con su tono agresivo y hosco, antes, como primer viceconsejero de la Presidencia, Administraci\u00f3n P\u00fablica e Interior del primer Gobierno andaluz de derechas, y, tras la mayor\u00eda absoluta del PP, como consejero de la Presidencia, Interior, Di\u00e1logo Social y Simplificaci\u00f3n Administrativa, previo a su nombramiento de urgencia al frente de Sanidad -nuevo nombre que sustituye al cl\u00e1sico Salud-.<\/p>\n<p style=\"text-align: justify;\">En su pen\u00faltima salida de tono tan frecuente, emple\u00f3 expresiones machistas en la comisi\u00f3n parlamentaria de Sanidad, acorralado por la portavoz de la materia del PSOE-A, Mar\u00eda \u00c1ngeles Prieto. Similar tono y fondo que el presidente Moreno utiliz\u00f3 recientemente en el C\u00e1mara andaluza para replicar a la portavoz del grupo socialista, Mar\u00eda M\u00e1rquez. Ni el presidente del Parlamento, ni el de la comisi\u00f3n, <em>l\u00f3gicamente<\/em>, les llamaron la atenci\u00f3n.<\/p>\n<blockquote class=\"twitter-tweet\">\n<p dir=\"ltr\" lang=\"es\" xml:lang=\"es\"><em>Lo del <a href=\"https:\/\/twitter.com\/hashtag\/machismo?src=hash&amp;ref_src=twsrc%5Etfw\">#machismo<\/a> d Juanma Moreno con la portavoz <a href=\"https:\/\/twitter.com\/psoedeandalucia?ref_src=twsrc%5Etfw\">@psoedeandalucia<\/a> <a href=\"https:\/\/twitter.com\/MariaMarquez_R?ref_src=twsrc%5Etfw\">@MariaMarquez_R<\/a> es LA T\u00d3NICA en su gobierno<\/em><\/p>\n<p><em>Su escudero Sanz no se queda atr\u00e1s.<\/em><\/p>\n<p><em>VERG\u00dcENZA da o\u00edrlo intentando desprestigiarme en Parlamento<\/em><\/p>\n<p><em>Retr\u00f3grados, machistas y casposos<\/em><\/p>\n<p><em>Aunque os pese, ESTAMOS AQU\u00cd <a href=\"https:\/\/t.co\/OhPfclONyV\">pic.twitter.com\/OhPfclONyV<\/a><\/em><\/p>\n<p><em>\u2014 Maria Angeles Prieto (@mangelesprieto) <a href=\"https:\/\/twitter.com\/mangelesprieto\/status\/1989639671912305079?ref_src=twsrc%5Etfw\">November 15, 2025<\/a><\/em><\/p>\n<\/blockquote>\n<blockquote>\n<div class=\"divdest\"><em><strong>Directivo de la privada, voto por Franco y desprecio a la Memoria<\/strong>. El motrile\u00f1o Nicol\u00e1s Navarro Garc\u00eda, elegido por Moreno como viceconsejero de Sanidad, cuenta con un pasado reciente que, sin duda, re\u00fane para el PP todos los requisitos para ser el n\u00famero dos de la sanidad p\u00fablica andaluza:<\/em><\/p>\n<p><em>La designaci\u00f3n de Nicol\u00e1s Navarro fue acordada en el Consejo de Gobierno del lunes, con lo que Moreno respond\u00eda de esta forma al clamor de las movilizaciones del domingo, con el pol\u00e9mico nombramiento como n\u00famero dos de la Consejer\u00eda de Sanidad, el granadino Nicol\u00e1s Navarro, procedente de la sanidad privada donde ejerc\u00eda de directivo como jefe de Urgencias del HLA La Inmaculada de Granada, gestionado por la empresa Asisa.<\/em><\/p>\n<div class=\"media media-element-container media-default\">\n<div id=\"file-121078\" class=\"file file-image file-image-jpeg\">\n<h2 class=\"element-invisible\"><em><img data-recalc-dims=\"1\" loading=\"lazy\" decoding=\"async\" class=\"media-element file-default alignright\" src=\"https:\/\/i0.wp.com\/www.elindependientedegranada.es\/sites\/default\/files\/consejo_direccion_0.jpg?resize=384%2C256&#038;ssl=1\" alt=\"\" width=\"384\" height=\"256\" data-delta=\"4\" \/><\/em><\/h2>\n<\/div>\n<\/div>\n<p><em>El puesto lo compatibilizaba con el de teniente de alcalde del Ayuntamiento de Motril, gobernado por el PP, y vicepresidente primero de la Diputaci\u00f3n de Granada, que gobierna con mayor\u00eda absoluta el PP. En el \u00faltimo a\u00f1o declar\u00f3 ingresos por estos tres puestos de 132.195,16 euros, seg\u00fan el Ayuntamiento de Motril.<\/em><\/p>\n<p><em>Tambi\u00e9n es vicesecretario General en Partido Popular de Motril y vicesecretario Provincial de Salud en Partido Popular de Granada. La direcci\u00f3n provincial valor\u00f3 el nombramiento de quien ha ocupado distintos cargos en los \u00faltimos 19 a\u00f1os por su <a href=\"https:\/\/www.elindependientedegranada.es\/politica\/pp-granada-celebra-nombramiento-nicolas-navarro-como-nuevo-viceconsejero-sanidad-destaca\">\u00abcapacidad de gesti\u00f3n y vocaci\u00f3n de servicio p\u00fablico\u00bb<\/a>.<\/em><\/p>\n<p><em>El nombramiento de un profesional que trabaja en la sanidad privada como segundo de la Consejer\u00eda de Sanidad fue anunciado en la rueda de prensa posterior al Consejo de Gobierno por la portavoz y consejera de Hacienda, Carolina Espa\u00f1a, <a href=\"https:\/\/www.elindependientedegranada.es\/politica\/moreno-nombra-viceconsejero-sanidad-medico-privada-politico-pp-hace-19-anos\">quien en diferentes puntos de su intervenci\u00f3n tach\u00f3 \u00abbulo\u00bb las acusaciones a la Junta por la privatizaci\u00f3n sanitaria<\/a>.<\/em><\/p>\n<p><em>Ahora la pregunta es qu\u00e9 va a hacer el nuevo viceconsejero cuando se decidan m\u00e1s privatizaciones, \u00bfSe abstendr\u00e1?<\/em><\/p>\n<p><em>Pero, adem\u00e1s, para cuadrar su curr\u00edculo en 2020 vot\u00f3 en pleno, junto al grupo municipal del PP, que gobernada la ciudad, y sus socios de Pm\u00e1s, Ciudadnos y Vox, en contra de que Motril retirase la medalla de oro al dictador Francisco Franco, en respuesta a la iniciativa del grupo municipal\u00a0IU-Equo para que se cumpliera la Ley de Memoria. Tras ello, IU-Equo de Motril present\u00f3 una denuncia ante la Fiscal\u00eda. Cuatro a\u00f1os m\u00e1s tarde, en mayo de 2024, el pleno finalmente, con los votos, entonces s\u00ed, del PP, acord\u00f3 retirar la medalla a Franco.<\/em><\/p>\n<p><em>Hace un a\u00f1o, Nicol\u00e1s Navarro realiz\u00f3 un comentario en su cuenta de Facebook ofensivos hacia la Memoria Democr\u00e1tica, <a href=\"https:\/\/www.elindependientedegranada.es\/politica\/asociacion-14-abril-exige-nicolas-navarro-rectificacion-inmediata-desprecio-victimas\">que desat\u00f3 la pol\u00e9mica<\/a>.<\/em><\/p>\n<p><em>Fue tras emitir TVE un documental sobre La Desband\u00e1, considerado como el Gernika andaluz. El ahora viceconsejero escribi\u00f3: \u201cComo entiendo que el documental no es casualidad y ser\u00e1 un publirreportaje para que la poblaci\u00f3n actual que no vivi\u00f3 la guerra la entienda espero el pr\u00f3ximo s\u00e1bado otro en el que nos expliquen quien incendi\u00f3 el Cerro de la Virgen de la Cabeza, destruyendo el patrimonio hist\u00f3rico y art\u00edstico, quien incendi\u00f3 el polvor\u00edn de la Iglesia Mayor o quien asesin\u00f3 a los m\u00e1rtires agustinos y chapuchinos entre otras atrocidades. Esto es solo para que la Memoria Hist\u00f3rica sea realmente reparadora\u201d. El t\u00edpico argumento de la extrema derecha y herederos del franquismo. En la imagen del PP, a la izquierda Nicol\u00e1s Navarro, en una diretiva provincial, junto a la senadora Inmaculada Hern\u00e1ndez, la alcaldesa de Granada, Marifr\u00e1n Carazo y el presidente provincial, Francisco Rodr\u00edguez.<\/em><\/div>\n<\/blockquote>\n<p class=\"sumari\" style=\"text-align: justify;\">El requerimiento formal a la asociaci\u00f3n para que entregue los datos sobre mujeres afectadas que la entidad eleva a 4.000 puso de manifiesto su pronta p\u00e9rdida de nervios y de compostura, en el anuncio a los medios de una medida que, inevitablemente recuerda, a tiempos en sepia o blanco y negro, cuando precisamente se conmemora por el Gobierno los 50 a\u00f1os de Espa\u00f1a en libertad<\/p>\n<p style=\"text-align: justify;\">Pero desde que es consejero de Sanidad <a href=\"https:\/\/www.elindependientedegranada.es\/politica\/inmensa-marea-rosa-reprueba-gestion-sanitaria-moreno-pide-dimision-puertas-san-telmo\">su desprecio lo ha dirigido a Amama,<\/a> a la que trata de amedrentar, en acoso continuo. <a href=\"https:\/\/www.elindependientedegranada.es\/politica\/junta-acosa-amama-le-envia-requerimiento-legal-exigiendole-informacion-testimonios-sobre\">El requerimiento formal a la asociaci\u00f3n para que entregue los datos sobre mujeres afectadas que la entidad eleva a 4.000<\/a>, -frente a las 2.317 oficiales de la Junta, eso s\u00ed, ya de la totalidad de provincias andaluzas, menos C\u00f3rdoba, incluida Granada, como adelant\u00f3 este diario- puso de manifiesto su pronta p\u00e9rdida de nervios y de compostura, en el anuncio a los medios de una medida que, inevitablemente recuerda, a tiempos en sepia o blanco y negro, cuando precisamente se conmemora por el Gobierno los 50 a\u00f1os de Espa\u00f1a en libertad, que el PP no apoya.<\/p>\n<p style=\"text-align: justify;\">Antonio Saz, ni por supuesto Moreno, ni el PP-A, con su portavoz, Toni Mart\u00ednez, han reparado la absoluta deshumanizaci\u00f3n en el fallido proceso del cribado de c\u00e1ncer de mama, con retrasos incomprensibles y en el posterior tratamiento, por un error, del que cincuenta d\u00edas despu\u00e9s a\u00fan no sabemos por qu\u00e9 ocurri\u00f3, quienes fueron sus responsables, la raz\u00f3n por la que no se advirti\u00f3 de inmediato, o con posterioridad. Solo vagas explicaciones deslavazadas, que incluyeron culpar a los profesionales sanitarios, sin la menor autocr\u00edtica.<\/p>\n<p style=\"text-align: justify;\">Por ello, por muchas promesas, sin conocer el motivo es dif\u00edcil atajarlo de ra\u00edz y las promesas del Gobierno andaluz de mayor\u00eda absoluta solo pueden parecer parches, para salir del paso, y que pase el tiempo y se olvide. Pero no, las mujeres afectadas y asociaciones tan valientes como Amama, como en Granada, acompa\u00f1adas siempre por la Plataforma 25N\/8M, no lo permitir\u00e1n.<\/p>\n<p style=\"text-align: justify;\">Como los sindicatos de referencia, los partidos de izquierda de la oposici\u00f3n y los medios, como este, libre e independiente y la ciudadan\u00eda que las arropa.<\/p>\n<p><span class=\"autor\"> <a href=\"http:\/\/www.elindependientedegranada.es\/autor\/5\"><strong>Juan I. P\u00e9rez<\/strong><\/a> <\/span><\/p>\n<p>FOTO: Moreno y Sanz en la apertura del Centro de Salud Ricardo Soriano en Marbella. Junta de Andalucia<\/p>\n<p>http:\/\/www.elindependientedegranada.es\/politica\/50-dias-que-le-estallo-moreno-escandalo-cribado-sin-que-aun-conozca-causa<\/p>\n","protected":false},"excerpt":{"rendered":"<p>Sin conocer el origen, con absoluto desprecio a las mujeres afectadas y a la reacci\u00f3n&#8230;<\/p>\n","protected":false},"author":1,"featured_media":80131,"comment_status":"closed","ping_status":"closed","sticky":false,"template":"","format":"standard","meta":{"_coblocks_attr":"","_coblocks_dimensions":"","_coblocks_responsive_height":"","_coblocks_accordion_ie_support":"","jetpack_post_was_ever_published":false,"_jetpack_newsletter_access":"","_jetpack_dont_email_post_to_subs":false,"_jetpack_newsletter_tier_id":0,"_jetpack_memberships_contains_paywalled_content":false,"_jetpack_memberships_contains_paid_content":false,"footnotes":"","jetpack_publicize_message":"","jetpack_publicize_feature_enabled":true,"jetpack_social_post_already_shared":true,"jetpack_social_options":{"image_generator_settings":{"template":"highway","default_image_id":0,"enabled":false},"version":2}},"categories":[10791,10797,1161,44,10],"tags":[],"class_list":["post-80129","post","type-post","status-publish","format-standard","has-post-thumbnail","hentry","category-andalucia","category-ciencia","category-ciudadania","category-noticias-de-hoy","category-salud"],"jetpack_publicize_connections":[],"jetpack_featured_media_url":"https:\/\/i0.wp.com\/miradordeatarfe.es\/wp-content\/uploads\/2025\/11\/morenoysanz_0.jpg?fit=650%2C383&ssl=1","jetpack_likes_enabled":true,"jetpack_sharing_enabled":true,"_links":{"self":[{"href":"https:\/\/miradordeatarfe.es\/index.php?rest_route=\/wp\/v2\/posts\/80129","targetHints":{"allow":["GET"]}}],"collection":[{"href":"https:\/\/miradordeatarfe.es\/index.php?rest_route=\/wp\/v2\/posts"}],"about":[{"href":"https:\/\/miradordeatarfe.es\/index.php?rest_route=\/wp\/v2\/types\/post"}],"author":[{"embeddable":true,"href":"https:\/\/miradordeatarfe.es\/index.php?rest_route=\/wp\/v2\/users\/1"}],"replies":[{"embeddable":true,"href":"https:\/\/miradordeatarfe.es\/index.php?rest_route=%2Fwp%2Fv2%2Fcomments&post=80129"}],"version-history":[{"count":3,"href":"https:\/\/miradordeatarfe.es\/index.php?rest_route=\/wp\/v2\/posts\/80129\/revisions"}],"predecessor-version":[{"id":80133,"href":"https:\/\/miradordeatarfe.es\/index.php?rest_route=\/wp\/v2\/posts\/80129\/revisions\/80133"}],"wp:featuredmedia":[{"embeddable":true,"href":"https:\/\/miradordeatarfe.es\/index.php?rest_route=\/wp\/v2\/media\/80131"}],"wp:attachment":[{"href":"https:\/\/miradordeatarfe.es\/index.php?rest_route=%2Fwp%2Fv2%2Fmedia&parent=80129"}],"wp:term":[{"taxonomy":"category","embeddable":true,"href":"https:\/\/miradordeatarfe.es\/index.php?rest_route=%2Fwp%2Fv2%2Fcategories&post=80129"},{"taxonomy":"post_tag","embeddable":true,"href":"https:\/\/miradordeatarfe.es\/index.php?rest_route=%2Fwp%2Fv2%2Ftags&post=80129"}],"curies":[{"name":"wp","href":"https:\/\/api.w.org\/{rel}","templated":true}]}}