{"id":80146,"date":"2025-11-19T08:46:40","date_gmt":"2025-11-19T07:46:40","guid":{"rendered":"https:\/\/miradordeatarfe.es\/?p=80146"},"modified":"2025-12-16T14:09:51","modified_gmt":"2025-12-16T13:09:51","slug":"la-bailarina-barbara-ruiz-cuando-bailo-libero-mis-sentimientos","status":"publish","type":"post","link":"https:\/\/miradordeatarfe.es\/?p=80146","title":{"rendered":"La  bailarina  B\u00e1rbara Ruiz.\u00abCuando bailo libero mis sentimientos\u00bb"},"content":{"rendered":"<h3 class=\"v-p\" style=\"text-align: justify;\">El destino de B\u00e1rbara estaba escrito desde antes de que naciera. Y cuando lean este reportaje lo entender\u00e1n. B\u00e1rbara Ruiz Chinchilla (Granada, 2004) estudia este a\u00f1o su \u00faltimo curso en el Conservatorio Superior de Danza &#8216;\u00c1ngel Pericet&#8217; de M\u00e1laga.<\/h3>\n<p class=\"v-p\" style=\"text-align: justify;\">Acabar\u00e1 de esta forma una larga carrera que, formalmente, empez\u00f3 en 2012 en el Conservatorio Profesional de Danza &#8216;Reina Sof\u00eda&#8217; de Granada, pero que realmente se hab\u00eda iniciado mucho antes, de ni\u00f1a. <strong>\u00abMi padre, Jos\u00e9 Manuel Ruiz, ten\u00eda una escuela de danza en el s\u00f3tano de nuestro hogar, en Atarfe, y yo bajaba todas las tardes la escalera para mirar; me quedaba embobada\u00bb<\/strong>, recuerda. \u00abMe encantaba ponerme delante del espejo y mirarme con las casta\u00f1uelas, hasta el punto de que aprend\u00ed a tocarlas con la mano izquierda, cuando yo soy diestra\u00bb, rememora sonriendo.<\/p>\n<p class=\"v-p\" style=\"text-align: justify;\">Su pap\u00e1 Jos\u00e9 Manuel, hoy docente del Conservatorio, fue su primer profesor. Pero tambi\u00e9n aprendi\u00f3 mucho de su mam\u00e1, Cristina Chinchilla, que se dedicaba a la danza del vientre. \u00abLas nocheviejas son una alegr\u00eda en nuestra casa\u00bb, bromea respecto a esa querencia que tiene toda la familia a &#8216;mover el body&#8217;. \u00abNo nos aburrimos\u00bb, asegura sonriendo. De aquella cr\u00eda de 8 a\u00f1os a la joven de 21 quedan intactos el amor por la danza y las ganas de labrarse un futuro que le llevar\u00e1 a los escenarios m\u00e1s importantes dentro y fuera de Espa\u00f1a. Ya ha actuado en el Palacio de Carlos V, el Teatro Alhambra y el Museo Thyssen de M\u00e1laga\u2026 y a buen seguro que, antes o despu\u00e9s, la veremos en el Teatro Real de Madrid o en el Liceo de Barcelona. \u00bfSu sue\u00f1o? Entrar en el Ballet Nacional de Danza a las \u00f3rdenes de Rub\u00e9n Olmo. Ya estuvo a punto de conseguirlo. Le concedieron una beca, pero tuvo que renunciar a ella por lesi\u00f3n.<\/p>\n<div id=\"wms-intext\" class=\"wms-intext\" style=\"text-align: justify;\">\n<div id=\"jw-ms214214\">\n<div class=\"jw-wrapper\">\u00a0<\/div>\n<\/div>\n<\/div>\n<p class=\"v-p\" style=\"text-align: justify;\">Su especialidad es la Danza Espa\u00f1ola, que mezcla la cl\u00e1sica y el flamenco, y dentro de ella la Danza Estilizada, la que se ejerce con zapatos. Sus referentes son A\u00edda G\u00f3mez por su destreza t\u00e9cnica, Patricia Guerrero por su porte y Rub\u00e9n Olmo por sus coreograf\u00edas. B\u00e1rbara tiene los pies en el suelo. Sabe que le queda todo el camino por delante. Cuando salga de las aulas tendr\u00e1 que seguir trabajando duro, continuar especializ\u00e1ndose y presentarse a pruebas y audiciones. Por lo pronto, ya est\u00e1 trabajando en su primer montaje personal. \u00abEste proyecto indaga en las fases y en las emociones de la vida\u00bb, adelanta. Su intenci\u00f3n es representarlo por teatros de toda la provincia de Granada -empezando por Atarfe-. Lo lograr\u00e1.<\/p>\n<p class=\"v-p\" style=\"text-align: justify;\">B\u00e1rbara lo tiene claro. Para lograr los objetivos no solo tiene que seguir prepar\u00e1ndose, sino que tiene que cuidar de su salud f\u00edsica y emocional. \u00abComenzando por una alimentaci\u00f3n perfecta -reflexiona- y rechazando muchas cosas, como salir de fiesta, quedar con los amigos o incluso renunciar a planes familiares\u00bb. Todo por la danza. \u00abPara m\u00ed es lo m\u00e1s bonito del mundo; me dejo llevar por la m\u00fasica y libero mis<\/p>\n<p style=\"text-align: justify;\"><a href=\"https:\/\/www.ideal.es\/autor\/jorge-pastor-400.html\" data-mrf-link=\"https:\/\/www.ideal.es\/autor\/jorge-pastor-400.html\"><strong>Jorge Pastor<\/strong><\/a><\/p>\n<p style=\"text-align: justify;\">FOTO: <span class=\"v-fc__p\">Pepe Mar\u00edn <\/span><\/p>\n","protected":false},"excerpt":{"rendered":"<p>El destino de B\u00e1rbara estaba escrito desde antes de que naciera. Y cuando lean este&#8230;<\/p>\n","protected":false},"author":1,"featured_media":80826,"comment_status":"closed","ping_status":"closed","sticky":false,"template":"","format":"standard","meta":{"_coblocks_attr":"","_coblocks_dimensions":"","_coblocks_responsive_height":"","_coblocks_accordion_ie_support":"","jetpack_post_was_ever_published":false,"_jetpack_newsletter_access":"","_jetpack_dont_email_post_to_subs":false,"_jetpack_newsletter_tier_id":0,"_jetpack_memberships_contains_paywalled_content":false,"_jetpack_memberships_contains_paid_content":false,"footnotes":"","jetpack_publicize_message":"","jetpack_publicize_feature_enabled":true,"jetpack_social_post_already_shared":false,"jetpack_social_options":{"image_generator_settings":{"template":"highway","default_image_id":0,"enabled":false},"version":2}},"categories":[1161,44,6539],"tags":[],"class_list":["post-80146","post","type-post","status-publish","format-standard","has-post-thumbnail","hentry","category-ciudadania","category-noticias-de-hoy","category-personajes-de-ataref"],"jetpack_publicize_connections":[],"jetpack_featured_media_url":"https:\/\/i0.wp.com\/miradordeatarfe.es\/wp-content\/uploads\/2025\/11\/Screenshot-2025-12-16-at-14-08-22-Cuando-bailo-libero-mis-sentimientos-Ideal.png?fit=909%2C590&ssl=1","jetpack_likes_enabled":true,"jetpack_sharing_enabled":true,"_links":{"self":[{"href":"https:\/\/miradordeatarfe.es\/index.php?rest_route=\/wp\/v2\/posts\/80146","targetHints":{"allow":["GET"]}}],"collection":[{"href":"https:\/\/miradordeatarfe.es\/index.php?rest_route=\/wp\/v2\/posts"}],"about":[{"href":"https:\/\/miradordeatarfe.es\/index.php?rest_route=\/wp\/v2\/types\/post"}],"author":[{"embeddable":true,"href":"https:\/\/miradordeatarfe.es\/index.php?rest_route=\/wp\/v2\/users\/1"}],"replies":[{"embeddable":true,"href":"https:\/\/miradordeatarfe.es\/index.php?rest_route=%2Fwp%2Fv2%2Fcomments&post=80146"}],"version-history":[{"count":1,"href":"https:\/\/miradordeatarfe.es\/index.php?rest_route=\/wp\/v2\/posts\/80146\/revisions"}],"predecessor-version":[{"id":80147,"href":"https:\/\/miradordeatarfe.es\/index.php?rest_route=\/wp\/v2\/posts\/80146\/revisions\/80147"}],"wp:featuredmedia":[{"embeddable":true,"href":"https:\/\/miradordeatarfe.es\/index.php?rest_route=\/wp\/v2\/media\/80826"}],"wp:attachment":[{"href":"https:\/\/miradordeatarfe.es\/index.php?rest_route=%2Fwp%2Fv2%2Fmedia&parent=80146"}],"wp:term":[{"taxonomy":"category","embeddable":true,"href":"https:\/\/miradordeatarfe.es\/index.php?rest_route=%2Fwp%2Fv2%2Fcategories&post=80146"},{"taxonomy":"post_tag","embeddable":true,"href":"https:\/\/miradordeatarfe.es\/index.php?rest_route=%2Fwp%2Fv2%2Ftags&post=80146"}],"curies":[{"name":"wp","href":"https:\/\/api.w.org\/{rel}","templated":true}]}}