{"id":8015,"date":"2016-04-08T06:49:54","date_gmt":"2016-04-08T06:49:54","guid":{"rendered":"http:\/\/miradordeatarfe.es\/?p=8015"},"modified":"2016-04-04T20:58:40","modified_gmt":"2016-04-04T20:58:40","slug":"las-mujeres-que-eligieron-ser-cultas-para-ser-libres","status":"publish","type":"post","link":"https:\/\/miradordeatarfe.es\/?p=8015","title":{"rendered":"Las mujeres que eligieron ser cultas para ser libres"},"content":{"rendered":"<p class=\"subheading\" style=\"text-align: justify;\">\u2018Mujeres en Vanguardia\u2019 celebra el centenario de la Residencia de Se\u00f1oritas con 400 piezas que resumen su historia.<\/p>\n<p class=\"subheading\" style=\"text-align: justify;\"><!--more--><\/p>\n<p style=\"text-align: justify;\">\u2018Mujeres en Vanguardia\u2019 celebra el centenario de la Residencia de Se\u00f1oritas con 400 piezas que resumen su historia.<br \/>\nMaruja Mallo con Josefina Carabias, apoyadas sobre su \u00f3leo \u2018Antro de f\u00f3siles\u2019.<\/p>\n<p style=\"text-align: justify;\"><a href=\"https:\/\/i0.wp.com\/miradordeatarfe.es\/wp-content\/uploads\/2016\/04\/Maruja-Mallo-Josefina-Carabias-Madrid_83751723_255283_1706x1280.jpg?ssl=1\" rel=\"attachment wp-att-8016\"><img data-recalc-dims=\"1\" loading=\"lazy\" decoding=\"async\" class=\"alignnone size-full wp-image-8016\" src=\"https:\/\/i0.wp.com\/miradordeatarfe.es\/wp-content\/uploads\/2016\/04\/Maruja-Mallo-Josefina-Carabias-Madrid_83751723_255283_1706x1280.jpg?resize=640%2C480&#038;ssl=1\" alt=\"Maruja-Mallo-Josefina-Carabias-Madrid_83751723_255283_1706x1280\" width=\"640\" height=\"480\" srcset=\"https:\/\/i0.wp.com\/miradordeatarfe.es\/wp-content\/uploads\/2016\/04\/Maruja-Mallo-Josefina-Carabias-Madrid_83751723_255283_1706x1280.jpg?w=1706&amp;ssl=1 1706w, https:\/\/i0.wp.com\/miradordeatarfe.es\/wp-content\/uploads\/2016\/04\/Maruja-Mallo-Josefina-Carabias-Madrid_83751723_255283_1706x1280.jpg?resize=300%2C225&amp;ssl=1 300w, https:\/\/i0.wp.com\/miradordeatarfe.es\/wp-content\/uploads\/2016\/04\/Maruja-Mallo-Josefina-Carabias-Madrid_83751723_255283_1706x1280.jpg?resize=768%2C576&amp;ssl=1 768w, https:\/\/i0.wp.com\/miradordeatarfe.es\/wp-content\/uploads\/2016\/04\/Maruja-Mallo-Josefina-Carabias-Madrid_83751723_255283_1706x1280.jpg?resize=1024%2C768&amp;ssl=1 1024w, https:\/\/i0.wp.com\/miradordeatarfe.es\/wp-content\/uploads\/2016\/04\/Maruja-Mallo-Josefina-Carabias-Madrid_83751723_255283_1706x1280.jpg?resize=600%2C450&amp;ssl=1 600w, https:\/\/i0.wp.com\/miradordeatarfe.es\/wp-content\/uploads\/2016\/04\/Maruja-Mallo-Josefina-Carabias-Madrid_83751723_255283_1706x1280.jpg?w=1280&amp;ssl=1 1280w\" sizes=\"auto, (max-width: 640px) 100vw, 640px\" \/><\/a><\/p>\n<p style=\"text-align: justify;\">Maruja Mallo con Josefina Carabias, apoyadas sobre su \u00f3leo \u2018Antro de f\u00f3siles\u2019. Guillermo de Osma<br \/>\nLorena G. Maldonado<\/p>\n<p style=\"text-align: justify;\">Fueron mujeres en una \u00e9poca en la que a la mujer s\u00f3lo se le dejaba ser hembra. Ni\u00f1as bien, iconos pop, sexo fuerte intelectual. Se arremangaron las faldas y se colaron en fiestas reservadas a la testosterona: atriles, laboratorios, esca\u00f1os. Ya no quer\u00edan ser musas. Ahora, ellas con la t\u00e9mpera, con la ley, con el tomo de filosof\u00eda, con el poemario. Las chicas de la Residencia de Se\u00f1oritas -cara B de la m\u00edtica de Estudiantes- eligieron ser cultas para ser libres.<\/p>\n<p style=\"text-align: justify;\">Fue en 1915 cuando la pedagoga y humanista Mar\u00eda de Maeztu inaugur\u00f3 el primer centro oficial espa\u00f1ol para fomentar la formaci\u00f3n superior de la mujer adoptando a 30 alumnas entusiastas. Se instalaron en el hotelito de la calle Fortuny (en Madrid) que hab\u00edan ocupado sus compa\u00f1eros antes de que se les quedara peque\u00f1o y se mudaron a los Altos del Hip\u00f3dromo. Su actividad did\u00e1ctica fue fren\u00e9tica, pero, adem\u00e1s, Maeztu se encarg\u00f3 de perfilar a la joven moderna de comienzos del siglo XX ofreci\u00e9ndole deportes, viajes, conferencias e incluso intercambios en colleges estadounidenses (para disgusto de las autoridades cat\u00f3licas del momento, que se hac\u00edan el rosario de ida y vuelta para que las ni\u00f1as no sacaran los pies del tiesto).<\/p>\n<p style=\"text-align: justify;\"><a href=\"https:\/\/i0.wp.com\/miradordeatarfe.es\/wp-content\/uploads\/2016\/04\/clase-matematicas-Residencia-Senoritas_83751724_255292_1706x1260.jpg?ssl=1\" rel=\"attachment wp-att-8017\"><img data-recalc-dims=\"1\" loading=\"lazy\" decoding=\"async\" class=\"alignnone size-full wp-image-8017\" src=\"https:\/\/i0.wp.com\/miradordeatarfe.es\/wp-content\/uploads\/2016\/04\/clase-matematicas-Residencia-Senoritas_83751724_255292_1706x1260.jpg?resize=640%2C473&#038;ssl=1\" alt=\"clase-matematicas-Residencia-Senoritas_83751724_255292_1706x1260\" width=\"640\" height=\"473\" srcset=\"https:\/\/i0.wp.com\/miradordeatarfe.es\/wp-content\/uploads\/2016\/04\/clase-matematicas-Residencia-Senoritas_83751724_255292_1706x1260.jpg?w=1706&amp;ssl=1 1706w, https:\/\/i0.wp.com\/miradordeatarfe.es\/wp-content\/uploads\/2016\/04\/clase-matematicas-Residencia-Senoritas_83751724_255292_1706x1260.jpg?resize=300%2C222&amp;ssl=1 300w, https:\/\/i0.wp.com\/miradordeatarfe.es\/wp-content\/uploads\/2016\/04\/clase-matematicas-Residencia-Senoritas_83751724_255292_1706x1260.jpg?resize=768%2C567&amp;ssl=1 768w, https:\/\/i0.wp.com\/miradordeatarfe.es\/wp-content\/uploads\/2016\/04\/clase-matematicas-Residencia-Senoritas_83751724_255292_1706x1260.jpg?resize=1024%2C756&amp;ssl=1 1024w, https:\/\/i0.wp.com\/miradordeatarfe.es\/wp-content\/uploads\/2016\/04\/clase-matematicas-Residencia-Senoritas_83751724_255292_1706x1260.jpg?resize=600%2C443&amp;ssl=1 600w, https:\/\/i0.wp.com\/miradordeatarfe.es\/wp-content\/uploads\/2016\/04\/clase-matematicas-Residencia-Senoritas_83751724_255292_1706x1260.jpg?w=1280&amp;ssl=1 1280w\" sizes=\"auto, (max-width: 640px) 100vw, 640px\" \/><\/a><br \/>\nUna clase de matem\u00e1ticas en la Residencia de Se\u00f1oritas hacia 1933.<\/p>\n<p style=\"text-align: justify;\">La directora cont\u00f3 con el apoyo de Alberto Jim\u00e9nez Fraud -su hom\u00f3logo en la residencia masculina-, de la Asociaci\u00f3n de Educaci\u00f3n para la Mujer -creada en 1879 por Fernando de Castro- y con el International Institute for Girls in Spain, que aport\u00f3 proyecci\u00f3n extranjera e \u00ednfulas de unas libertades que aqu\u00ed no hab\u00edan aterrizado.<br \/>\nMujercitas vanguardistas<\/p>\n<p style=\"text-align: justify;\">Las chiquillas no ten\u00edan m\u00e1s de 16 a\u00f1os y ya eran peligrosas: algunas incluso so\u00f1aban con ir a la Universidad. Sab\u00edan que la emancipaci\u00f3n hab\u00eda que trabajarla de dentro hacia fuera. \u201cAl principio fue complicado: se requer\u00eda de un permiso paterno para poder acceder, y Mar\u00eda de Maeztu, para tranquilizar a los tutores, quiso hacerles ver que la madurez acad\u00e9mica no era incompatible con los par\u00e1metros de una vida moral\u201d, explica Almudena de la Cueva, comisaria de la exposici\u00f3n Mujeres en Vanguardia, que celebra el centenario de la residencia.<\/p>\n<p style=\"text-align: justify;\"><a href=\"https:\/\/i0.wp.com\/miradordeatarfe.es\/wp-content\/uploads\/2016\/04\/Delhy-Tejero-Venus-bolchevique-Cronica_83751725_255326_1280x1706.jpg?ssl=1\" rel=\"attachment wp-att-8018\"><img data-recalc-dims=\"1\" loading=\"lazy\" decoding=\"async\" class=\"alignnone size-full wp-image-8018\" src=\"https:\/\/i0.wp.com\/miradordeatarfe.es\/wp-content\/uploads\/2016\/04\/Delhy-Tejero-Venus-bolchevique-Cronica_83751725_255326_1280x1706.jpg?resize=640%2C853&#038;ssl=1\" alt=\"Delhy-Tejero-Venus-bolchevique-Cronica_83751725_255326_1280x1706\" width=\"640\" height=\"853\" srcset=\"https:\/\/i0.wp.com\/miradordeatarfe.es\/wp-content\/uploads\/2016\/04\/Delhy-Tejero-Venus-bolchevique-Cronica_83751725_255326_1280x1706.jpg?w=1280&amp;ssl=1 1280w, https:\/\/i0.wp.com\/miradordeatarfe.es\/wp-content\/uploads\/2016\/04\/Delhy-Tejero-Venus-bolchevique-Cronica_83751725_255326_1280x1706.jpg?resize=225%2C300&amp;ssl=1 225w, https:\/\/i0.wp.com\/miradordeatarfe.es\/wp-content\/uploads\/2016\/04\/Delhy-Tejero-Venus-bolchevique-Cronica_83751725_255326_1280x1706.jpg?resize=768%2C1024&amp;ssl=1 768w, https:\/\/i0.wp.com\/miradordeatarfe.es\/wp-content\/uploads\/2016\/04\/Delhy-Tejero-Venus-bolchevique-Cronica_83751725_255326_1280x1706.jpg?resize=600%2C800&amp;ssl=1 600w\" sizes=\"auto, (max-width: 640px) 100vw, 640px\" \/><\/a><br \/>\nDelhy Tejero, n\u00famero 6 de la serie La Venus del bolchevique, ilustraci\u00f3n para la revista Cr\u00f3nica. Colecci\u00f3n Javier Vila Tejero<\/p>\n<p style=\"text-align: justify;\">\u201cImpuso horarios a las internas y, al observar la reticencia de ciertos padres a que las ni\u00f1as durmieran all\u00ed, no hizo obligatorio el internado. Tambi\u00e9n hab\u00eda quien tem\u00eda que sus hijas pisaran las aulas de la Universidad, as\u00ed que la directora concert\u00f3 un m\u00e9todo por el que algunas de las se\u00f1oritas recib\u00edan clases preparatorias en la Residencia y s\u00f3lo iban a las aulas a examinarse\u201d. Maeztu se mov\u00eda por atajos para edificar su \u201ccasa de muchachas aplicadas al estudio\u201d, y bien dej\u00f3 claro que no deseaba \u201cun casino de intelectuales ni un plantel de sufragistas\u201d. Su af\u00e1n por inculcarles \u201cun hondo sentimiento de honor, dignidad y esp\u00edritu cr\u00edtico\u201d provoc\u00f3 que fueran la semilla de todo lo conquistado despu\u00e9s: luchadoras con h\u00e1bito a las que no les estorbaban los pechos.<\/p>\n<p style=\"text-align: justify;\">Hab\u00eda algo de rebeld\u00eda en esas ni\u00f1as de pelo corto y abrigo largo que irrump\u00edan en las clases acompa\u00f1adas de un profesor y ocupaban pupitres apartados de los varones. Mujeres extravagantes hacia adentro que un d\u00eda firmaban su matr\u00edcula universitaria y otro ondeaban un t\u00edtulo con su nombre, sin que ning\u00fan novio les prestase el apellido. Estudiar las hac\u00eda sexys -por aut\u00f3nomas- sin necesidad de ser hermosas, y ese germen acad\u00e9mico se extendi\u00f3 muy pronto: \u201cLlegaron tantas que Maeztu empez\u00f3 a dividirlas en grupos, y al poco, las clases se expandieron por edificios cercanos\u201d, sostiene De la Cueva.<br \/>\n<a href=\"https:\/\/i0.wp.com\/miradordeatarfe.es\/wp-content\/uploads\/2016\/04\/Alumnas-Residencia-Senoritas-estudiando_83751726_255343_1706x1280.jpg?ssl=1\" rel=\"attachment wp-att-8019\"><img data-recalc-dims=\"1\" loading=\"lazy\" decoding=\"async\" class=\"alignnone size-full wp-image-8019\" src=\"https:\/\/i0.wp.com\/miradordeatarfe.es\/wp-content\/uploads\/2016\/04\/Alumnas-Residencia-Senoritas-estudiando_83751726_255343_1706x1280.jpg?resize=640%2C480&#038;ssl=1\" alt=\"Alumnas-Residencia-Senoritas-estudiando_83751726_255343_1706x1280\" width=\"640\" height=\"480\" srcset=\"https:\/\/i0.wp.com\/miradordeatarfe.es\/wp-content\/uploads\/2016\/04\/Alumnas-Residencia-Senoritas-estudiando_83751726_255343_1706x1280.jpg?w=1706&amp;ssl=1 1706w, https:\/\/i0.wp.com\/miradordeatarfe.es\/wp-content\/uploads\/2016\/04\/Alumnas-Residencia-Senoritas-estudiando_83751726_255343_1706x1280.jpg?resize=300%2C225&amp;ssl=1 300w, https:\/\/i0.wp.com\/miradordeatarfe.es\/wp-content\/uploads\/2016\/04\/Alumnas-Residencia-Senoritas-estudiando_83751726_255343_1706x1280.jpg?resize=768%2C576&amp;ssl=1 768w, https:\/\/i0.wp.com\/miradordeatarfe.es\/wp-content\/uploads\/2016\/04\/Alumnas-Residencia-Senoritas-estudiando_83751726_255343_1706x1280.jpg?resize=1024%2C768&amp;ssl=1 1024w, https:\/\/i0.wp.com\/miradordeatarfe.es\/wp-content\/uploads\/2016\/04\/Alumnas-Residencia-Senoritas-estudiando_83751726_255343_1706x1280.jpg?resize=600%2C450&amp;ssl=1 600w, https:\/\/i0.wp.com\/miradordeatarfe.es\/wp-content\/uploads\/2016\/04\/Alumnas-Residencia-Senoritas-estudiando_83751726_255343_1706x1280.jpg?w=1280&amp;ssl=1 1280w\" sizes=\"auto, (max-width: 640px) 100vw, 640px\" \/><\/a><\/p>\n<p style=\"text-align: justify;\">Alumnas de la Residencia de Se\u00f1oritas estudiando. Estampa<\/p>\n<p style=\"text-align: justify;\">Al cierre del centro, en 1936, ya eran 300 por promoci\u00f3n. La muestra Mujeres en Vanguardia -organizada con el apoyo de Acci\u00f3n Cultural Espa\u00f1ola (AC\/E)- puede verse desde hoy hasta el 27 de marzo de 2016 en la Residencia de Estudiantes. Acoge m\u00e1s de 400 documentos, libros, fotograf\u00edas, archivos sonoros y obras de arte de instituciones como el Museo Sorolla, el Reina Sof\u00eda, la Fundaci\u00f3n Jos\u00e9 Ortega y Gasset-Gregorio Mara\u00f1\u00f3n o la Biblioteca Nacional de Espa\u00f1a, entre muchos otros. La Residencia de Se\u00f1oritas se constituy\u00f3 como un ecosistema independiente, un ring del pensamiento moderno que entrenaba a sus chicas para convencer fuerte ah\u00ed afuera. Y sus combatientes, tanto profesoras como alumnas, fueron de excepci\u00f3n.<br \/>\nDe tal maestra tal alumna<\/p>\n<p style=\"text-align: justify;\">Hubo docentes de la potencia art\u00edstica y experimental de Maruja Mallo, pintora surrealista codeada all\u00e1 en Par\u00eds con Ren\u00e9 Magritte, Max Erns, Joan Mir\u00f3 o Paul \u00c9luard -el propio Andr\u00e9 Breton compr\u00f3 en 1932 su obra espectral Espantap\u00e1jaros-. Sufri\u00f3 por Rafael Alberti, influy\u00f3 en Miguel Hern\u00e1ndez, fue precursora del arte pop estadounidense y Garc\u00eda Lorca asegur\u00f3 que \u201ctoda la belleza del mundo cab\u00eda en su ojo\u201d. O Mar\u00eda Goyri, \u00e1vida investigadora humanista. Un informe franquista, en 1937, la tild\u00f3 de \u201cpersona de gran talento, de gran cultura, de una energ\u00eda extraordinaria, que ha pervertido a su marido [Ram\u00f3n Men\u00e9ndez Pidal] y a sus hijos; muy persuasiva y de las personas m\u00e1s peligrosas de Espa\u00f1a. Es sin duda una de las ra\u00edces m\u00e1s robustas de la revoluci\u00f3n\u201d.<br \/>\n<a href=\"https:\/\/i0.wp.com\/miradordeatarfe.es\/wp-content\/uploads\/2016\/04\/Maruja-Mallo-verbena_83751729_255435_1706x1280.jpg?ssl=1\" rel=\"attachment wp-att-8020\"><img data-recalc-dims=\"1\" loading=\"lazy\" decoding=\"async\" class=\"alignnone size-full wp-image-8020\" src=\"https:\/\/i0.wp.com\/miradordeatarfe.es\/wp-content\/uploads\/2016\/04\/Maruja-Mallo-verbena_83751729_255435_1706x1280.jpg?resize=640%2C480&#038;ssl=1\" alt=\"Maruja-Mallo-verbena_83751729_255435_1706x1280\" width=\"640\" height=\"480\" srcset=\"https:\/\/i0.wp.com\/miradordeatarfe.es\/wp-content\/uploads\/2016\/04\/Maruja-Mallo-verbena_83751729_255435_1706x1280.jpg?w=1706&amp;ssl=1 1706w, https:\/\/i0.wp.com\/miradordeatarfe.es\/wp-content\/uploads\/2016\/04\/Maruja-Mallo-verbena_83751729_255435_1706x1280.jpg?resize=300%2C225&amp;ssl=1 300w, https:\/\/i0.wp.com\/miradordeatarfe.es\/wp-content\/uploads\/2016\/04\/Maruja-Mallo-verbena_83751729_255435_1706x1280.jpg?resize=768%2C576&amp;ssl=1 768w, https:\/\/i0.wp.com\/miradordeatarfe.es\/wp-content\/uploads\/2016\/04\/Maruja-Mallo-verbena_83751729_255435_1706x1280.jpg?resize=1024%2C768&amp;ssl=1 1024w, https:\/\/i0.wp.com\/miradordeatarfe.es\/wp-content\/uploads\/2016\/04\/Maruja-Mallo-verbena_83751729_255435_1706x1280.jpg?resize=600%2C450&amp;ssl=1 600w, https:\/\/i0.wp.com\/miradordeatarfe.es\/wp-content\/uploads\/2016\/04\/Maruja-Mallo-verbena_83751729_255435_1706x1280.jpg?w=1280&amp;ssl=1 1280w\" sizes=\"auto, (max-width: 640px) 100vw, 640px\" \/><\/a><\/p>\n<p style=\"text-align: justify;\">Maruja Mallo, La verbena, 1927. Reina Sof\u00eda<\/p>\n<p style=\"text-align: justify;\">Tambi\u00e9n Zenobia Camprub\u00ed imparti\u00f3 clases en la Residencia. Mam\u00f3 del feminismo estadounidense durante sus a\u00f1os universitarios en Columbia y lo trajo aqu\u00ed como una v\u00edscera caliente para liderar el Lyceum Club Femenino. Fue escritora de ego compatible con su amor a otro escritor -Juan Ram\u00f3n Jim\u00e9nez-, por quien se desdobl\u00f3 en traductora, secretaria y agente. Mar\u00eda Zambrano -Premio Pr\u00edncipe de Asturias y Premio Cervantes- fue profesora de Filosof\u00eda de las ni\u00f1as; Gabriela Mistral y Clara Campoamor colaboraron en su aprendizaje. Hasta Marie Curie acab\u00f3 aloj\u00e1ndose unas noches en la instituci\u00f3n despu\u00e9s de una conferencia.<\/p>\n<p style=\"text-align: justify;\">Con estas influencias, no es raro que el centro pariese alumnas como las pintoras Delhy Tejero y Menchu Gal; la periodista pionera Josefina Carabias, la abogada Matilde Huici o la mism\u00edsima Victoria Kent, que reform\u00f3 todo el sistema penitenciario y fue la primera mujer espa\u00f1ola en intervenir en un consejo de guerra. Por las obras de estas mujeres arrolladoras -y por las de otras an\u00f3nimas gigantes- pasea Mujeres en Vanguardia.<br \/>\nPausa y legado<\/p>\n<p style=\"text-align: justify;\">Cuando todo comenzaba a parecer posible, lleg\u00f3 la Guerra Civil como una apisonadora. \u201cMar\u00eda de Maeztu present\u00f3 su dimisi\u00f3n tras el fusilamiento de su hermano Ramiro a manos del bando republicano\u201d, suspira la comisaria. \u201cEl Comit\u00e9 de residentes y antiguas residentes se traslad\u00f3 a Valencia siguiendo al gobierno de la Rep\u00fablica, pero all\u00ed la idea ya no sobrevivi\u00f3\u201d. Muchas de ellas emigraron, otras soportaron un \u201cexilio interior que dur\u00f3 varias d\u00e9cadas\u201d. Unas pocas regresaron siendo \u201caut\u00e9nticas desconocidas\u201d. \u201cSe hab\u00edan formado con unas expectativas que fueron truncadas\u201d, recuerda la experta. La Residencia de Se\u00f1oritas pas\u00f3 a llamarse Colegio Mayor Santa Teresa de Jes\u00fas y fue liderada por Matilde Marquina Garc\u00eda, miembro de la Falange.<br \/>\n<a href=\"https:\/\/i0.wp.com\/miradordeatarfe.es\/wp-content\/uploads\/2016\/04\/Hermina-Adrados-Rosado-Iglesia-Residencia_83751728_255392_1280x1706.jpg?ssl=1\" rel=\"attachment wp-att-8021\"><img data-recalc-dims=\"1\" loading=\"lazy\" decoding=\"async\" class=\"alignnone size-full wp-image-8021\" src=\"https:\/\/i0.wp.com\/miradordeatarfe.es\/wp-content\/uploads\/2016\/04\/Hermina-Adrados-Rosado-Iglesia-Residencia_83751728_255392_1280x1706.jpg?resize=640%2C853&#038;ssl=1\" alt=\"Hermina-Adrados-Rosado-Iglesia-Residencia_83751728_255392_1280x1706\" width=\"640\" height=\"853\" srcset=\"https:\/\/i0.wp.com\/miradordeatarfe.es\/wp-content\/uploads\/2016\/04\/Hermina-Adrados-Rosado-Iglesia-Residencia_83751728_255392_1280x1706.jpg?w=1280&amp;ssl=1 1280w, https:\/\/i0.wp.com\/miradordeatarfe.es\/wp-content\/uploads\/2016\/04\/Hermina-Adrados-Rosado-Iglesia-Residencia_83751728_255392_1280x1706.jpg?resize=225%2C300&amp;ssl=1 225w, https:\/\/i0.wp.com\/miradordeatarfe.es\/wp-content\/uploads\/2016\/04\/Hermina-Adrados-Rosado-Iglesia-Residencia_83751728_255392_1280x1706.jpg?resize=768%2C1024&amp;ssl=1 768w, https:\/\/i0.wp.com\/miradordeatarfe.es\/wp-content\/uploads\/2016\/04\/Hermina-Adrados-Rosado-Iglesia-Residencia_83751728_255392_1280x1706.jpg?resize=600%2C800&amp;ssl=1 600w\" sizes=\"auto, (max-width: 640px) 100vw, 640px\" \/><\/a><\/p>\n<p style=\"text-align: justify;\">Hermina Adrados y Pilar Rosado de la Iglesia, delante de los edificios de la Residencia. Archivo familiar Bonet Rosado<\/p>\n<p style=\"text-align: justify;\">Nada fue en vano, sin embargo. \u201cDejaron un f\u00e9rreo legado. S\u00f3lo era cuesti\u00f3n de volver a la carga\u201d, sonr\u00ede De la Cueva. Y as\u00ed lo hicieron sus hijas, y las hijas de sus hijas, que han colaborado, gustosas, en la exposici\u00f3n. A pesar de que en Espa\u00f1a nunca hayamos tenido presidenta del Gobierno. A pesar de la herencia de la Ley S\u00e1lica para acceder a la Corona. A pesar del embudo laboral que dificulta a la mujer alcanzar puestos directivos. A pesar de la brecha salarial. Cuentan que un d\u00eda, un ministro del momento visit\u00f3 la Residencia y, sorprendido por los m\u00e9todos pioneros que empleaban, le pregunt\u00f3 a Jim\u00e9nez Fraud: \u201c\u00bfPero usted cree que esto es Espa\u00f1a?\u201d. Jim\u00e9nez le mir\u00f3: \u201cNo, pero lo ser\u00e1\u201d.<\/p>\n","protected":false},"excerpt":{"rendered":"<p>\u2018Mujeres en Vanguardia\u2019 celebra el centenario de la Residencia de Se\u00f1oritas con 400 piezas que&#8230;<\/p>\n","protected":false},"author":1,"featured_media":8017,"comment_status":"closed","ping_status":"closed","sticky":false,"template":"","format":"standard","meta":{"_coblocks_attr":"","_coblocks_dimensions":"","_coblocks_responsive_height":"","_coblocks_accordion_ie_support":"","jetpack_post_was_ever_published":false,"_jetpack_newsletter_access":"","_jetpack_dont_email_post_to_subs":false,"_jetpack_newsletter_tier_id":0,"_jetpack_memberships_contains_paywalled_content":false,"_jetpack_memberships_contains_paid_content":false,"footnotes":"","jetpack_publicize_message":"","jetpack_publicize_feature_enabled":true,"jetpack_social_post_already_shared":false,"jetpack_social_options":{"image_generator_settings":{"template":"highway","default_image_id":0,"enabled":false},"version":2}},"categories":[1161,9,44,15],"tags":[2436,19],"class_list":["post-8015","post","type-post","status-publish","format-standard","has-post-thumbnail","hentry","category-ciudadania","category-medio-ambiente","category-noticias-de-hoy","category-ultimas-noticias","tag-lucha-feminista","tag-mujeres"],"jetpack_publicize_connections":[],"jetpack_featured_media_url":"https:\/\/i0.wp.com\/miradordeatarfe.es\/wp-content\/uploads\/2016\/04\/clase-matematicas-Residencia-Senoritas_83751724_255292_1706x1260.jpg?fit=1706%2C1260&ssl=1","jetpack_likes_enabled":true,"jetpack_sharing_enabled":true,"_links":{"self":[{"href":"https:\/\/miradordeatarfe.es\/index.php?rest_route=\/wp\/v2\/posts\/8015","targetHints":{"allow":["GET"]}}],"collection":[{"href":"https:\/\/miradordeatarfe.es\/index.php?rest_route=\/wp\/v2\/posts"}],"about":[{"href":"https:\/\/miradordeatarfe.es\/index.php?rest_route=\/wp\/v2\/types\/post"}],"author":[{"embeddable":true,"href":"https:\/\/miradordeatarfe.es\/index.php?rest_route=\/wp\/v2\/users\/1"}],"replies":[{"embeddable":true,"href":"https:\/\/miradordeatarfe.es\/index.php?rest_route=%2Fwp%2Fv2%2Fcomments&post=8015"}],"version-history":[{"count":1,"href":"https:\/\/miradordeatarfe.es\/index.php?rest_route=\/wp\/v2\/posts\/8015\/revisions"}],"predecessor-version":[{"id":8022,"href":"https:\/\/miradordeatarfe.es\/index.php?rest_route=\/wp\/v2\/posts\/8015\/revisions\/8022"}],"wp:featuredmedia":[{"embeddable":true,"href":"https:\/\/miradordeatarfe.es\/index.php?rest_route=\/wp\/v2\/media\/8017"}],"wp:attachment":[{"href":"https:\/\/miradordeatarfe.es\/index.php?rest_route=%2Fwp%2Fv2%2Fmedia&parent=8015"}],"wp:term":[{"taxonomy":"category","embeddable":true,"href":"https:\/\/miradordeatarfe.es\/index.php?rest_route=%2Fwp%2Fv2%2Fcategories&post=8015"},{"taxonomy":"post_tag","embeddable":true,"href":"https:\/\/miradordeatarfe.es\/index.php?rest_route=%2Fwp%2Fv2%2Ftags&post=8015"}],"curies":[{"name":"wp","href":"https:\/\/api.w.org\/{rel}","templated":true}]}}