{"id":80168,"date":"2025-11-22T08:25:52","date_gmt":"2025-11-22T07:25:52","guid":{"rendered":"https:\/\/miradordeatarfe.es\/?p=80168"},"modified":"2025-11-17T21:44:17","modified_gmt":"2025-11-17T20:44:17","slug":"malala-cuenta-como-supero-el-trauma-de-recibir-un-tiro-en-la-cabeza-drogas-terapia-y-el-amor","status":"publish","type":"post","link":"https:\/\/miradordeatarfe.es\/?p=80168","title":{"rendered":"Malala cuenta c\u00f3mo super\u00f3 el trauma de recibir un tiro en la cabeza: drogas, terapia&#8230;y el amor"},"content":{"rendered":"<h2 class=\"xl-a-t-nd\" style=\"text-align: justify;\">A los 15 a\u00f1os , Malala Yousafzai sufri\u00f3 un atentado talib\u00e1n por liderar una campa\u00f1a por la educaci\u00f3n de las ni\u00f1as en Pakist\u00e1n, y se convirti\u00f3 en todo un s\u00edmbolo y en la ganadora m\u00e1s joven del Nobel.<\/h2>\n<p class=\"xl-a-t-nd\" style=\"text-align: justify;\">Ahora, a los 28, muestra su otra cara: sus a\u00f1os &#8216;locos&#8217; de estudiante en Oxford, su trastorno por estr\u00e9s postraum\u00e1tico, su depresi\u00f3n&#8230; y a su marido. M\u00e1s implicada \u2014y amenazada\u2014 que nunca en el activismo, Malala ha encontrado su propio camino.<\/p>\n<p class=\"voc-paragraph\" style=\"text-align: justify;\">Hace 13 a\u00f1os, Malala Yousafzai recibi\u00f3 un disparo en la cabeza en un autob\u00fas escolar en Pakist\u00e1n por alzar la voz contra la prohibici\u00f3n de los talibanes a la educaci\u00f3n femenina. Casi muri\u00f3 aquel d\u00eda, con solo 15 a\u00f1os. Le reconstruyeron el cr\u00e1neo en Birmingham (Inglaterra); la bala paraliz\u00f3 la mitad<span class=\"paywall\" data-mrf-recirculation=\"Link art\u00edculos\"> de su rostro. A los 17 gan\u00f3 el Premio Nobel de la Paz; la persona m\u00e1s joven en recibirlo. A los 20, mientras se preparaba para ingresar en la Universidad de Oxford, viaj\u00f3 por cuatro continentes y conoci\u00f3 a nueve primeros ministros.<\/span><\/p>\n<p style=\"text-align: justify;\">\u00a0<\/p>\n<div class=\"voc-detail__cmp voc-detail__cmp--full\" style=\"text-align: justify;\">\n<div class=\"voc-multimedia-photo voc-multimedia-photo--L  \n          \"><\/p>\n<div class=\"voc-article\">\n<div class=\"voc-img-container\"><picture> <img data-recalc-dims=\"1\" decoding=\"async\" src=\"https:\/\/i0.wp.com\/www.ideal.es\/xlsemanal\/wp-content\/uploads\/sites\/5\/2025\/11\/Malala-hospital-CMYK.jpg?w=640&#038;ssl=1\" alt=\"alternative text\" \/> <\/picture><span class=\"xl-fc__t\"> El atentado. Malala en el hospital de Birmingham a donde fue trasladada para una delicada intervenci\u00f3n desde Pakist\u00e1n tras el atentado que casi le cuesta la vida en 2012. El 9 de octubre de ese a\u00f1o, Malala regresaba a su casa, en el valle de Swat (Pakist\u00e1n), en el autob\u00fas escolar cuando dos hombres armados detuvieron el veh\u00edculo. Uno de ellos subi\u00f3 al autob\u00fas, pregunt\u00f3 por Malala y, cuando ella se identific\u00f3, le dispar\u00f3 a quemarropa en la cabeza. Milagrosamente, Malala sobrevivi\u00f3, aunque sufre secuelas como par\u00e1lisis facial y p\u00e9rdida auditiva.<\/span><\/div>\n<\/div>\n<\/div>\n<\/div>\n<p class=\"voc-paragraph\" style=\"text-align: justify;\">Se construy\u00f3 un mito en torno a ella, pero resulta que Malala siempre fue una joven normal. Logr\u00f3 ingresar en Oxford, pero ese \u00e9xito la llev\u00f3 a desmoronarse internamente: experiment\u00f3 una profunda sensaci\u00f3n de fracaso, vulnerabilidad y ansiedad; \u00abla terrible y vergonzosa sensaci\u00f3n \u2013admite ahora\u2013 de que no estaba a la altura de las expectativas de la Malala de 15 a\u00f1os, valiente y audaz\u00bb. Confiesa que fue a la universidad en busca de un tipo distinto de libertad, \u00abdonde cada elecci\u00f3n, incluso las malas, me perteneciera\u00bb.<\/p>\n<p class=\"voc-paragraph\" style=\"text-align: justify;\">All\u00ed sali\u00f3 de fiesta (aunque nunca beb\u00eda); sufri\u00f3 <em>flashbacks<\/em> provocados por la marihuana; ataques de p\u00e1nico y la densa niebla de la depresi\u00f3n. Y, junto con todo eso, vivi\u00f3 un amor prohibido y secreto por el hombre que, tras una crisis existencial, se convertir\u00eda en su esposo.<\/p>\n<div class=\"voc-detail__cmp\" style=\"text-align: justify;\">\n<div class=\"voc-summary\">\n<h3 class=\"voc-summary__title\">En Oxford fum\u00f3 marihuana en una pipa de agua y entr\u00f3 en &#8216;shock&#8217;. Tuvo un &#8216;flashback&#8217; del ataque talib\u00e1n: su sangre, el arma&#8230; Todo volvi\u00f3. El miedo la invadi\u00f3 de tal forma que no pod\u00eda dormir ni trabajar<\/h3>\n<\/div>\n<\/div>\n<p class=\"voc-paragraph\" style=\"text-align: justify;\">Malala Yousafzai est\u00e1 sentada tomando caf\u00e9 conmigo cuando se publica su nuevo libro de memorias, <em>Finding my way<\/em> (&#8216;Encontrando mi camino&#8217;). Es muy diferente que su anterior biograf\u00eda y \u00e9xito mundial, <em>Yo soy Malala<\/em>. Ahora tiene 28 a\u00f1os y, desde noviembre de 2021, est\u00e1 casada con Asser Malik, siete a\u00f1os mayor que ella.<\/p>\n<p class=\"voc-paragraph\" style=\"text-align: justify;\">\u00abLa Malala de mi primer d\u00eda de universidad no es la Malala de mi \u00faltimo d\u00eda \u2013explica\u2013. Son dos personas diferentes. Cambi\u00e9 en muchos sentidos y estoy muy orgullosa de esta nueva versi\u00f3n de m\u00ed, porque todas las experiencias me ayudaron a formarme\u00bb.<\/p>\n<p class=\"voc-paragraph\" style=\"text-align: justify;\">\u00abMe di cuenta de que levantarte cuando te sientes hecha pedazos, vulnerable, quiz\u00e1 sea la verdadera definici\u00f3n de valent\u00eda. Es m\u00e1s valiente que la historia que cont\u00e9 antes (en <em>Yo soy Malala<\/em>), porque estas emociones siempre estuvieron ah\u00ed, pero las hab\u00eda reprimido. Entonces pensaba: &#8216;Solo necesito recuperarme f\u00edsicamente. Y, cuando pueda volver a caminar y hablar, habr\u00e9 ganado y podr\u00e9 retomar mi misi\u00f3n (de la educaci\u00f3n de las ni\u00f1as)&#8217;. No me daba cuenta de que estaba intentando enterrar el trauma\u00bb.<\/p>\n<p class=\"voc-paragraph\" style=\"text-align: justify;\">Durante el primer a\u00f1o en Oxford, donde estudiaba Filosof\u00eda y Pol\u00edtica, fue libre. Al principio hubo una vil reacci\u00f3n en Pakist\u00e1n, donde los trolls la llamaron &#8216;prostituta&#8217; por usar vaqueros ajustados, una chaqueta bomber y botas (un estilo que hab\u00eda buscado en Internet escribiendo \u00abSelena Gomez casual\u00bb), pero pronto se apag\u00f3.<\/p>\n<div class=\"voc-detail__cmp voc-detail__cmp--full\" style=\"text-align: justify;\">\n<div class=\"voc-multimedia-photo voc-multimedia-photo--L  \n          \"><\/p>\n<div class=\"voc-article\">\n<div class=\"voc-img-container\"><picture> <img data-recalc-dims=\"1\" decoding=\"async\" src=\"https:\/\/i0.wp.com\/www.ideal.es\/xlsemanal\/wp-content\/uploads\/sites\/5\/2025\/11\/malala-familia-scaled.jpg?w=640&#038;ssl=1\" alt=\"alternative text\" \/> <\/picture><span class=\"xl-fc__t\"> La familia. Malala con sus padres y sus hermanos en la habitaci\u00f3n de su infancia en Pakist\u00e1n, con los premios que gan\u00f3 por sus logros acad\u00e9micos.<\/span><\/div>\n<\/div>\n<\/div>\n<\/div>\n<p class=\"voc-paragraph\" style=\"text-align: justify;\">Su nuevo y amplio grupo de amistades era leal, y su equipo de seguridad \u2013apostado en una habitaci\u00f3n cercana\u2013 le daba libertad para moverse por el campus sabiendo que estaba protegida. Experiment\u00f3 con la ropa, sal\u00eda hasta el amanecer&#8230; \u00abEra mi primera vez en un campus universitario. Ni siquiera hab\u00eda visto a un chico de mi edad. As\u00ed que prioric\u00e9 socializar por encima de estudiar y dormir, porque mis amigos eran todo para m\u00ed\u00bb.<\/p>\n<p class=\"voc-paragraph\" style=\"text-align: justify;\">En esencia estaba huyendo del peso de la responsabilidad, tanto familiar como financiera (sus conferencias sosten\u00edan todos los gastos de toda su familia, desplazada a Inglaterra: la hipoteca, la comida, sus hermanos, todo).<\/p>\n<h2 class=\"voc-ladillo-paragraph \" style=\"text-align: justify;\">El incidente de la pipa<\/h2>\n<p class=\"voc-paragraph\" style=\"text-align: justify;\">Fue en su segundo a\u00f1o en Oxford cuando ocurrieron dos \u00abeventos\u00bb que, seg\u00fan ella, cambiaron su vida. El primero fue lo que llama \u00abel incidente del <em>bong<\/em>\u00bb, una pipa de agua para fumar, porque fue lo que desencaden\u00f3 su crisis de salud mental. El segundo fue enamorarse de Malik.<\/p>\n<p class=\"voc-paragraph\" style=\"text-align: justify;\">El incidente del <em>bong<\/em> ocurri\u00f3 en primavera de 2019. De madrugada fum\u00f3 marihuana usando el <em>bong<\/em> \u2013no era la primera vez que probaba la droga, pero s\u00ed la primera con ese m\u00e9todo\u2013. Tuvo una reacci\u00f3n tan fuerte que perdi\u00f3 el conocimiento. Vomit\u00f3 y se qued\u00f3 tirada en el suelo, aterrorizada. Tuvo un flashback del ataque talib\u00e1n: su sangre, el hombre con el arma, la camilla corriendo hacia el helic\u00f3ptero&#8230; Todo volvi\u00f3. El miedo la invadi\u00f3 de tal forma que no pod\u00eda dormir ni trabajar.<\/p>\n<div class=\"voc-detail__cmp voc-detail__cmp--full\" style=\"text-align: justify;\">\n<div class=\"voc-multimedia-photo voc-multimedia-photo--M  \n          \"><\/p>\n<div class=\"voc-article\">\n<div class=\"voc-img-container\"><picture> <img data-recalc-dims=\"1\" decoding=\"async\" src=\"https:\/\/i0.wp.com\/www.ideal.es\/xlsemanal\/wp-content\/uploads\/sites\/5\/2025\/11\/malala-amigas-oxford.jpg?w=640&#038;ssl=1\" alt=\"alternative text\" \/> <\/picture><span class=\"xl-fc__t\"> Entre amigas. Malala ingres\u00f3 en la Universidad de Oxford sin tener apenas habilidades sociales, reconoce. Y decidi\u00f3 compensar el tiempo perdido: arropada por sus amigas, se lanz\u00f3 a una vida social que ocultaba un profundo trauma.<\/span><\/div>\n<\/div>\n<\/div>\n<\/div>\n<p class=\"voc-paragraph\" style=\"text-align: justify;\">Malala ya conoc\u00eda a Malik en ese momento. El verano anterior, en 2018, se hab\u00edan conocido cuando \u00e9l fue a visitar a un amigo en Oxford desde Pakist\u00e1n. Pero su relaci\u00f3n hab\u00eda sido plat\u00f3nica, aunque ella reconoce que estaba ya encandilada.<\/p>\n<p class=\"voc-paragraph\" style=\"text-align: justify;\">Y entonces lleg\u00f3 aquella noche del <em>bong<\/em>. \u00abFue, sobre todo, lo que desencaden\u00f3. Cre\u00eda que hab\u00eda enterrado ese trauma y, luego de fumar, fue como si alguien hubiera excavado y lo hubiera sacado todo otra vez\u00bb. Con el tiempo aprendi\u00f3 a manejar los <em>flashbacks<\/em>. Se apoy\u00f3 en la amistad de Malik, con quien hablaba por tel\u00e9fono desde Pakist\u00e1n. Meses despu\u00e9s, en el verano de 2019, \u00e9l la visit\u00f3. Los sentimientos eran mutuos. Vivieron un intenso noviazgo en secreto. \u00c9l le dijo que la amaba. \u00abNunca hab\u00eda pensado en el &#8216;amor&#8217; ni en estar enamorada como algo que formara parte de m\u00ed, as\u00ed que sent\u00ed que eso me hac\u00eda vulnerable\u00bb, explica. \u00abNo me gustaban esos sentimientos. Enamorada te sientes m\u00e1s vulnerable, y yo segu\u00eda pensando: &#8216;Una activista no deber\u00eda pensar en eso&#8217;\u00bb.<\/p>\n<h2 class=\"voc-ladillo-paragraph \" style=\"text-align: justify;\">El hombre equivocado<\/h2>\n<p class=\"voc-paragraph\" style=\"text-align: justify;\">\u00abNi mirar ni tocar ni salir con alguien\u00bb, escribe Malala. \u00abCualquier conversaci\u00f3n con un hombre antes del matrimonio deb\u00eda estar supervisada por los padres. Esas eran las reglas pastunes, y ya las hab\u00eda roto todas\u00bb. Malala viv\u00eda con el continuo miedo a ser descubierta.<\/p>\n<div class=\"voc-detail__cmp voc-detail__cmp--full\" style=\"text-align: justify;\">\n<div class=\"voc-multimedia-photo voc-multimedia-photo--M  \n          \"><\/p>\n<div class=\"voc-article\">\n<div class=\"voc-img-container\"><picture> <img data-recalc-dims=\"1\" decoding=\"async\" src=\"https:\/\/i0.wp.com\/www.ideal.es\/xlsemanal\/wp-content\/uploads\/sites\/5\/2025\/11\/malala-marido.jpg?w=640&#038;ssl=1\" alt=\"alternative text\" \/> <\/picture><span class=\"xl-fc__t\"> El amor. Su marido, Asser Malik, es un ejecutivo deportivo que trabaja para la Junta de Cr\u00edquet de Pakist\u00e1n. Antes de unirse a la causa de su mujer, era director de operaciones de un club de ese deporte, pero ahora gestiona varios proyectos deportivos para mujeres.<\/span><\/div>\n<\/div>\n<\/div>\n<\/div>\n<p class=\"voc-paragraph\" style=\"text-align: justify;\">Su equipo de seguridad no le preocupaba; confiaba en su discreci\u00f3n. Recuerda haber visto la pel\u00edcula <em>Toy story 4<\/em> con Malik con los guardaespaldas sentados detr\u00e1s de ellos. \u00abIgn\u00f3ralos\u00bb, le dijo. \u00abPero hay dos hombres enormes detr\u00e1s de m\u00ed. \u00bfC\u00f3mo puedo ignorarlos?\u00bb, respondi\u00f3 \u00e9l. Malala estaba aterrorizada de ser avergonzada p\u00fablicamente en Pakist\u00e1n, de que los padres retiraran a sus hijas de la escuela que ella hab\u00eda construido con el dinero de su Premio Nobel. Todo su trabajo podr\u00eda irse por la borda. En una ocasi\u00f3n se lanz\u00f3 dentro de un seto para evitar ser fotografiada con Malik. \u00abEra agotador\u00bb, dice.<\/p>\n<p class=\"voc-paragraph\" style=\"text-align: justify;\">Cuando al fin se lo cont\u00f3 a su padre, de inmediato \u00e9l comenz\u00f3 a hablar de matrimonio. Ella no quer\u00eda casarse, pero tampoco quer\u00eda perder a Malik. Su madre se enfureci\u00f3: Asser Malik no era past\u00fan, y Malala ten\u00eda que casarse con un past\u00fan.<\/p>\n<div class=\"voc-detail__cmp\" style=\"text-align: justify;\">\n<div class=\"voc-summary\">\n<h3 class=\"voc-summary__title\">\u00abSent\u00eda que no estaba cumpliendo con la definici\u00f3n de ser valiente. Estaba decepcionada de m\u00ed misma. Pero ped\u00ed ayuda. No lo habr\u00eda superado si no hubiera acudido a terapia\u00bb<\/h3>\n<\/div>\n<\/div>\n<p class=\"voc-paragraph\" style=\"text-align: justify;\">Al comenzar su tercer a\u00f1o en la universidad, empezaron los ataques de p\u00e1nico. \u00abYa no era la misma persona. Sent\u00eda estr\u00e9s por el futuro, por el matrimonio, por lo que iba a hacer despu\u00e9s de la universidad\u00bb. Finalmente busc\u00f3 ayuda psicol\u00f3gica. \u00abMe sent\u00eda tan impotente, vulnerable, d\u00e9bil, fr\u00e1gil y, de alguna forma, una cobarde \u2013explica Malala\u2013. Sent\u00eda que no estaba cumpliendo con la definici\u00f3n de ser valiente y fuerte porque antes nada pod\u00eda asustarme, pero ahora me asustaba todo. No pod\u00eda ver las noticias sobre atentados o asesinatos. Estaba tan decepcionada de m\u00ed misma&#8230;\u00bb.<\/p>\n<div class=\"voc-detail__cmp voc-detail__cmp--full\" style=\"text-align: justify;\">\n<div class=\"voc-multimedia-photo voc-multimedia-photo--L  \n          \"><\/p>\n<div class=\"voc-article\">\n<div class=\"voc-img-container\"><picture> <img data-recalc-dims=\"1\" decoding=\"async\" src=\"https:\/\/i0.wp.com\/www.ideal.es\/xlsemanal\/wp-content\/uploads\/sites\/5\/2025\/11\/malala-futbol.jpg?w=640&#038;ssl=1\" alt=\"alternative text\" \/> <\/picture><span class=\"xl-fc__t\"> Mecenas deportiva. Malala patea un bal\u00f3n con el equipo afgano femenino en Melbourne. La activista financia ahora deportes de mujeres en pa\u00edses donde no se les permite jugar. A la izquierda: Malala con sus padres y sus hermanos en la habitaci\u00f3n de su infancia en Pakist\u00e1n, con los premios que gan\u00f3 por sus logros acad\u00e9micos.<\/span><\/div>\n<\/div>\n<\/div>\n<\/div>\n<p class=\"voc-paragraph\" style=\"text-align: justify;\">Una amiga la llev\u00f3 a ver a una terapeuta a las afueras de Oxford. La profesional diagnostic\u00f3 un trastorno por estr\u00e9s postraum\u00e1tico. \u00abEstoy tan agradecida por haber hecho terapia&#8230; Si hay alguien ah\u00ed fuera que siente que no puede salir adelante, quiero que sepa que yo tambi\u00e9n me sent\u00ed as\u00ed y sal\u00ed. Ped\u00ed ayuda\u00bb. Su \u00faltimo a\u00f1o en Oxford se vio interrumpido por la pandemia. Fue como otra ruptura y a\u00f1adi\u00f3 m\u00e1s estr\u00e9s a su confusi\u00f3n. Aprob\u00f3 los ex\u00e1menes finales por los pelos. Pero, en el verano de 2021, Estados Unidos retir\u00f3 sus tropas de Afganist\u00e1n y los talibanes tomaron Kabul. Hoy es un pa\u00eds donde, una vez m\u00e1s, las mujeres y las ni\u00f1as no tienen ning\u00fan derecho.<\/p>\n<p class=\"voc-paragraph\" style=\"text-align: justify;\">El regreso de los talibanes le dio sentido de nuevo a Malala. Su misi\u00f3n estaba clara. El Malala Fund ayud\u00f3 a evacuar a 263 personas de Afganist\u00e1n, y se dio cuenta de que para ella el activismo segu\u00eda siendo su vocaci\u00f3n: \u00abEstoy haciendo todo lo que puedo, trabajando con activistas afganas por los derechos de las mujeres\u00bb.<\/p>\n<div class=\"voc-detail__cmp voc-detail__cmp--full\" style=\"text-align: justify;\">\n<div class=\"voc-multimedia-photo voc-multimedia-photo--L  \n          \"><\/p>\n<div class=\"voc-article\">\n<div class=\"voc-img-container\"><picture> <img data-recalc-dims=\"1\" decoding=\"async\" src=\"https:\/\/i0.wp.com\/www.ideal.es\/xlsemanal\/wp-content\/uploads\/sites\/5\/2025\/11\/malala-antes-despues-scaled.jpg?w=640&#038;ssl=1\" alt=\"alternative text\" \/> <\/picture><span class=\"xl-fc__t\"> De ni\u00f1a a mujer. Malala, con 15 a\u00f1os, cuando iba a la escuela en Pakist\u00e1n. Y ahora, con 28 a\u00f1os, como gestora de su fundaci\u00f3n.<\/span><\/div>\n<\/div>\n<\/div>\n<\/div>\n<p class=\"voc-paragraph\" style=\"text-align: justify;\">Aquel verano, durante unas vacaciones con Malik, tambi\u00e9n supo que no pod\u00eda perderlo. El 7 de noviembre de 2021 se casaron en una ceremonia \u00edntima en el jard\u00edn de sus padres. \u00abMe siento muy c\u00f3moda con mi esposo, con \u00e9l puedo decir lo que quiera. Es tan divertido, tan comprensivo, tan paciente. Creo que se ha convertido en mi espacio de terapia gratuito las 24 horas del d\u00eda\u00bb, bromea.<\/p>\n<p class=\"voc-paragraph\" style=\"text-align: justify;\">\u00c9l dej\u00f3 Pakist\u00e1n, viven en el Reino Unido, y \u00e9l la acompa\u00f1a por todo el mundo. Juntos han fundado Recess, una plataforma para invertir en proyectos relacionados con el deporte femenino.<\/p>\n<p class=\"voc-paragraph\" style=\"text-align: justify;\">Todav\u00eda hay cosas inciertas. \u00bfTendr\u00e1 un hijo, por ejemplo? Malala le dijo a Malik que se casara con ella pensando que no lo tendr\u00edan. \u00abEstos temas son muy profundos \u2013dice\u2013. Toma mucho tiempo procesarlos, reflexionar, entender. Es una gran decisi\u00f3n en la vida\u00bb.<\/p>\n<p class=\"voc-paragraph\" style=\"text-align: justify;\">El poder de los talibanes sigue representando una amenaza para su vida. \u00abSiempre he sentido que podr\u00eda ser atacada en cualquier momento. Siento que ya no hay ning\u00fan lugar seguro, pero al mismo tiempo solo podemos hacer lo que est\u00e1 en nuestras manos tomando las medidas adecuadas\u00bb.<\/p>\n<p class=\"voc-paragraph\" style=\"text-align: justify;\">D\u00f3nde est\u00e1 o estar\u00e1 su hogar en el futuro sigue sin saberlo. \u00abQuiero pasar tiempo en Pakist\u00e1n, pero a veces hay que ser honesta. El trabajo que hago requiere que est\u00e9 en muchos lugares del mundo. Y hay muchos lugares que pueden hacerte sentir que perteneces a ellos. Para m\u00ed, ese lugar siempre es Asser. Dondequiera que \u00e9l est\u00e9 conmigo, ese se convierte en mi hogar, incluso cuando estamos en un avi\u00f3n volando a alg\u00fan lugar, y \u00e9l est\u00e1 sentado a mi lado y nos damos la mano. Ese es mi sentido de pertenencia\u00bb<\/p>\n<p><strong><a class=\"xl-mdl-ath__a 1\">Louise Carpenter<\/a><\/strong><\/p>\n<p>https:\/\/www.ideal.es\/xlsemanal\/personajes\/malala-ataque-talibanes-pakistan-depresion.html#vca=fixed-btn&#038;vso=elideal&#038;vmc=unknow&#038;vli=xlsemanal<\/p>\n","protected":false},"excerpt":{"rendered":"<p>A los 15 a\u00f1os , Malala Yousafzai sufri\u00f3 un atentado talib\u00e1n por liderar una campa\u00f1a&#8230;<\/p>\n","protected":false},"author":1,"featured_media":80169,"comment_status":"closed","ping_status":"closed","sticky":false,"template":"","format":"standard","meta":{"_coblocks_attr":"","_coblocks_dimensions":"","_coblocks_responsive_height":"","_coblocks_accordion_ie_support":"","jetpack_post_was_ever_published":false,"_jetpack_newsletter_access":"","_jetpack_dont_email_post_to_subs":false,"_jetpack_newsletter_tier_id":0,"_jetpack_memberships_contains_paywalled_content":false,"_jetpack_memberships_contains_paid_content":false,"footnotes":"","jetpack_publicize_message":"","jetpack_publicize_feature_enabled":true,"jetpack_social_post_already_shared":true,"jetpack_social_options":{"image_generator_settings":{"template":"highway","default_image_id":0,"enabled":false},"version":2}},"categories":[1161,7721,44],"tags":[],"class_list":["post-80168","post","type-post","status-publish","format-standard","has-post-thumbnail","hentry","category-ciudadania","category-mujeres-que-cambiaron-la-historia","category-noticias-de-hoy"],"jetpack_publicize_connections":[],"jetpack_featured_media_url":"https:\/\/i0.wp.com\/miradordeatarfe.es\/wp-content\/uploads\/2025\/11\/malala-apertura.jpg?fit=1736%2C1868&ssl=1","jetpack_likes_enabled":true,"jetpack_sharing_enabled":true,"_links":{"self":[{"href":"https:\/\/miradordeatarfe.es\/index.php?rest_route=\/wp\/v2\/posts\/80168","targetHints":{"allow":["GET"]}}],"collection":[{"href":"https:\/\/miradordeatarfe.es\/index.php?rest_route=\/wp\/v2\/posts"}],"about":[{"href":"https:\/\/miradordeatarfe.es\/index.php?rest_route=\/wp\/v2\/types\/post"}],"author":[{"embeddable":true,"href":"https:\/\/miradordeatarfe.es\/index.php?rest_route=\/wp\/v2\/users\/1"}],"replies":[{"embeddable":true,"href":"https:\/\/miradordeatarfe.es\/index.php?rest_route=%2Fwp%2Fv2%2Fcomments&post=80168"}],"version-history":[{"count":1,"href":"https:\/\/miradordeatarfe.es\/index.php?rest_route=\/wp\/v2\/posts\/80168\/revisions"}],"predecessor-version":[{"id":80170,"href":"https:\/\/miradordeatarfe.es\/index.php?rest_route=\/wp\/v2\/posts\/80168\/revisions\/80170"}],"wp:featuredmedia":[{"embeddable":true,"href":"https:\/\/miradordeatarfe.es\/index.php?rest_route=\/wp\/v2\/media\/80169"}],"wp:attachment":[{"href":"https:\/\/miradordeatarfe.es\/index.php?rest_route=%2Fwp%2Fv2%2Fmedia&parent=80168"}],"wp:term":[{"taxonomy":"category","embeddable":true,"href":"https:\/\/miradordeatarfe.es\/index.php?rest_route=%2Fwp%2Fv2%2Fcategories&post=80168"},{"taxonomy":"post_tag","embeddable":true,"href":"https:\/\/miradordeatarfe.es\/index.php?rest_route=%2Fwp%2Fv2%2Ftags&post=80168"}],"curies":[{"name":"wp","href":"https:\/\/api.w.org\/{rel}","templated":true}]}}