{"id":80177,"date":"2025-11-20T11:26:00","date_gmt":"2025-11-20T10:26:00","guid":{"rendered":"https:\/\/miradordeatarfe.es\/?p=80177"},"modified":"2025-11-20T10:26:23","modified_gmt":"2025-11-20T09:26:23","slug":"atarfe-como-nacion-vega-como-nacio-el-comic-madinat-ilbira-el-candil-magico","status":"publish","type":"post","link":"https:\/\/miradordeatarfe.es\/?p=80177","title":{"rendered":"ATARFE: \u00bfC\u00f3mo naci\u00f3 Vega? \u00bf Como naci\u00f3 el c\u00f3mic Madinat Ilbira El candil m\u00e1gico?"},"content":{"rendered":"<h3 style=\"text-align: justify;\">El pasado martes d\u00eda 11 de noviembre, tuvo lugar la presentaci\u00f3n del <strong>C\u00f3mic \u201cMADINAT ILBIRA el candil m\u00e1gico\u201d<\/strong> en el hall del Centro Cultural Medina Elvira.<\/h3>\n<p style=\"text-align: justify;\">Para la A.C.\u201cCora de Ilbira\u201d, no fue un acto m\u00e1s, fue la culminaci\u00f3n, de un proceso, un camino, que comenz\u00f3 hace m\u00e1s de dos a\u00f1os, en el coloquio de una de las charlas\/actividades que se realizan en los IES de Atarfe.<\/p>\n<p style=\"text-align: justify;\">En esta ocasi\u00f3n, fue en el IES.Il\u00edberis, siendo un alumno de ESO, qui\u00e9n aport\u00f3 la idea de crear un c\u00f3mic, con el objetivo de facilitar el conocimiento de nuestra historia entre los siglos IX y XI a la poblaci\u00f3n infantil\/juvenil atarfe\u00f1a.<\/p>\n<p style=\"text-align: justify;\">Desde ese momento, la Junta Directiva ha dedicado parte de su tiempo y sus contactos, para hacer realidad la propuesta inicial.\u00a0Y ah\u00ed es donde a trav\u00e9s de una amistad, contactamos con <strong>Juanjo Meg\u00edas,<\/strong> paisano atarfe\u00f1o, dibujante, redactor, dise\u00f1ador,\u00a0 y para la Asociaci\u00f3n Cultural \u201cLa Cora de Ilbira\u201d todo un descubrimiento. Le propusimos la idea en una reuni\u00f3n\/desayuno en el El Doncel, y le entusiasm\u00f3, incorpor\u00e1ndose de inmediato al \u201cequipo\u201d.<\/p>\n<p style=\"text-align: justify;\">D\u00edas despu\u00e9s nos contento y nos present\u00f3 un proyecto y un presupuesto que recog\u00eda las ideas principales que le plante\u00f3 la asociaci\u00f3n:<\/p>\n<p style=\"text-align: justify;\">1.- Que el C\u00f3mic sirva para difundir el Patrimonio de Madinat Ilbira, sus valores e inter\u00e9s hist\u00f3rico especialmente entre los centros escolares,adultos y poblaci\u00f3n general de la Vega.<br \/>\n2.- Elaborar UN RECURSO PEDAG\u00d3GICO asociados a nuestro Patrimonio, potenciando el conocimiento de Madinat Ilbira.<br \/>\n3.- Poner en valor la Historia, el paisaje y las costumbres de la antigua ciudad de Madinat Ilbira ense\u00f1ando como respetar y comprender el Patrimonio.<\/p>\n<p style=\"text-align: justify;\">Ya est\u00e1bamos la Asociaci\u00f3n, el dise\u00f1ador, y nos faltaba la base cient\u00edfica, el colaborador, que vino al Yacimiento de Madinat Ilbira siendo un estudiante, y ahora es Profesor, Director de la C\u00e1tedra G\u00f3mez Moreno de la Universidad de Granada y del Proyecto de investigaci\u00f3n para la recuperaci\u00f3n de Madinat Ilbira: <strong>Guillermo Garc\u00eda \u2013 Contreras<\/strong> que se ofreci\u00f3 para ayudar en lo que se necesitase.<\/p>\n<p style=\"text-align: justify;\">\u00a0Siendo conscientes que la asociaci\u00f3n no pod\u00eda hacer frente a este gran proyecto la Junta Directiva de la Cora\u00a0 de Ilbira le hicimos llegar el proyecto a la Concejala de Cultura del Ayuntamiento de Atarfe,<strong> Jennifer Garc\u00eda Moreno<\/strong>, qui\u00e9n se comprometi\u00f3 a comenzar a plantear el presupuesto y dar v\u00eda libre a su realizaci\u00f3n llegando as\u00ed al fin del proceso iniciado 1 a\u00f1o antes.<\/p>\n<p style=\"text-align: justify;\">Quedaba pendiente la financiaci\u00f3n de la edici\u00f3n del c\u00f3mic , porque ya sabemos, que no hay proyecto sin presupuesto, para ello contactamos con el Presidente de la Fundaci\u00f3n Sierra Elvira,<strong> Cecilio Mart\u00edn,<\/strong> organizaci\u00f3n que se destaca por su vocaci\u00f3n atarfe\u00f1a, qui\u00e9n tampoco dud\u00f3 en manifestar su apoyo e inter\u00e9s dirigido a financiar el coste de impresi\u00f3n del c\u00f3mic.<\/p>\n<p style=\"text-align: justify;\">Y lleg\u00f3 el 11 de noviembre d\u00eda de la presentaci\u00f3n del C\u00d3MIC que fue convocada y organizada por el Ayuntamiento de Atarfe, estando presentes en la Mesa: <strong>Yolanda Fern\u00e1ndezMorales,<\/strong> Alcaldesa de Atarfe, Cecilio Mart\u00edn Presidente de la Fundaci\u00f3n Sierra Elvira y el creativo autor del Comic, Juanjo Meg\u00edas.<\/p>\n<p style=\"text-align: justify;\">Asistieron representantes de los centros educativos del municipio, personas asociadas de \u201cLa Cora de Ilbira\u201d y p\u00fablico en general, que tuvieron la oportunidad de escuchar de viva voz, la importante experiencia personal y profesional que ha supuesto para Juanjo Meg\u00edas, darle vida a Madinat Ilbira a trav\u00e9s de un<strong> personaje Vega<\/strong>, que viaja en el tiempo para darnos a conocer la historia y vida de MEDINA ELVIRA.<\/p>\n<p style=\"text-align: justify;\">Desde la Asociaci\u00f3n Cultural \u201dLa Cora de Ilbira\u201d, agradecemos el compromiso y apoyo recibidos de parte del <strong>Ayuntamiento de Atarfe y la Fundaci\u00f3n Sierra Elvira<\/strong>, la Catedra G\u00f3mez Moreno\u00a0 y el grupo de Investigaci\u00f3n Itsmo de la Universidad de Granada, en la seguridad de que esta forma de funcionar que promueve la coordinaci\u00f3n, el entendimiento entre instituciones y organizaciones, que ejerce nuestra asociaci\u00f3n, como promotora del acceso de la ciudadan\u00eda a la cultura, solo puede dar buenos resultados, como la existencia del Comic\u201d<strong> \u201cMADINAT ILBIRA el candil m\u00e1gico\u201d<\/strong>, que ya est\u00e1 en las bibliotecas de los centros educativos atarfe\u00f1os, de las personas que asistieron a su presentaci\u00f3n y aguardaron una largu\u00edsima cola para que el autor, les firmara el ejemplar del \u00a0Comic.<\/p>\n<p>Ha sido un trabajo fruto de las aportaciones de distintas instituciones de Atarfe que se unen a este proyecto como el asesoramiento e investigaci\u00f3n de la C\u00e1tedra G\u00f3mez Moreno del Departamento de Historia Medieval de la UGR, el Ayuntamiento de Atarfe y la Diputaci\u00f3n Provincial mas\u00a0 la Fundaci\u00f3n Sierra Elvira que cre\u00f3 Marcos Lamolda.\u00a0<\/p>\n<p style=\"text-align: justify;\">GRACIAS A TODAS LAS PERSONAS QUE LO HAN HECHO POSIBLE.<\/p>\n<p><img data-recalc-dims=\"1\" loading=\"lazy\" decoding=\"async\" class=\"alignnone wp-image-80179 size-large\" src=\"https:\/\/i0.wp.com\/miradordeatarfe.es\/wp-content\/uploads\/2025\/11\/IMG_20251111_173252.jpg?resize=640%2C480&#038;ssl=1\" alt=\"\" width=\"640\" height=\"480\" srcset=\"https:\/\/i0.wp.com\/miradordeatarfe.es\/wp-content\/uploads\/2025\/11\/IMG_20251111_173252-scaled.jpg?resize=1024%2C768&amp;ssl=1 1024w, https:\/\/i0.wp.com\/miradordeatarfe.es\/wp-content\/uploads\/2025\/11\/IMG_20251111_173252-scaled.jpg?resize=300%2C225&amp;ssl=1 300w, https:\/\/i0.wp.com\/miradordeatarfe.es\/wp-content\/uploads\/2025\/11\/IMG_20251111_173252-scaled.jpg?resize=768%2C576&amp;ssl=1 768w, https:\/\/i0.wp.com\/miradordeatarfe.es\/wp-content\/uploads\/2025\/11\/IMG_20251111_173252-scaled.jpg?resize=1536%2C1152&amp;ssl=1 1536w, https:\/\/i0.wp.com\/miradordeatarfe.es\/wp-content\/uploads\/2025\/11\/IMG_20251111_173252-scaled.jpg?resize=2048%2C1536&amp;ssl=1 2048w, https:\/\/i0.wp.com\/miradordeatarfe.es\/wp-content\/uploads\/2025\/11\/IMG_20251111_173252-scaled.jpg?resize=1320%2C990&amp;ssl=1 1320w, https:\/\/i0.wp.com\/miradordeatarfe.es\/wp-content\/uploads\/2025\/11\/IMG_20251111_173252-scaled.jpg?w=1920&amp;ssl=1 1920w\" sizes=\"auto, (max-width: 640px) 100vw, 640px\" \/> <img data-recalc-dims=\"1\" loading=\"lazy\" decoding=\"async\" class=\"alignnone wp-image-80181 size-large\" src=\"https:\/\/i0.wp.com\/miradordeatarfe.es\/wp-content\/uploads\/2025\/11\/IMG_20251111_182053.jpg?resize=640%2C480&#038;ssl=1\" alt=\"\" width=\"640\" height=\"480\" srcset=\"https:\/\/i0.wp.com\/miradordeatarfe.es\/wp-content\/uploads\/2025\/11\/IMG_20251111_182053-scaled.jpg?resize=1024%2C768&amp;ssl=1 1024w, https:\/\/i0.wp.com\/miradordeatarfe.es\/wp-content\/uploads\/2025\/11\/IMG_20251111_182053-scaled.jpg?resize=300%2C225&amp;ssl=1 300w, https:\/\/i0.wp.com\/miradordeatarfe.es\/wp-content\/uploads\/2025\/11\/IMG_20251111_182053-scaled.jpg?resize=768%2C576&amp;ssl=1 768w, https:\/\/i0.wp.com\/miradordeatarfe.es\/wp-content\/uploads\/2025\/11\/IMG_20251111_182053-scaled.jpg?resize=1536%2C1152&amp;ssl=1 1536w, https:\/\/i0.wp.com\/miradordeatarfe.es\/wp-content\/uploads\/2025\/11\/IMG_20251111_182053-scaled.jpg?resize=2048%2C1536&amp;ssl=1 2048w, https:\/\/i0.wp.com\/miradordeatarfe.es\/wp-content\/uploads\/2025\/11\/IMG_20251111_182053-scaled.jpg?resize=1320%2C990&amp;ssl=1 1320w, https:\/\/i0.wp.com\/miradordeatarfe.es\/wp-content\/uploads\/2025\/11\/IMG_20251111_182053-scaled.jpg?w=1920&amp;ssl=1 1920w\" sizes=\"auto, (max-width: 640px) 100vw, 640px\" \/> <img data-recalc-dims=\"1\" loading=\"lazy\" decoding=\"async\" class=\"alignnone wp-image-80182 size-large\" src=\"https:\/\/i0.wp.com\/miradordeatarfe.es\/wp-content\/uploads\/2025\/11\/IMG_20251111_184436.jpg?resize=640%2C853&#038;ssl=1\" alt=\"\" width=\"640\" height=\"853\" srcset=\"https:\/\/i0.wp.com\/miradordeatarfe.es\/wp-content\/uploads\/2025\/11\/IMG_20251111_184436-scaled.jpg?resize=768%2C1024&amp;ssl=1 768w, https:\/\/i0.wp.com\/miradordeatarfe.es\/wp-content\/uploads\/2025\/11\/IMG_20251111_184436-scaled.jpg?resize=225%2C300&amp;ssl=1 225w, https:\/\/i0.wp.com\/miradordeatarfe.es\/wp-content\/uploads\/2025\/11\/IMG_20251111_184436-scaled.jpg?resize=1152%2C1536&amp;ssl=1 1152w, https:\/\/i0.wp.com\/miradordeatarfe.es\/wp-content\/uploads\/2025\/11\/IMG_20251111_184436-scaled.jpg?resize=1536%2C2048&amp;ssl=1 1536w, https:\/\/i0.wp.com\/miradordeatarfe.es\/wp-content\/uploads\/2025\/11\/IMG_20251111_184436-scaled.jpg?resize=1024%2C1365&amp;ssl=1 1024w, https:\/\/i0.wp.com\/miradordeatarfe.es\/wp-content\/uploads\/2025\/11\/IMG_20251111_184436-scaled.jpg?resize=1320%2C1760&amp;ssl=1 1320w, https:\/\/i0.wp.com\/miradordeatarfe.es\/wp-content\/uploads\/2025\/11\/IMG_20251111_184436-scaled.jpg?w=1920&amp;ssl=1 1920w\" sizes=\"auto, (max-width: 640px) 100vw, 640px\" \/> <img data-recalc-dims=\"1\" loading=\"lazy\" decoding=\"async\" class=\"alignnone wp-image-80183 size-large\" src=\"https:\/\/i0.wp.com\/miradordeatarfe.es\/wp-content\/uploads\/2025\/11\/IMG_20251111_185926.jpg?resize=640%2C480&#038;ssl=1\" alt=\"\" width=\"640\" height=\"480\" srcset=\"https:\/\/i0.wp.com\/miradordeatarfe.es\/wp-content\/uploads\/2025\/11\/IMG_20251111_185926-scaled.jpg?resize=1024%2C768&amp;ssl=1 1024w, https:\/\/i0.wp.com\/miradordeatarfe.es\/wp-content\/uploads\/2025\/11\/IMG_20251111_185926-scaled.jpg?resize=300%2C225&amp;ssl=1 300w, https:\/\/i0.wp.com\/miradordeatarfe.es\/wp-content\/uploads\/2025\/11\/IMG_20251111_185926-scaled.jpg?resize=768%2C576&amp;ssl=1 768w, https:\/\/i0.wp.com\/miradordeatarfe.es\/wp-content\/uploads\/2025\/11\/IMG_20251111_185926-scaled.jpg?resize=1536%2C1152&amp;ssl=1 1536w, https:\/\/i0.wp.com\/miradordeatarfe.es\/wp-content\/uploads\/2025\/11\/IMG_20251111_185926-scaled.jpg?resize=2048%2C1536&amp;ssl=1 2048w, https:\/\/i0.wp.com\/miradordeatarfe.es\/wp-content\/uploads\/2025\/11\/IMG_20251111_185926-scaled.jpg?resize=1320%2C990&amp;ssl=1 1320w, https:\/\/i0.wp.com\/miradordeatarfe.es\/wp-content\/uploads\/2025\/11\/IMG_20251111_185926-scaled.jpg?w=1920&amp;ssl=1 1920w\" sizes=\"auto, (max-width: 640px) 100vw, 640px\" \/><\/p>\n","protected":false},"excerpt":{"rendered":"<p>El pasado martes d\u00eda 11 de noviembre, tuvo lugar la presentaci\u00f3n del C\u00f3mic \u201cMADINAT ILBIRA&#8230;<\/p>\n","protected":false},"author":1,"featured_media":80178,"comment_status":"closed","ping_status":"closed","sticky":false,"template":"","format":"standard","meta":{"_coblocks_attr":"","_coblocks_dimensions":"","_coblocks_responsive_height":"","_coblocks_accordion_ie_support":"","jetpack_post_was_ever_published":false,"_jetpack_newsletter_access":"","_jetpack_dont_email_post_to_subs":false,"_jetpack_newsletter_tier_id":0,"_jetpack_memberships_contains_paywalled_content":false,"_jetpack_memberships_contains_paid_content":false,"footnotes":"","jetpack_publicize_message":"","jetpack_publicize_feature_enabled":true,"jetpack_social_post_already_shared":true,"jetpack_social_options":{"image_generator_settings":{"template":"highway","default_image_id":0,"enabled":false},"version":2}},"categories":[6916,1161,9029,10431,44],"tags":[],"class_list":["post-80177","post","type-post","status-publish","format-standard","has-post-thumbnail","hentry","category-ayuntamiento-de-atarfe","category-ciudadania","category-la-cora-de-ilbira","category-medina-elvira-2","category-noticias-de-hoy"],"jetpack_publicize_connections":[],"jetpack_featured_media_url":"https:\/\/i0.wp.com\/miradordeatarfe.es\/wp-content\/uploads\/2025\/11\/IMG_20251111_173256-scaled.jpg?fit=2560%2C1920&ssl=1","jetpack_likes_enabled":true,"jetpack_sharing_enabled":true,"_links":{"self":[{"href":"https:\/\/miradordeatarfe.es\/index.php?rest_route=\/wp\/v2\/posts\/80177","targetHints":{"allow":["GET"]}}],"collection":[{"href":"https:\/\/miradordeatarfe.es\/index.php?rest_route=\/wp\/v2\/posts"}],"about":[{"href":"https:\/\/miradordeatarfe.es\/index.php?rest_route=\/wp\/v2\/types\/post"}],"author":[{"embeddable":true,"href":"https:\/\/miradordeatarfe.es\/index.php?rest_route=\/wp\/v2\/users\/1"}],"replies":[{"embeddable":true,"href":"https:\/\/miradordeatarfe.es\/index.php?rest_route=%2Fwp%2Fv2%2Fcomments&post=80177"}],"version-history":[{"count":2,"href":"https:\/\/miradordeatarfe.es\/index.php?rest_route=\/wp\/v2\/posts\/80177\/revisions"}],"predecessor-version":[{"id":80185,"href":"https:\/\/miradordeatarfe.es\/index.php?rest_route=\/wp\/v2\/posts\/80177\/revisions\/80185"}],"wp:featuredmedia":[{"embeddable":true,"href":"https:\/\/miradordeatarfe.es\/index.php?rest_route=\/wp\/v2\/media\/80178"}],"wp:attachment":[{"href":"https:\/\/miradordeatarfe.es\/index.php?rest_route=%2Fwp%2Fv2%2Fmedia&parent=80177"}],"wp:term":[{"taxonomy":"category","embeddable":true,"href":"https:\/\/miradordeatarfe.es\/index.php?rest_route=%2Fwp%2Fv2%2Fcategories&post=80177"},{"taxonomy":"post_tag","embeddable":true,"href":"https:\/\/miradordeatarfe.es\/index.php?rest_route=%2Fwp%2Fv2%2Ftags&post=80177"}],"curies":[{"name":"wp","href":"https:\/\/api.w.org\/{rel}","templated":true}]}}