{"id":80204,"date":"2025-11-23T11:36:37","date_gmt":"2025-11-23T10:36:37","guid":{"rendered":"https:\/\/miradordeatarfe.es\/?p=80204"},"modified":"2025-12-16T14:05:52","modified_gmt":"2025-12-16T13:05:52","slug":"80204","status":"publish","type":"post","link":"https:\/\/miradordeatarfe.es\/?p=80204","title":{"rendered":"Conocemos a Juan Jos\u00e9 Meg\u00edas Jim\u00e9nez autor del c\u00f3mic \u00abMADINAT ILBIRA El candil m\u00e1gico\u00bb"},"content":{"rendered":"<h3 style=\"text-align: justify;\">Juan Jos\u00e9 Meg\u00edas Jim\u00e9nez autor del c\u00f3mic \u00abMADINAT ILBIRA El candil m\u00e1gico\u00bb naci\u00f3 el 11 de febrero de 1986 en Granada y actualmente vecino de Atarfe y trabaja como \u00a0Dibujante y Dise\u00f1ador<\/h3>\n<p style=\"text-align: justify;\">Su\u00a0 familia llega desde Granada para vivir en Atarfe en 1995, cuando tenia 9 a\u00f1os. Su urbanizaci\u00f3n estaba apartada del pueblo. Fue la primera en construirse en la zona baja, en plena vega, rodeada de campo, alamedas, acequias y cultivos. Ese verano, nada m\u00e1s llegar, hizo amigos en el barrio. Jugaban al f\u00fatbol en la placeta y, como el deporte no era lo suyo, le pon\u00edan de portero. En el campo construian caba\u00f1as con pal\u00e9s olvidados y cog\u00edan panochas para asarlas en una hoguera, con permiso del due\u00f1o, siempre que fueran las de la primera fila, para no adentrarnos y da\u00f1ar su cosecha. De fondo les rodeaban las monta\u00f1as de Sierra Elvira y la Ermita de los Tres Juanes. Era un ambiente buc\u00f3lico hasta que fueron urbanizando todo.<\/p>\n<p style=\"text-align: justify;\">Gan\u00f3 su primer premio de dibujo en un concurso del colegio Atalaya, el tema eran las aves. Le regalaron un diploma, un canario de canto timbrado y un libro para aprender a cuidarlo. Al a\u00f1o siguiente volvi\u00f3 a ganar, junt\u00f3 a los dos canarios, criaron y acab\u00f3 con un recital en casa.<\/p>\n<p style=\"text-align: justify;\">Como lo suyo era dibujar, estudi\u00f3 Bellas Artes en Granada, se especializ\u00f3 en dibujo, dise\u00f1o, animaci\u00f3n y v\u00eddeo. Estudiando un posgrado le surgi\u00f3 la oportunidad de colaborar en una excavaci\u00f3n arqueol\u00f3gica en L\u00faxor, Egipto. All\u00ed trabaj\u00f3 como dibujante y dise\u00f1ador. Fue una experiencia incre\u00edble\u00a0 y seg\u00fan nos relata : \u00a1Nunca sabes ad\u00f3nde te va a llevar el l\u00e1piz!<\/p>\n<p style=\"text-align: justify;\"><strong><em>\u00bfC\u00f3mo llegaste a interesarte sobre Medina Elvira y como se te ocurri\u00f3 realizar este comic? O si quieres \u00bfQu\u00e9 te inspir\u00f3 a crear este c\u00f3mic?<\/em><\/strong><\/p>\n<p style=\"text-align: justify;\">De ni\u00f1o, cuando sal\u00edamos con las bicis a veces lleg\u00e1bamos a esta zona. Explor\u00e1bamos la cementera, jug\u00e1bamos en los Caballitos del Rey, buscaba f\u00f3siles en las canteras\u2026 Tambi\u00e9n me ba\u00f1aba en los ba\u00f1os de Sierra Elvira. Mis amigos me contaban historias de una ciudad romana, (supuestamente Il\u00edberis) y un volc\u00e1n, (las aguas termales de Sierra Elvira, imagino). Yo les preguntaba que d\u00f3nde estaba todo eso, pero no sab\u00edan responderme. Eran leyendas para ni\u00f1os. Cuando conoc\u00ed a los miembros de la asociaci\u00f3n cultural La Cora de Ilbira y me plantearon la posibilidad de crear un c\u00f3mic sobre Medina Elvira, vi la oportunidad de regresar a este lugar, para observarlo con otra mirada y proyectar all\u00ed la ciudad que un d\u00eda fue Medina Elvira. Una ocasi\u00f3n ideal para contar su verdadera historia y su propia leyenda, y darme \u201cel capricho\u201d de despejar algunas dudas a las siguientes generaciones.<\/p>\n<p style=\"text-align: justify;\"><strong><em>\u00bfC\u00f3mo describir\u00edas tu proceso creativo para este proyecto?<\/em><\/strong><\/p>\n<p style=\"text-align: justify;\">Lo primero es abordar el tema: Medina Elvira. Despu\u00e9s comienzo a documentarme; esta parte me interesa mucho, porque aprendo mientras descubro su historia, revisando textos y fotograf\u00edas. Anoto la informaci\u00f3n que veo m\u00e1s relevante y busco detalles particulares que enriquezcan las futuras vi\u00f1etas. El p\u00fablico objetivo de este c\u00f3mic son ni\u00f1os y es aconsejable que los \u00e1lbumes no sobrepasen de las 32 p\u00e1ginas. Esto fija mi espacio de trabajo para escribir la historia, me obliga a decidir qu\u00e9 es lo importante y qu\u00e9 debo dejar fuera. Sintetizo los datos a la vez que construyo el relato.<\/p>\n<p style=\"text-align: justify;\">En los proyectos de c\u00f3mic hist\u00f3rico que dibujo tengo la gran suerte de reunirme con expertos historiadores, ellos me gu\u00edan y puedo consultarles todas mis dudas. Gracias a la asociaci\u00f3n cultural<em><span style=\"color: #800000;\"> La Cora de Ilbira<\/span>,<\/em> he contado con la tutela de<span style=\"color: #800000;\"> <em>Guillermo Garc\u00eda-Contreras<\/em><\/span>, historiador y arque\u00f3logo en la excavaci\u00f3n de Medina Elvira. Adem\u00e1s de resolverme todas mis preguntas, he podido visitar la excavaci\u00f3n con \u00e9l para aprender a pie de campo.\u00a0En \u201cMad\u012bnat Ilb\u012bra: El candil m\u00e1gico\u201d pronto se revel\u00f3 lo importante: el ataifor, el candil y la leyenda de la ciudad. Fue cuesti\u00f3n de combinarlos entre s\u00ed para que surgiese la historia y todos los personajes.<\/p>\n<p style=\"text-align: justify;\">Cada proyecto hist\u00f3rico es un aprendizaje, lo tomo como un regalo, y, a cambio, convierto mi experiencia en un c\u00f3mic en el que divulgo todo lo que he descubierto.<\/p>\n<p><img data-recalc-dims=\"1\" loading=\"lazy\" decoding=\"async\" class=\"alignnone wp-image-80208 size-full\" src=\"https:\/\/i0.wp.com\/miradordeatarfe.es\/wp-content\/uploads\/2025\/11\/Comic-Madinat-Ilbira-Atarfe.jpg?resize=640%2C472&#038;ssl=1\" alt=\"\" width=\"640\" height=\"472\" srcset=\"https:\/\/i0.wp.com\/miradordeatarfe.es\/wp-content\/uploads\/2025\/11\/Comic-Madinat-Ilbira-Atarfe.jpg?w=1280&amp;ssl=1 1280w, https:\/\/i0.wp.com\/miradordeatarfe.es\/wp-content\/uploads\/2025\/11\/Comic-Madinat-Ilbira-Atarfe.jpg?resize=300%2C221&amp;ssl=1 300w, https:\/\/i0.wp.com\/miradordeatarfe.es\/wp-content\/uploads\/2025\/11\/Comic-Madinat-Ilbira-Atarfe.jpg?resize=1024%2C754&amp;ssl=1 1024w, https:\/\/i0.wp.com\/miradordeatarfe.es\/wp-content\/uploads\/2025\/11\/Comic-Madinat-Ilbira-Atarfe.jpg?resize=768%2C566&amp;ssl=1 768w\" sizes=\"auto, (max-width: 640px) 100vw, 640px\" \/><\/p>\n<p style=\"text-align: justify;\"><em><strong>\u00bfCu\u00e1nto tiempo te tom\u00f3 desarrollar la idea hasta tener el producto final?<\/strong><\/em><\/p>\n<p style=\"text-align: justify;\">Me ha llevado un a\u00f1o de trabajo. Este tiempo comprende la preproducci\u00f3n: el proceso de investigaci\u00f3n, distintas reuniones, visita a la excavaci\u00f3n, visitas a museos para documentar piezas; y la producci\u00f3n: escritura de guion, bocetos, dibujo, rotulaci\u00f3n, color y maquetaci\u00f3n.<\/p>\n<p style=\"text-align: justify;\"><strong>\u00bfQu\u00e9 herramientas utilizas habitualmente (rotulador, tableta gr\u00e1fica, etc.)?<\/strong><\/p>\n<p style=\"text-align: justify;\">Actualmente trabajo todo el proceso del c\u00f3mic en digital. Utilizo la app Scrivener para escribir mis guiones y la app Procreate para dibujar en un IPad. De esta forma mi flujo de trabajo es m\u00e1s r\u00e1pido y puedo hacer cambios f\u00e1cilmente si tengo que revisar las p\u00e1ginas.<\/p>\n<p style=\"text-align: justify;\"><strong><em>\u00bfHas usado la IA para la creaci\u00f3n de tu trabajo? \u00bfSi as\u00ed es puedes explicarnos c\u00f3mo la has integrado?<\/em><\/strong><\/p>\n<p style=\"text-align: justify;\">Considero a la IA como una herramienta m\u00e1s, lo que obtenga de ella nunca ser\u00e1 mi arte final, sino una parte de un proceso.No la he utilizado para crear este c\u00f3mic. A m\u00ed me gusta dibujar. Creo que una IA no puede descifrar lo que tengo en mente. Cada p\u00e1gina, cada vi\u00f1eta, exige tomar decisiones narrativas que muestren coherencia interna. Esto se traduce en que nuestro lector se encuentra con una historia que le resulta f\u00e1cil de leer, porque las p\u00e1ginas est\u00e1n concebidas de forma org\u00e1nica. La IA no hace esto.<\/p>\n<p style=\"text-align: justify;\">Adem\u00e1s, algunas ideas surgen de forma espont\u00e1nea y otras son soluciones que aparecen mediante el propio acto de dibujar, probando, l\u00e1piz en mano. No puedo llegar a estas ideas si no las dibujo. Tampoco pienso que la IA pueda clonar la personalidad que hay en mis trazos. Si yo no me reconozco en un dibujo, no me siento honesto publicando ese trabajo.\u00a0No se trata de que la IA dibuja muy bien, se trata de que el c\u00f3mic es narrativa visual y la IA reproduce im\u00e1genes, copiando, pero no razona. Esa es la labor del dibujante de c\u00f3mic, pensar, l\u00e1piz en mano, para narrar gr\u00e1ficamente. Por eso somos dif\u00edciles de sustituir.<\/p>\n<p style=\"text-align: justify;\"><em><strong>\u00bfQu\u00e9 papel juegan tus experiencias personales en la creaci\u00f3n de tus personajes y tramas?<\/strong><\/em><\/p>\n<p style=\"text-align: justify;\">En trabajos por encargo parto de fuentes hist\u00f3ricas, ah\u00ed encuentro todo lo que necesito: un hecho ver\u00eddico y una forma de expresarse. Pero \u201cel diablo est\u00e1 en los detalles\u201d, yo s\u00e9 d\u00f3nde puedo aportar mis experiencias: mediante personajes, vocablos y puntos de vista. Cuando dibujas partiendo de algo vivido el relato adquiere mayor autenticidad, as\u00ed los lectores se identifican con la trama y sus personajes.<\/p>\n<p style=\"text-align: justify;\">La mayor\u00eda de situaciones que creo son inventadas, pero suelo incluir experiencias. A veces vives situaciones y otras te vienen dadas mediante an\u00e9cdotas o noticias. Cuando escribo una trama tomo elementos de distintas fuentes, y si es un c\u00f3mic de humor puedo exagerar los detalles. Las tramas las encarnan los personajes que compongo para cada parte del relato. Al colocarlos en situaciones, intento que \u00e9stos funcionen por contraste, que cada uno tenga su propia forma de hablar, vestir o comportarse. Observo mucho, veo una cara particular, un gesto, una forma de andar, una frase o expresiones llamativas; son mis ingredientes para construirlos.<\/p>\n<p style=\"text-align: justify;\">Mis personajes sienten, as\u00ed que, para dibujarlos, he de meterme en la cabeza de todos ellos. Para esto sirven las experiencias. He logrado reconciliarme con algunas personas dibujando su forma de ser. Para dar veracidad a un personaje tienes que meterte en su piel, de esta forma comienzas a ver la vida desde su punto de vista. As\u00ed, surgen di\u00e1logos y reacciones cre\u00edbles. Logras entender por qu\u00e9 se comportan as\u00ed y relativizas lo vivido. Dibujar c\u00f3mics es una forma de hacer terapia.<\/p>\n<h3 style=\"text-align: justify;\"><strong>Sobre el contenido del c\u00f3mic<\/strong><\/h3>\n<h3 style=\"text-align: justify;\">\u00bfCu\u00e1l es el mensaje principal que quieres transmitir con este c\u00f3mic?<\/h3>\n<p style=\"text-align: justify;\">Mi intenci\u00f3n con \u201cMad\u012bnat Ilb\u012bra: El candil m\u00e1gico\u201d es mostrar el pasado de una ciudad tan real como sorprendente. Espero trasmitir mi pasi\u00f3n y despertar curiosidad e inter\u00e9s en los j\u00f3venes lectores. Si adem\u00e1s consigo transmitir c\u00f3mo es una excavaci\u00f3n arqueol\u00f3gica, los profesionales que trabajan aqu\u00ed, y creo inter\u00e9s por el patrimonio de Sierra Elvira y Atarfe, estar\u00e9 m\u00e1s que satisfecho. Y, por pedir, si leyendo este c\u00f3mic surge un nuevo arque\u00f3logo, historiador, dibujante\u2026 habr\u00e9 logrado todos mis objetivos \u00a1Y nos daremos un abrazo!<\/p>\n<p style=\"text-align: justify;\"><em><strong>\u00bfQu\u00e9 personaje te result\u00f3 m\u00e1s interesante dibujar o crear?<\/strong><\/em><\/p>\n<p style=\"text-align: justify;\">Vega, nuestra protagonista, apareci\u00f3 de forma natural, quer\u00eda conectar con el p\u00fablico mediante un personaje positivo y resolutivo, pero con alg\u00fan defecto, como su despiste o torpeza que la hacen m\u00e1s humana. Siempre sale adelante y, en cada \u00e9poca que visita, nos sorprende con una vestimenta adecuada para la ocasi\u00f3n. Creo que conecta bien con los lectores.<\/p>\n<p style=\"text-align: justify;\">Tambi\u00e9n tengo predilecci\u00f3n por Z\u0101w\u012b ben Z\u012br\u012b. Me interesaba que apareciese porque es quien decide trasladar a la poblaci\u00f3n de Sierra Elvira a Granada. Aunque invita a Vega a un banquete y le hace un buen regalo, Zawi tiene una personalidad extrema, en una vi\u00f1eta est\u00e1 muy enfadado y en la siguiente entusiasmado. Es un malhumorado de pacotilla, ideal para ni\u00f1os. Dibujarlo fue un descubrimiento, sobre el guion su personalidad no estaba definida y en las p\u00e1ginas cobr\u00f3 vida propia, revelando una personalidad muy expansiva. Llega al lugar para hacerse con \u00e9l.<\/p>\n<p style=\"text-align: justify;\"><em><strong>\u00bfHay alguna referencia cultural o art\u00edstica que haya influenciado tu trabajo?<\/strong><\/em><\/p>\n<p style=\"text-align: justify;\">En este c\u00f3mic veo influencias del humor gr\u00e1fico, la cartograf\u00eda, el cine, las revistas de divulgaci\u00f3n cient\u00edfica, el dise\u00f1o gr\u00e1fico; para las referencias soy ecl\u00e9ctico. Y sobre todo los tebeos de mi infancia: la escuela Bruguera y semanarios como el Peque\u00f1o Pa\u00eds y Gente Menuda. He dibujado el c\u00f3mic que de peque\u00f1o me hubiera gustado leer.<\/p>\n<p style=\"text-align: justify;\"><em><strong>\u00bfCrees que tu c\u00f3mic puede reflejar o comentar la historia y la realidad social en tiempo de Medina Elvira?\u00a0<\/strong><\/em><\/p>\n<p style=\"text-align: justify;\">Este c\u00f3mic transita por las \u00e9pocas romana, omeya y la primera excavaci\u00f3n del siglo XIX, para volver a nuestro presente. Reserv\u00e9 el mayor n\u00famero de p\u00e1ginas para hablar de la \u00e9poca omeya y de Medina Elvira, porque es la etapa de mayor esplendor. En este periodo reflejo a dos personajes muy distintos, Karim, un agricultor humilde que vive en una alquer\u00eda, alejado del centro de la ciudad y se desplaza con su burro y Zawi, un guerrero fiero, siempre acompa\u00f1ado por sus guardias y su s\u00e9quito. Este personaje se desplaza a caballo, decorado con abalorios propios de un general; y disfruta de la vida palaciega, pues pronto ser\u00e1 el gobernador de Granada. Vega, nuestra protagonista, se relaciona con ambos, mientras transita por la ciudad y su mezquita. De esta forma muestro a los lectores formas muy diferentes de vivir en la medina, propias de la \u00e9poca.<\/p>\n<h3 style=\"text-align: justify;\"><strong>Sobre la carrera profesional<\/strong><\/h3>\n<p style=\"text-align: justify;\"><em><strong>\u00bfC\u00f3mo fue tu entrada en el mundo profesional del c\u00f3mic<\/strong><\/em>?<\/p>\n<p style=\"text-align: justify;\">Os cuento primero la amateur: Mis primeros c\u00f3mics publicados fueron en el Instituto Vega de Atarfe. Dise\u00f1\u00e9 unos personajes inspirados en material escolar: los ni\u00f1os eran lapicitos, los profes plumas y rotuladores, y el orientador un\u00a0<em>Tipp-Ex<\/em>. Los guiones los escrib\u00eda el profe de f\u00edsica y mostr\u00e1bamos historias de instituto y de convivencia entre alumnos. Formaron parte del proyecto europeo \u201cForumeduca\u201d, as\u00ed que los leyeron estudiantes de varios pa\u00edses.<\/p>\n<p style=\"text-align: justify;\">Cuando acced\u00ed a la Universidad tuve la oportunidad de dibujar, junto a otros estudiantes, unas historias del folclore finland\u00e9s: \u201cKal\u00e9vala\u201d, (similar a nuestro \u201cCantar del m\u00edo Cid\u201d). Este c\u00f3mic lo public\u00f3 la Universidad de Granada y la de Jyv\u00e4skyl\u00e4 en Finlandia. Despu\u00e9s, estuve investigando sobre c\u00f3mic, hasta que coincid\u00ed con el historiador Andrea Arcuri. \u00c9l quer\u00eda divulgar su tesis sobre el disciplinamiento social a trav\u00e9s de la confesi\u00f3n en los siglos XVI y XVII, tiempo despu\u00e9s, publicamos un c\u00f3mic con la UGR. Pienso que la clave est\u00e1 en unir disciplinas para divulgar proyectos y salir del \u00e1mbito acad\u00e9mico.<\/p>\n<p style=\"text-align: justify;\">En paralelo, siempre he estado participando en fanzines humor\u00edsticos de Granada: \u201cEl Batracio Amarillo\u201d, \u201cHormigAS\u201d y \u201cLa Rev\u00edstika\u201d, y, a nivel nacional, \u201cEl Churro Ilustrado\u201d. De aqu\u00ed me llevo la experiencia de los salones de c\u00f3mic y las presentaciones. Participar en obras colectivas es enriquecedor, lo pasas genial mientras aprendes de los compa\u00f1eros.<\/p>\n<p style=\"text-align: justify;\"><em><strong>\u00bfQu\u00e9 consejos le dar\u00edas a alguien que quiere empezar en el mundo del c\u00f3mic?<\/strong><\/em><\/p>\n<p style=\"text-align: justify;\">\u00a1Dibuja todo el rato! Con la pr\u00e1ctica mejoras y acabas encontrando tu propio estilo. Si copias del natural, luego podr\u00e1s inventar. El c\u00f3mic es narraci\u00f3n, est\u00e1s contando una historia, comienza con tus propias experiencias y despu\u00e9s podr\u00e1s inventarlas. Habla de lo que conozcas, tu relato tendr\u00e1 verdad y conectar\u00e1 con los dem\u00e1s. \u00bfTe gusta dibujar, pero no sabes escribir? \u00bfNo tienes buenas ideas? Hacer un c\u00f3mic no tiene por qu\u00e9 ser algo solitario, existen los guionistas y est\u00e1n buscando dibujantes, es una forma de crear un proyecto entre dos y crecer juntos. Busca profesionales con criterio \u00bfC\u00f3mo se ve tu trabajo desde fuera? \u00bfLo que has dibujado, se entiende? \u00a1Nunca te vengas abajo! Todo lo que aprendas te ayuda para mejorar en tu pr\u00f3xima historieta \u00a1\u00c1nimo!<\/p>\n<p style=\"text-align: justify;\"><em><strong>\u00bfQu\u00e9 papel crees que juegan los eventos como salones del c\u00f3mic en la promoci\u00f3n de autores y obras?<\/strong><\/em><\/p>\n<p style=\"text-align: justify;\">Son muy relevantes. Los salones cuentan con autores en su programaci\u00f3n, puedes conocerlos, hacerles preguntas y llevarte su c\u00f3mic dedicado. Suelen exponer p\u00e1ginas originales de dibujantes y as\u00ed, revisas c\u00f3mo trabajan. Adem\u00e1s, si quieres conocer a editores para que valoren tu trabajo, los salones son el mejor sitio.<\/p>\n<p style=\"text-align: justify;\"><em><strong>\u00bfC\u00f3mo crees que el p\u00fablico en general ve los c\u00f3mics: \u00bfc\u00f3mo un pasatiempo, un arte, o ambas cosas?<\/strong><\/em><\/p>\n<p style=\"text-align: justify;\">Depende del c\u00f3mic que tengas entre manos, pero tambi\u00e9n depende del lector. Al contrario del cine o la televisi\u00f3n, el c\u00f3mic es un medio activo, requiere de la participaci\u00f3n del lector para que la historia suceda. T\u00fa le das vida a la narraci\u00f3n, y voz a los personajes. Hay tantos muchos tipos de c\u00f3mics, unos son sencillos y ligeros y otros son obras de arte sin discusi\u00f3n. A m\u00ed me interesan todos. Es un medio maravilloso para adentrarse, hay una historia para cada lector. El c\u00f3mic no discrimina y te est\u00e1 esperando.<\/p>\n<p style=\"text-align: justify;\">Muchas gracias y esperamos que este c\u00f3mic sea el primero de muchos otros sobre MEDINA ELVIRA.<\/p>\n<p><img data-recalc-dims=\"1\" loading=\"lazy\" decoding=\"async\" class=\"alignnone wp-image-80209 size-full\" src=\"https:\/\/i0.wp.com\/miradordeatarfe.es\/wp-content\/uploads\/2025\/11\/Juanjo-Megias-dibujante-firmando-scaled.jpg?resize=640%2C512&#038;ssl=1\" alt=\"\" width=\"640\" height=\"512\" srcset=\"https:\/\/i0.wp.com\/miradordeatarfe.es\/wp-content\/uploads\/2025\/11\/Juanjo-Megias-dibujante-firmando-scaled.jpg?w=2560&amp;ssl=1 2560w, https:\/\/i0.wp.com\/miradordeatarfe.es\/wp-content\/uploads\/2025\/11\/Juanjo-Megias-dibujante-firmando-scaled.jpg?resize=300%2C240&amp;ssl=1 300w, https:\/\/i0.wp.com\/miradordeatarfe.es\/wp-content\/uploads\/2025\/11\/Juanjo-Megias-dibujante-firmando-scaled.jpg?resize=1024%2C819&amp;ssl=1 1024w, https:\/\/i0.wp.com\/miradordeatarfe.es\/wp-content\/uploads\/2025\/11\/Juanjo-Megias-dibujante-firmando-scaled.jpg?resize=768%2C614&amp;ssl=1 768w, https:\/\/i0.wp.com\/miradordeatarfe.es\/wp-content\/uploads\/2025\/11\/Juanjo-Megias-dibujante-firmando-scaled.jpg?resize=1536%2C1229&amp;ssl=1 1536w, https:\/\/i0.wp.com\/miradordeatarfe.es\/wp-content\/uploads\/2025\/11\/Juanjo-Megias-dibujante-firmando-scaled.jpg?resize=2048%2C1638&amp;ssl=1 2048w, https:\/\/i0.wp.com\/miradordeatarfe.es\/wp-content\/uploads\/2025\/11\/Juanjo-Megias-dibujante-firmando-scaled.jpg?resize=1320%2C1056&amp;ssl=1 1320w, https:\/\/i0.wp.com\/miradordeatarfe.es\/wp-content\/uploads\/2025\/11\/Juanjo-Megias-dibujante-firmando-scaled.jpg?w=1920&amp;ssl=1 1920w\" sizes=\"auto, (max-width: 640px) 100vw, 640px\" \/><\/p>\n<p>ENTREVISTA: MCV<\/p>\n","protected":false},"excerpt":{"rendered":"<p>Juan Jos\u00e9 Meg\u00edas Jim\u00e9nez autor del c\u00f3mic \u00abMADINAT ILBIRA El candil m\u00e1gico\u00bb naci\u00f3 el 11&#8230;<\/p>\n","protected":false},"author":1,"featured_media":80207,"comment_status":"closed","ping_status":"closed","sticky":false,"template":"","format":"standard","meta":{"_coblocks_attr":"","_coblocks_dimensions":"","_coblocks_responsive_height":"","_coblocks_accordion_ie_support":"","jetpack_post_was_ever_published":false,"_jetpack_newsletter_access":"","_jetpack_dont_email_post_to_subs":false,"_jetpack_newsletter_tier_id":0,"_jetpack_memberships_contains_paywalled_content":false,"_jetpack_memberships_contains_paid_content":false,"footnotes":"","jetpack_publicize_message":"","jetpack_publicize_feature_enabled":true,"jetpack_social_post_already_shared":true,"jetpack_social_options":{"image_generator_settings":{"template":"highway","default_image_id":0,"enabled":false},"version":2}},"categories":[9597,1225,9029,10431,6539],"tags":[],"class_list":["post-80204","post","type-post","status-publish","format-standard","has-post-thumbnail","hentry","category-cientificos-atarfenos","category-ha-de-atarfe","category-la-cora-de-ilbira","category-medina-elvira-2","category-personajes-de-ataref"],"jetpack_publicize_connections":[],"jetpack_featured_media_url":"https:\/\/i0.wp.com\/miradordeatarfe.es\/wp-content\/uploads\/2025\/11\/Juanjo-Megias-dibujante-comic.jpg?fit=1872%2C1289&ssl=1","jetpack_likes_enabled":true,"jetpack_sharing_enabled":true,"_links":{"self":[{"href":"https:\/\/miradordeatarfe.es\/index.php?rest_route=\/wp\/v2\/posts\/80204","targetHints":{"allow":["GET"]}}],"collection":[{"href":"https:\/\/miradordeatarfe.es\/index.php?rest_route=\/wp\/v2\/posts"}],"about":[{"href":"https:\/\/miradordeatarfe.es\/index.php?rest_route=\/wp\/v2\/types\/post"}],"author":[{"embeddable":true,"href":"https:\/\/miradordeatarfe.es\/index.php?rest_route=\/wp\/v2\/users\/1"}],"replies":[{"embeddable":true,"href":"https:\/\/miradordeatarfe.es\/index.php?rest_route=%2Fwp%2Fv2%2Fcomments&post=80204"}],"version-history":[{"count":4,"href":"https:\/\/miradordeatarfe.es\/index.php?rest_route=\/wp\/v2\/posts\/80204\/revisions"}],"predecessor-version":[{"id":80211,"href":"https:\/\/miradordeatarfe.es\/index.php?rest_route=\/wp\/v2\/posts\/80204\/revisions\/80211"}],"wp:featuredmedia":[{"embeddable":true,"href":"https:\/\/miradordeatarfe.es\/index.php?rest_route=\/wp\/v2\/media\/80207"}],"wp:attachment":[{"href":"https:\/\/miradordeatarfe.es\/index.php?rest_route=%2Fwp%2Fv2%2Fmedia&parent=80204"}],"wp:term":[{"taxonomy":"category","embeddable":true,"href":"https:\/\/miradordeatarfe.es\/index.php?rest_route=%2Fwp%2Fv2%2Fcategories&post=80204"},{"taxonomy":"post_tag","embeddable":true,"href":"https:\/\/miradordeatarfe.es\/index.php?rest_route=%2Fwp%2Fv2%2Ftags&post=80204"}],"curies":[{"name":"wp","href":"https:\/\/api.w.org\/{rel}","templated":true}]}}