{"id":80214,"date":"2025-11-21T10:49:53","date_gmt":"2025-11-21T09:49:53","guid":{"rendered":"https:\/\/miradordeatarfe.es\/?p=80214"},"modified":"2025-11-21T11:57:44","modified_gmt":"2025-11-21T10:57:44","slug":"festival-internacional-de-cine-de-granada-premios-lorca","status":"publish","type":"post","link":"https:\/\/miradordeatarfe.es\/?p=80214","title":{"rendered":"Festival Internacional de Cine de Granada \u2013 Premios Lorca"},"content":{"rendered":"<h3 style=\"text-align: justify;\">El <b>Festival Internacional de Cine de Granada \u2013 Premios Lorca<\/b> inaugura su VI edici\u00f3n, que se celebrar\u00e1 del <b>21 al 29 de noviembre<\/b>, con un gran concierto dedicado a la m\u00fasica de cine y una intensa segunda jornada de talleres, proyecciones y una presentaci\u00f3n especial.<\/h3>\n<p style=\"text-align: justify;\">Esta tarde, a las <b>20:00 h<\/b>, el Auditorio Manuel de Falla acoge la Gala de Inauguraci\u00f3n <i>La m\u00fasica de cine a trav\u00e9s de los a\u00f1os<\/i>, interpretada por la Banda Municipal de M\u00fasica de Granada bajo la direcci\u00f3n de \u00c1ngel L\u00f3pez Carre\u00f1o. Durante la gala se entregar\u00e1 el <b>Lorca de Honor 2025<\/b> al actor <b>Antonio Resines<\/b>, de la mano de <b>Jorge Sanz<\/b>. La velada reunir\u00e1 a diversas personalidades del \u00e1mbito cultural, institucional y cinematogr\u00e1fico, entre ellas la concejala de Hacienda del Ayuntamiento de Granada, Mar\u00eda Rosario Pallaress; el delegado de Turismo de la Junta de Andaluc\u00eda en Granada, David Rodr\u00edguez; y el director de \u00c1rea de Negocio de CaixaBank, Jos\u00e9 Javier Rivas, as\u00ed como numerosos empresarios del tejido econ\u00f3mico de la ciudad y figuras destacadas del \u00e1mbito art\u00edstico y cultural. Habr\u00e1 atenci\u00f3n a los medios antes del inicio del acto.\u00a0<\/p>\n<p style=\"text-align: justify;\">Ma\u00f1ana s\u00e1bado, la programaci\u00f3n comenzar\u00e1 a las <b>10:00 h<\/b> con el taller <i>Disfruta del casting<\/i>, impartido por las directoras de casting Natalia Ajero y Sof\u00eda Siveroni en el Hotel Meli\u00e1. A lo largo del d\u00eda, los Cines Megarama del Centro Comercial Neptuno ofrecer\u00e1n diversas sesiones de cortometrajes granadinos y de animaci\u00f3n (<b>12:00 h<\/b>, <b>12:30 h<\/b> y <b>16:00 h<\/b>). La jornada culminar\u00e1 a las <b>18:00 h<\/b> con la presentaci\u00f3n del largometraje <i>La reina de Espa\u00f1a<\/i>, dirigido por Fernando Trueba y protagonizado por <b>Pen\u00e9lope Cruz<\/b>, <b>Antonio Resines<\/b>, <b>Jorge Sanz<\/b>, <b>Santiago Segura<\/b>, <b>Loles Le\u00f3n<\/b> y <b>Rosa Mar\u00eda Sard\u00e1<\/b>, presentada por Antonio Resines y Jorge Sanz.<\/p>\n<h2 style=\"text-align: justify;\"><strong>Concierto Inaugural \u2013 21 de noviembre<\/strong><\/h2>\n<p style=\"text-align: justify;\">La apertura oficial del festival tendr\u00e1 lugar esta tarde a las <strong><b>20:00 h<\/b><\/strong>\u00a0en el <strong><b>Auditorio Manuel de Falla<\/b><\/strong>\u00a0con la Gala de Inauguraci\u00f3n <em><i>La m\u00fasica de cine a trav\u00e9s de los a\u00f1os<\/i><\/em>, un emocionante concierto en el que la Banda Municipal de M\u00fasica de Granada, bajo la direcci\u00f3n del maestro \u00c1ngel L\u00f3pez Carre\u00f1o, recorrer\u00e1 algunas de las bandas sonoras m\u00e1s ic\u00f3nicas de la historia del s\u00e9ptimo arte, desde <em><i>Lo que el viento se llev\u00f3<\/i><\/em>\u00a0hasta <em><i>La La Land<\/i><\/em>, evocando a grandes compositores como Ennio Morricone, John Williams o Hans Zimmer. Ser\u00e1 una experiencia \u00fanica que unir\u00e1 m\u00fasica y cine en un mismo latido, inaugurando oficialmente la magia de los Premios Lorca 2025.<\/p>\n<p style=\"text-align: justify;\">La gala acoger\u00e1 adem\u00e1s uno de los momentos m\u00e1s emotivos de esta edici\u00f3n: la entrega del <strong><b>Lorca de Honor 2025<\/b><\/strong>\u00a0al actor <strong><b>Antonio Resines<\/b><\/strong>, una figura imprescindible del cine espa\u00f1ol. El galard\u00f3n ser\u00e1 entregado por <strong><b>Jorge Sanz<\/b><\/strong>, quien aportar\u00e1 solemnidad y cercan\u00eda a un instante que quedar\u00e1 grabado en la memoria del festival. El Auditorio Manuel de Falla, con su imponente presencia y su especial ac\u00fastica, se convierte as\u00ed en el escenario id\u00f3neo para dar la bienvenida a un certamen que promete grandes emociones durante los pr\u00f3ximos d\u00edas.<\/p>\n<p style=\"text-align: justify;\">La velada contar\u00e1 tambi\u00e9n con una amplia representaci\u00f3n de personalidades del \u00e1mbito cultural, institucional y cinematogr\u00e1fico. Vinculados al mundo del cine, destacan <strong><b>Antonio Resines, Jorge Sanz, Antonio Panizza, Enrique del Pozo y el director del festival, Jorge Onieva.<\/b><\/strong>\u00a0Junto a ellos, representantes institucionales como la concejala de Hacienda del Ayuntamiento de Granada, <strong><b>Mar\u00eda Rosario Pallares; el delegado de Turismo de la Junta de Andaluc\u00eda en Granada, David Rodr\u00edguez; y el director de \u00c1rea de Negocio de CaixaBank, Jos\u00e9 Javier Rivas,<\/b><\/strong>\u00a0as\u00ed como numerosos empresarios del tejido econ\u00f3mico de la ciudad y figuras destacadas del \u00e1mbito art\u00edstico y cultural.<\/p>\n<p style=\"text-align: justify;\">El concierto inaugural reunir\u00e1 tambi\u00e9n a destacadas figuras de la cultura y el espect\u00e1culo, entre ellas <strong><b>Paolo Pinamonti, Natalia Arejo y Sof\u00eda Sieroni, los m\u00fasicos Alberto y Pablo Martos, los cantantes Iv\u00e1n Centenillo y V\u00edctor Segovia,<\/b><\/strong>\u00a0as\u00ed como los creadores de contenido Carmen de Granada y Gocho Gourmet. La gala ser\u00e1 presentada por Miss Espa\u00f1a 2009 y contar\u00e1 con la direcci\u00f3n art\u00edstica de<strong><b>\u00a0\u00c1ngel L\u00f3pez Carre\u00f1o<\/b><\/strong>\u00a0y el acompa\u00f1amiento musical de la Banda Municipal de Granada.<\/p>\n<h2 style=\"text-align: justify;\"><strong>Segunda jornada \u2013 22 de noviembre<\/strong><\/h2>\n<p style=\"text-align: justify;\">La programaci\u00f3n del s\u00e1bado comenzar\u00e1 a las <strong><b>10:00 horas<\/b><\/strong>\u00a0en el <strong><b>Hotel Meli\u00e1 <\/b><\/strong>con el taller profesional <em><i>Disfruta del casting<\/i><\/em>, impartido por las directoras de casting <strong><b>Natalia Ajero y Sof\u00eda Siveroni.<\/b><\/strong>\u00a0Pensado para actores y actrices que deseen perfeccionar su desempe\u00f1o en pruebas interpretativas, el taller propone dos jornadas de trabajo intensivo en las que los participantes grabar\u00e1n diversas escenas, recibir\u00e1n indicaciones individualizadas y afrontar\u00e1n situaciones similares a un casting profesional. El objetivo es reforzar la seguridad, mejorar la naturalidad ante la c\u00e1mara y potenciar las herramientas interpretativas necesarias para afrontar procesos de selecci\u00f3n con solvencia.<br \/>\nA partir del mediod\u00eda, los <strong><b>Cines Megarama del Centro Comercial Neptuno <\/b><\/strong>acoger\u00e1n varias sesiones dedicadas al talento emergente y a la producci\u00f3n local. Las proyecciones comenzar\u00e1n a las <strong><b>12:00 h<\/b><\/strong>\u00a0con una selecci\u00f3n de cortometrajes granadinos en clave de comedia, seguida a las <strong><b>12:30 h<\/b><\/strong>\u00a0por una cuidada muestra de cortos de animaci\u00f3n que destacan por su diversidad tem\u00e1tica y t\u00e9cnica. Por la tarde, a las <strong><b>16:00 h<\/b><\/strong>, se ofrecer\u00e1 una nueva sesi\u00f3n de cortometrajes granadinos que re\u00fane obras de sensibilidad variada y profundo arraigo creativo.<\/p>\n<p style=\"text-align: justify;\">La jornada culminar\u00e1 a las <strong><b>18:00 h<\/b><\/strong>\u00a0con una cita especialmente se\u00f1alada: la presentaci\u00f3n del largometraje <em><i>La reina de Espa\u00f1a<\/i><\/em>, dirigido por Fernando Trueba y protagonizado por <strong><b>Pen\u00e9lope Cruz<\/b><\/strong>, <strong><b>Antonio Resines<\/b><\/strong>, <strong><b>Jorge Sanz<\/b><\/strong>, <strong><b>Santiago Segura<\/b><\/strong>, <strong><b>Loles Le\u00f3n<\/b><\/strong>\u00a0y <strong><b>Rosa Mar\u00eda Sard\u00e1<\/b><\/strong>. El p\u00fablico tendr\u00e1 la oportunidad de reencontrarse con esta producci\u00f3n que rinde homenaje al cine dentro del cine, una obra luminosa, nost\u00e1lgica y profundamente cinematogr\u00e1fica. La presentaci\u00f3n contar\u00e1 con la participaci\u00f3n de Antonio Resines \u2014Premio de Honor Premios Lorca 2025\u2014 y Jorge Sanz, que compartir\u00e1n con los asistentes su experiencia en uno de los t\u00edtulos m\u00e1s representativos del cine espa\u00f1ol contempor\u00e1neo.<\/p>\n<p style=\"text-align: justify;\">\u00a0<\/p>\n<p>&nbsp;<\/p>\n","protected":false},"excerpt":{"rendered":"<p>El Festival Internacional de Cine de Granada \u2013 Premios Lorca inaugura su VI edici\u00f3n, que&#8230;<\/p>\n","protected":false},"author":1,"featured_media":80216,"comment_status":"closed","ping_status":"closed","sticky":false,"template":"","format":"standard","meta":{"_coblocks_attr":"","_coblocks_dimensions":"","_coblocks_responsive_height":"","_coblocks_accordion_ie_support":"","jetpack_post_was_ever_published":false,"_jetpack_newsletter_access":"","_jetpack_dont_email_post_to_subs":false,"_jetpack_newsletter_tier_id":0,"_jetpack_memberships_contains_paywalled_content":false,"_jetpack_memberships_contains_paid_content":false,"footnotes":"","jetpack_publicize_message":"","jetpack_publicize_feature_enabled":true,"jetpack_social_post_already_shared":true,"jetpack_social_options":{"image_generator_settings":{"template":"highway","default_image_id":0,"enabled":false},"version":2}},"categories":[1161,10781,44,6937],"tags":[],"class_list":["post-80214","post","type-post","status-publish","format-standard","has-post-thumbnail","hentry","category-ciudadania","category-granada","category-noticias-de-hoy","category-sociedad"],"jetpack_publicize_connections":[],"jetpack_featured_media_url":"https:\/\/i0.wp.com\/miradordeatarfe.es\/wp-content\/uploads\/2025\/11\/Screenshot-2025-11-21-at-11-56-26-Prensa-Festival-Internacional-de-Cine-Premios-Lorca-de-Granada.png?fit=383%2C276&ssl=1","jetpack_likes_enabled":true,"jetpack_sharing_enabled":true,"_links":{"self":[{"href":"https:\/\/miradordeatarfe.es\/index.php?rest_route=\/wp\/v2\/posts\/80214","targetHints":{"allow":["GET"]}}],"collection":[{"href":"https:\/\/miradordeatarfe.es\/index.php?rest_route=\/wp\/v2\/posts"}],"about":[{"href":"https:\/\/miradordeatarfe.es\/index.php?rest_route=\/wp\/v2\/types\/post"}],"author":[{"embeddable":true,"href":"https:\/\/miradordeatarfe.es\/index.php?rest_route=\/wp\/v2\/users\/1"}],"replies":[{"embeddable":true,"href":"https:\/\/miradordeatarfe.es\/index.php?rest_route=%2Fwp%2Fv2%2Fcomments&post=80214"}],"version-history":[{"count":1,"href":"https:\/\/miradordeatarfe.es\/index.php?rest_route=\/wp\/v2\/posts\/80214\/revisions"}],"predecessor-version":[{"id":80218,"href":"https:\/\/miradordeatarfe.es\/index.php?rest_route=\/wp\/v2\/posts\/80214\/revisions\/80218"}],"wp:featuredmedia":[{"embeddable":true,"href":"https:\/\/miradordeatarfe.es\/index.php?rest_route=\/wp\/v2\/media\/80216"}],"wp:attachment":[{"href":"https:\/\/miradordeatarfe.es\/index.php?rest_route=%2Fwp%2Fv2%2Fmedia&parent=80214"}],"wp:term":[{"taxonomy":"category","embeddable":true,"href":"https:\/\/miradordeatarfe.es\/index.php?rest_route=%2Fwp%2Fv2%2Fcategories&post=80214"},{"taxonomy":"post_tag","embeddable":true,"href":"https:\/\/miradordeatarfe.es\/index.php?rest_route=%2Fwp%2Fv2%2Ftags&post=80214"}],"curies":[{"name":"wp","href":"https:\/\/api.w.org\/{rel}","templated":true}]}}