{"id":80219,"date":"2025-11-23T10:03:34","date_gmt":"2025-11-23T09:03:34","guid":{"rendered":"https:\/\/miradordeatarfe.es\/?p=80219"},"modified":"2025-11-21T12:06:58","modified_gmt":"2025-11-21T11:06:58","slug":"carta-abierta-al-tribunal-supremo","status":"publish","type":"post","link":"https:\/\/miradordeatarfe.es\/?p=80219","title":{"rendered":"Carta abierta al Tribunal Supremo"},"content":{"rendered":"<h3 style=\"text-align: justify;\">A la atenci\u00f3n de los magistrados y magistradas de la Sala de lo Penal del Tribunal Supremo:<\/h3>\n<p style=\"text-align: justify;\">Se\u00f1or\u00edas,<\/p>\n<p style=\"text-align: justify;\">Les escribo desde la incredulidad c\u00edvica y desde la obligaci\u00f3n \u00e9tica que tenemos quienes ejercemos el periodismo como un servicio p\u00fablico. El pa\u00eds ha asistido hoy a una sentencia que no solo marca un antes y un despu\u00e9s en la Fiscal\u00eda General del Estado. Marca, sobre todo, un antes y un despu\u00e9s en la confianza (ya gravemente deteriorada) de la ciudadan\u00eda en la imparcialidad de sus instituciones.<\/p>\n<p style=\"text-align: justify;\">Reconozco que la palabra \u201cimpensable\u201d se ha desgastado. Pero pocas veces hab\u00eda resultado tan pertinente como al ver c\u00f3mo un tribunal que durante a\u00f1os ha mostrado una flexibilidad sorprendente con determinados poderes y una severidad casi ritual con otros decide inhabilitar durante dos a\u00f1os al fiscal general del Estado por un delito sin pruebas s\u00f3lidas, sin indicios consistentes y con dos votos particulares que, pr\u00e1cticamente, desmontan la tesis de la Sala.<\/p>\n<p style=\"text-align: justify;\">No les escribo para discutir doctrina penal. Les escribo porque ustedes no administran solo justicia. Administran tambi\u00e9n s\u00edmbolos. Y hoy, con esta resoluci\u00f3n, han elegido un s\u00edmbolo devastador: la idea de que enfrentarse a una mentira organizada desde un entorno pol\u00edtico poderoso tiene un precio judicial. Que desmentir un bulo puede costarle a un fiscal general su carrera. Que quien intenta frenar la intoxicaci\u00f3n informativa contra un funcionario p\u00fablico puede acabar convertido en sospechoso por el simple hecho de ocupar el despacho equivocado, en el momento equivocado y frente a los intereses equivocados.<\/p>\n<p style=\"text-align: justify;\">Durante el juicio se escuch\u00f3 de todo, y casi nada acreditaba la autor\u00eda atribuida a Garc\u00eda Ortiz. Se oyeron afirmaciones sin fuentes, como la ya c\u00e9lebre confesi\u00f3n del se\u00f1or Miguel \u00c1ngel Rodr\u00edguez. Se oyeron conjeturas. Se escuch\u00f3 a la UCO construir una acusaci\u00f3n sobre la base de que quien dirige una instituci\u00f3n \u201cdomina\u201d una situaci\u00f3n y, por tanto, se convierte en sospechoso principal por pura posici\u00f3n jer\u00e1rquica. Se vieron informes incompletos, recortes de mensajes, omisiones significativas. Y ustedes saben que la justicia no puede edificarse sobre silencios t\u00e1cticos ni sobre deducciones de mando.<\/p>\n<p style=\"text-align: justify;\">Sin embargo, Se\u00f1or\u00edas, el resultado ha sido una condena ejemplarizante. No hacia quien filtr\u00f3 informaci\u00f3n, sino hacia quien se atrevi\u00f3 a sostener la versi\u00f3n que desmontaba el bulo de un entorno que lleva a\u00f1os utilizando la mentira como m\u00e9todo de trabajo, como arma pol\u00edtica y como estrategia de desgaste institucional.<\/p>\n<p style=\"text-align: justify;\">Lo que ustedes han avalado hoy (con dos magistradas neg\u00e1ndose a firmar la conclusi\u00f3n mayoritaria) es una victoria para la f\u00e1brica de la manipulaci\u00f3n. Y es tambi\u00e9n un recordatorio de que, en esta democracia fatigada, la justicia parece capaz de mirar con lupa quir\u00fargica a quienes incomodan al poder, y con prism\u00e1ticos al rev\u00e9s a quienes lo detentan.<\/p>\n<p style=\"text-align: justify;\">No es casualidad que esta sentencia llegue justo en un momento en que el debate p\u00fablico depende cada vez m\u00e1s de narrativas t\u00f3xicas, de campa\u00f1as de intoxicaci\u00f3n y de aparatos comunicativos dise\u00f1ados para blindar impunidad. El mensaje que se desprende es claro: si intentas frenar un bulo con hechos, la sospecha recaer\u00e1 sobre ti. Si te atreves a se\u00f1alar la mentira, la maquinaria te aplastar\u00e1. Si ocupas un cargo institucional y no satisfaces los intereses del bloque medi\u00e1tico-pol\u00edtico dominante, el sistema encontrar\u00e1 una acusaci\u00f3n lo bastante el\u00e1stica como para derribarte.<\/p>\n<p style=\"text-align: justify;\">Ustedes, Se\u00f1or\u00edas, han decidido convertir una controversia pol\u00edtica en una condena penal. Han decidido que la duda razonable no merece espacio. Han decidido que la palabra de quienes reconocen inventar bulos pesa m\u00e1s que la ausencia de pruebas. Y han decidido que los votos particulares (tan s\u00f3lidos, tan argumentados) ser\u00e1n un ap\u00e9ndice, no un l\u00edmite.<\/p>\n<p style=\"text-align: justify;\">No les escribo para pedir rectificaciones. Les escribo para asumir con claridad p\u00fablica lo que ustedes parecen haber olvidado: una democracia no solo se erosiona cuando fallan los gobiernos. Se erosiona tambi\u00e9n cuando sus tribunales desatienden la prudencia, ignoran la falta de prueba y permiten que el relato suplante a los hechos.<\/p>\n<p style=\"text-align: justify;\">Ustedes han elegido enviar un mensaje al pa\u00eds. Yo solo dejo constancia del m\u00edo: lo que hoy han firmado pasar\u00e1 a los libros no como un ejemplo de justicia, sino como un episodio de rendici\u00f3n institucional ante el ruido, la presi\u00f3n y la pol\u00edtica del miedo.<\/p>\n<p style=\"text-align: justify;\">Atentamente,<\/p>\n<p>Javier F. Ferrero <br \/>\nDirector de Spanish Revolution.<\/p>\n","protected":false},"excerpt":{"rendered":"<p>A la atenci\u00f3n de los magistrados y magistradas de la Sala de lo Penal del&#8230;<\/p>\n","protected":false},"author":1,"featured_media":80220,"comment_status":"closed","ping_status":"closed","sticky":false,"template":"","format":"standard","meta":{"_coblocks_attr":"","_coblocks_dimensions":"","_coblocks_responsive_height":"","_coblocks_accordion_ie_support":"","jetpack_post_was_ever_published":false,"_jetpack_newsletter_access":"","_jetpack_dont_email_post_to_subs":false,"_jetpack_newsletter_tier_id":0,"_jetpack_memberships_contains_paywalled_content":false,"_jetpack_memberships_contains_paid_content":false,"footnotes":"","jetpack_publicize_message":"","jetpack_publicize_feature_enabled":true,"jetpack_social_post_already_shared":true,"jetpack_social_options":{"image_generator_settings":{"template":"highway","default_image_id":0,"enabled":false},"version":2}},"categories":[1161,44,7671],"tags":[],"class_list":["post-80219","post","type-post","status-publish","format-standard","has-post-thumbnail","hentry","category-ciudadania","category-noticias-de-hoy","category-politica"],"jetpack_publicize_connections":[],"jetpack_featured_media_url":"https:\/\/i0.wp.com\/miradordeatarfe.es\/wp-content\/uploads\/2025\/11\/DSC_1420.jpg?fit=1181%2C787&ssl=1","jetpack_likes_enabled":true,"jetpack_sharing_enabled":true,"_links":{"self":[{"href":"https:\/\/miradordeatarfe.es\/index.php?rest_route=\/wp\/v2\/posts\/80219","targetHints":{"allow":["GET"]}}],"collection":[{"href":"https:\/\/miradordeatarfe.es\/index.php?rest_route=\/wp\/v2\/posts"}],"about":[{"href":"https:\/\/miradordeatarfe.es\/index.php?rest_route=\/wp\/v2\/types\/post"}],"author":[{"embeddable":true,"href":"https:\/\/miradordeatarfe.es\/index.php?rest_route=\/wp\/v2\/users\/1"}],"replies":[{"embeddable":true,"href":"https:\/\/miradordeatarfe.es\/index.php?rest_route=%2Fwp%2Fv2%2Fcomments&post=80219"}],"version-history":[{"count":1,"href":"https:\/\/miradordeatarfe.es\/index.php?rest_route=\/wp\/v2\/posts\/80219\/revisions"}],"predecessor-version":[{"id":80221,"href":"https:\/\/miradordeatarfe.es\/index.php?rest_route=\/wp\/v2\/posts\/80219\/revisions\/80221"}],"wp:featuredmedia":[{"embeddable":true,"href":"https:\/\/miradordeatarfe.es\/index.php?rest_route=\/wp\/v2\/media\/80220"}],"wp:attachment":[{"href":"https:\/\/miradordeatarfe.es\/index.php?rest_route=%2Fwp%2Fv2%2Fmedia&parent=80219"}],"wp:term":[{"taxonomy":"category","embeddable":true,"href":"https:\/\/miradordeatarfe.es\/index.php?rest_route=%2Fwp%2Fv2%2Fcategories&post=80219"},{"taxonomy":"post_tag","embeddable":true,"href":"https:\/\/miradordeatarfe.es\/index.php?rest_route=%2Fwp%2Fv2%2Ftags&post=80219"}],"curies":[{"name":"wp","href":"https:\/\/api.w.org\/{rel}","templated":true}]}}