{"id":80237,"date":"2025-11-28T10:00:10","date_gmt":"2025-11-28T09:00:10","guid":{"rendered":"https:\/\/miradordeatarfe.es\/?p=80237"},"modified":"2025-11-23T19:31:05","modified_gmt":"2025-11-23T18:31:05","slug":"el-nuevo-borrador-de-la-cop30-omite-el-abandono-de-combustibles-fosiles-y-espana-lo-rechaza","status":"publish","type":"post","link":"https:\/\/miradordeatarfe.es\/?p=80237","title":{"rendered":"El nuevo borrador de la COP30 omite el abandono de combustibles f\u00f3siles y Espa\u00f1a lo rechaza"},"content":{"rendered":"<h3 style=\"text-align: justify;\">Movimientos sociales denuncian el oscurantismo con el que se han llevado a cabo las negociaciones de los \u00faltimos d\u00edas y lamentan, como tambi\u00e9n lo hacen 36 pa\u00edses, la falta de ambici\u00f3n clim\u00e1tica de los textos.<\/h3>\n<div id=\"body-modules\" class=\"body-modules w-full\">\n<p class=\"paragraph text-xl pb-7 w-full text-pretty [&amp;_a]:text-link-normal dark:[&amp;_a]:text-link-dark [&amp;_a]:decoration-1 [&amp;_a:hover]:underline [&amp;_a:hover]:text-link-hover [&amp;_a:hover]:decoration-2 [&amp;_b_a]:text-link-normal dark:[&amp;_b_a]:text-link-dark [&amp;_b_a]:decoration-1 [&amp;_b_a:hover]:underline [&amp;_b_a:hover]:text-link-hover desktop:leading-relaxed break-words font-serif\" style=\"text-align: justify;\" data-original-text-size=\"text-xl\">La presidencia de la COP30, celebrada en Brasil, ha publicado en la madrugada de este viernes <a title=\"Compromisos con el clima: de \u2018Lo impensable\u2019 a \u2018Lo imprescindible\u2019\" href=\"https:\/\/elasombrario.publico.es\/compromisos-con-el-clima-de-lo-impensable-a-lo-imprescindible\/\" rel=\"nofollow noreferrer\">los nuevos borradores negociados entre los 195 pa\u00edses presentes en el encuentro<\/a>. Los ojos estaban puestos en el\u00a0<i>Mutir\u00e3o<\/i>\u00a0(esfuerzo colectivo). Este texto omite menciones a <b>la hoja de ruta para poner fin a los combustibles f\u00f3siles<\/b>, uno de los compromisos claves de esta cumbre que pretend\u00eda concretar el compromiso pactado hace ya dos a\u00f1os, en la <a title=\"Los pa\u00edses ricos se refugian en un lenguaje ambiguo para salirse con la suya en la recta final de la COP30\" href=\"https:\/\/www.publico.es\/sociedad\/m-ambiente\/paises-ricos-refugian-lenguaje-ambiguo-salirse-suya-recta-final-cop30.html\">COP28 de Dub\u00e1i<\/a>. El borrador, todav\u00eda susceptible de cambios, ha recibido el rechazo de <b>Espa\u00f1a<\/b> y otros 35 pa\u00edses, as\u00ed como de los movimientos de la sociedad civil.<\/p>\n<p class=\"paragraph text-xl pb-7 w-full text-pretty [&amp;_a]:text-link-normal dark:[&amp;_a]:text-link-dark [&amp;_a]:decoration-1 [&amp;_a:hover]:underline [&amp;_a:hover]:text-link-hover [&amp;_a:hover]:decoration-2 [&amp;_b_a]:text-link-normal dark:[&amp;_b_a]:text-link-dark [&amp;_b_a]:decoration-1 [&amp;_b_a:hover]:underline [&amp;_b_a:hover]:text-link-hover desktop:leading-relaxed break-words font-serif\" style=\"text-align: justify;\" data-original-text-size=\"text-xl\">En una carta a la presidencia, los pa\u00edses remarcan que \u00abno podemos apoyar un resultado que no incluya una hoja de ruta para implementar <a title=\"Los l\u00edderes mundiales se juegan la credibilidad de la COP30 ante el avance del colapso clim\u00e1tico\" href=\"https:\/\/www.publico.es\/sociedad\/m-ambiente\/lideres-mundiales-juegan-credibilidad-cop30-avance-colapso-climatico.html\">una transici\u00f3n justa, ordenada y equitativa que nos aleje de los combustibles f\u00f3siles<\/a>\u00ab.\u00a0\u00abEl mundo espera que esta COP demuestre continuidad y progreso tras el<b> Balance Global<\/b>. Cualquier cosa que no sea eso <b>se considerar\u00eda inevitablemente un paso atr\u00e1s<\/b>\u00ab, a\u00f1ade la misiva.\u00a0Adem\u00e1s, solicitan \u00abrespetuosamente, pero con firmeza\u00bb una propuesta revisada que refleje las opiniones de la mayor\u00eda y que restablezca \u00ab<b>el equilibrio, la ambici\u00f3n y la credibilidad del proces<\/b>o\u00bb. En este sentido, recuerdan que est\u00e1n dispuestos a \u00abcolaborar constructivamente\u00bb para lograr ese resultado.<\/p>\n<p class=\"paragraph text-xl pb-7 w-full text-pretty [&amp;_a]:text-link-normal dark:[&amp;_a]:text-link-dark [&amp;_a]:decoration-1 [&amp;_a:hover]:underline [&amp;_a:hover]:text-link-hover [&amp;_a:hover]:decoration-2 [&amp;_b_a]:text-link-normal dark:[&amp;_b_a]:text-link-dark [&amp;_b_a]:decoration-1 [&amp;_b_a:hover]:underline [&amp;_b_a:hover]:text-link-hover desktop:leading-relaxed break-words font-serif\" style=\"text-align: justify;\" data-original-text-size=\"text-xl\">Adem\u00e1s de Espa\u00f1a, tambi\u00e9n han firmado la carta Austria, B\u00e9lgica, Bulgaria, Chile, Colombia, Costa Rica, Croacia, Chequia, Dinamarca, Estonia, Fiyi, Finlandia, Francia, Georgia, Alemania, Guatemala, Honduras, Islandia, Irlanda, Kenia, Liechtenstein, Luxemburgo, Islas Marshall, M\u00e9xico, M\u00f3naco, Pa\u00edses Bajos, Panam\u00e1, Palaos, Rep\u00fablica de Corea, Eslovenia, Suecia, Suiza, Tuvalu, Reino Unido y Vanuatu.<\/p>\n<h2 class=\"highlighted pt-5 pb-3 font-sans font-bold text-xl2 text-balance desktop:text-pretty leading-tight break-words\" style=\"text-align: justify;\" data-original-text-size=\"text-xl2\">\u00bfQu\u00e9 dice el \u00faltimo texto propuesto?<\/h2>\n<p class=\"paragraph text-xl pb-7 w-full text-pretty [&amp;_a]:text-link-normal dark:[&amp;_a]:text-link-dark [&amp;_a]:decoration-1 [&amp;_a:hover]:underline [&amp;_a:hover]:text-link-hover [&amp;_a:hover]:decoration-2 [&amp;_b_a]:text-link-normal dark:[&amp;_b_a]:text-link-dark [&amp;_b_a]:decoration-1 [&amp;_b_a:hover]:underline [&amp;_b_a:hover]:text-link-hover desktop:leading-relaxed break-words font-serif\" style=\"text-align: justify;\" data-original-text-size=\"text-xl\">El borrador reconoce \u00abla necesidad de adoptar medidas urgentes y prestar apoyo para lograr reducciones profundas, r\u00e1pidas y sostenidas de las emisiones de gases de efecto invernadero en consonancia con las trayectorias de 1,5 \u00b0C\u00bb y se\u00f1ala que \u00ab<b>la financiaci\u00f3n, la creaci\u00f3n de capacidad y la transferencia de tecnolog\u00eda<\/b> son factores fundamentales para la acci\u00f3n clim\u00e1tica\u00bb. Entre las decisiones espec\u00edficas que incluye el texto, figura el lanzamiento de un <b>Acelerador de la Implementaci\u00f3n Global<\/b> \u00abpara mantener el objetivo de 1,5 \u00b0C y apoyar a los pa\u00edses en <a title=\"La ONU alerta de que la temperatura subir\u00e1 3\u00baC este siglo con las actuales pol\u00edticas clim\u00e1ticas\" href=\"https:\/\/www.publico.es\/sociedad\/onu-alerta-temperatura-subira-3oc-siglo-actuales-politicas-climaticas.html\">la aplicaci\u00f3n de sus contribuciones determinadas a nivel nacional<\/a> (NDC, por sus siglas en ingl\u00e9s) y sus planes nacionales de adaptaci\u00f3n\u00bb.\u00a0<\/p>\n<p class=\"paragraph text-xl pb-7 w-full text-pretty [&amp;_a]:text-link-normal dark:[&amp;_a]:text-link-dark [&amp;_a]:decoration-1 [&amp;_a:hover]:underline [&amp;_a:hover]:text-link-hover [&amp;_a:hover]:decoration-2 [&amp;_b_a]:text-link-normal dark:[&amp;_b_a]:text-link-dark [&amp;_b_a]:decoration-1 [&amp;_b_a:hover]:underline [&amp;_b_a:hover]:text-link-hover desktop:leading-relaxed break-words font-serif\" style=\"text-align: justify;\" data-original-text-size=\"text-xl\">El texto tambi\u00e9n propone \u00abimpulsar urgentemente medidas que permitan <b>aumentar la financiaci\u00f3n destinada a la acci\u00f3n clim\u00e1tica de los pa\u00edses en desarrollo<\/b>, procedente de todas las fuentes p\u00fablicas y privadas, hasta <a title=\"Ninguno de los 70 pa\u00edses m\u00e1s ricos cumple con sus objetivos para frenar el calentamiento global\" href=\"https:\/\/www.publico.es\/economia\/ninguno-70-paises-ricos-cumple-objetivos-frenar-calentamiento-global.html\">alcanzar al menos 1,3 billones de d\u00f3lares al a\u00f1o para 2035<\/a>\u00ab. Asimismo, destaca \u00abla urgente necesidad de seguir avanzando hacia el objetivo de <b>movilizar al menos 300.000 millones de d\u00f3lares al a\u00f1o hasta 2035<\/b> para la acci\u00f3n clim\u00e1tica en los pa\u00edses en desarrollo, con los pa\u00edses desarrollados a la cabeza\u00bb.<\/p>\n<h2 class=\"highlighted pt-5 pb-3 font-sans font-bold text-xl2 text-balance desktop:text-pretty leading-tight break-words\" style=\"text-align: justify;\" data-original-text-size=\"text-xl2\">Un borrador \u00abdecepcionante\u00bb<\/h2>\n<p class=\"paragraph text-xl pb-7 w-full text-pretty [&amp;_a]:text-link-normal dark:[&amp;_a]:text-link-dark [&amp;_a]:decoration-1 [&amp;_a:hover]:underline [&amp;_a:hover]:text-link-hover [&amp;_a:hover]:decoration-2 [&amp;_b_a]:text-link-normal dark:[&amp;_b_a]:text-link-dark [&amp;_b_a]:decoration-1 [&amp;_b_a:hover]:underline [&amp;_b_a:hover]:text-link-hover desktop:leading-relaxed break-words font-serif\" style=\"text-align: justify;\" data-original-text-size=\"text-xl\">El comisario europeo de Clima, <b>Wopke Hoekstra<\/b>, a\u00f1ade que los borradores presentados \u00abdecepcionan\u00bb. A su juicio, \u00abdistan mucho\u00bb de la ambici\u00f3n necesaria en materia de <a title=\"Brasil, COP30 y la paradoja extractivista\" href=\"https:\/\/www.publico.es\/opinion\/columnas\/brasil-cop30-paradoja-extractivista.html\">mitigaci\u00f3n contra el cambio clim\u00e1tico<\/a>. \u00abEstamos dispuestos a ser ambiciosos en materia de adaptaci\u00f3n, pero queremos dejar claro que cualquier referencia a la financiaci\u00f3n debe enmarcarse claramente en el compromiso adquirido el a\u00f1o pasado\u00bb. Se refiere de este modo al\u00a0<a title=\"\" href=\"https:\/\/www.publico.es\/sociedad\/contamina-paga-brecha-norte-sur-determina-gran-reto-financiacion-cop29.html\">Nuevo Objetivo Colectivo Cuantificado<\/a>\u00a0(<b>NCQG<\/b>, por sus siglas en ingl\u00e9s), el instrumento financiero que desde 2025 sustituye al <b>Fondo Verde para el Clima<\/b>.<\/p>\n<p class=\"paragraph text-xl pb-7 w-full text-pretty [&amp;_a]:text-link-normal dark:[&amp;_a]:text-link-dark [&amp;_a]:decoration-1 [&amp;_a:hover]:underline [&amp;_a:hover]:text-link-hover [&amp;_a:hover]:decoration-2 [&amp;_b_a]:text-link-normal dark:[&amp;_b_a]:text-link-dark [&amp;_b_a]:decoration-1 [&amp;_b_a:hover]:underline [&amp;_b_a:hover]:text-link-hover desktop:leading-relaxed break-words font-serif\" style=\"text-align: justify;\" data-original-text-size=\"text-xl\">\u00abLas propuestas de triplicar la financiaci\u00f3n para la adaptaci\u00f3n y establecer un programa de trabajo sobre la financiaci\u00f3n clim\u00e1tica no son lo suficientemente s\u00f3lidas\u00bb, critica en un comunicado <b>Rebecca Newsom<\/b>, experta en pol\u00edtica financiera de <b>Greenpeace Internacional<\/b>. \u00abUna vez m\u00e1s, los pa\u00edses vulnerables se ven obligados a hacer frente a los <a title=\"Ignorancia o complicidad ante la crisis clim\u00e1tica\" href=\"https:\/\/www.publico.es\/opinion\/columnas\/ignorancia-complicidad-crisis-climatica.html\">crecientes impactos del cambio clim\u00e1tico<\/a> sin planes que garanticen la financiaci\u00f3n p\u00fablica que necesitan, <b>sin impuestos a la industria de los combustibles f\u00f3siles<\/b> y sin poner fin a las subvenciones a los mayores contaminadores\u00bb.<\/p>\n<div class=\"related-intext bg-warm-gray-100 px-5 -mx-5 py-5 mb-10 desktop:bg-lightmode desktop:border-t-2 desktop:border-b-2 desktop:border-warm-gray-300 desktop:dark:border-cold-gray-500 desktop:mx-0 desktop:px-1 desktop:mt-6 desktop:mb-12 dark:bg-cold-gray-700 dark:desktop:bg-darkmode\" style=\"text-align: justify;\">\n<div class=\"pb-2 text-xl4 font-serif\">\n<article class=\"flex result-page listing-item\"><a class=\"page-link hidden desktop:block w-28 min-w-28 ml-auto desktop:w-48 desktop:min-w-48\" href=\"https:\/\/www.publico.es\/internacional\/america-latina\/reabren-cop30-seis-horas-suspension-negociaciones-incendio.html\"><picture class=\"relative z-10 object-cover aspect-square desktop:aspect-interior\"><img data-recalc-dims=\"1\" loading=\"lazy\" decoding=\"async\" class=\"alignleft\" title=\"Incendio en la COP30\" src=\"https:\/\/i0.wp.com\/www.publico.es\/files\/image_horizontal_mobile\/uploads\/2025\/11\/21\/6920177883d58.jpeg?resize=380%2C214&#038;ssl=1\" alt=\"Incendio en el pabell\u00f3n donde se celebraban las negociaciones de la COP30 de Belem.\" width=\"380\" height=\"214\" data-full-src=\"https:\/\/www.publico.es\/uploads\/2025\/11\/21\/6920177883d58.jpeg\" \/><\/picture><\/a><\/article>\n<\/div>\n<\/div>\n<p class=\"paragraph text-xl pb-7 w-full text-pretty [&amp;_a]:text-link-normal dark:[&amp;_a]:text-link-dark [&amp;_a]:decoration-1 [&amp;_a:hover]:underline [&amp;_a:hover]:text-link-hover [&amp;_a:hover]:decoration-2 [&amp;_b_a]:text-link-normal dark:[&amp;_b_a]:text-link-dark [&amp;_b_a]:decoration-1 [&amp;_b_a:hover]:underline [&amp;_b_a:hover]:text-link-hover desktop:leading-relaxed break-words font-serif\" style=\"text-align: justify;\" data-original-text-size=\"text-xl\">En declaraciones a los medios, el responsable de Energ\u00eda y Clima de<b> Ecologistas en Acci\u00f3n <\/b>y presente en Bel\u00e9m, <b>Javier Andaluz<\/b>, denuncia la opacidad con la que se han llevado a cabo las negociaciones. <b>Estas \u00abhan sido las m\u00e1s oscuras que hemos tenido en la historia<\/b>, con una presidenca brasile\u00f1a que no ha reportado fuera mediante textos\u00bb para que <a title=\"Los pa\u00edses ricos se refugian en un lenguaje ambiguo para salirse con la suya en la recta final de la COP30\" href=\"https:\/\/www.publico.es\/sociedad\/m-ambiente\/paises-ricos-refugian-lenguaje-ambiguo-salirse-suya-recta-final-cop30.html\">las organizaciones de la sociedad civil pudieran evaluarlos <\/a>y hacer un seguimiento de los mismos. Insiste en que esta \u00abno es la manera de proceder\u00bb y defiende que las voces de los movimientos sociales tambi\u00e9n deben contar en este proceso.<\/p>\n<p class=\"paragraph text-xl pb-7 w-full text-pretty [&amp;_a]:text-link-normal dark:[&amp;_a]:text-link-dark [&amp;_a]:decoration-1 [&amp;_a:hover]:underline [&amp;_a:hover]:text-link-hover [&amp;_a:hover]:decoration-2 [&amp;_b_a]:text-link-normal dark:[&amp;_b_a]:text-link-dark [&amp;_b_a]:decoration-1 [&amp;_b_a:hover]:underline [&amp;_b_a:hover]:text-link-hover desktop:leading-relaxed break-words font-serif\" style=\"text-align: justify;\" data-original-text-size=\"text-xl\">En cuanto al\u00a0<i>Mutir\u00e3o <\/i>presentado, Andaluz tambi\u00e9n lamenta que los elementos incluidos \u00abno suponen ning\u00fan avance real dentro de las negociaciones\u00bb y se suma a las cr\u00edticas realizadas en cuanto a la omisi\u00f3n del abandono de los combustibles f\u00f3siles. \u00ab<b>No podemos estar celebrando los diez a\u00f1os del Acuerdo Par\u00eds\u00bb<\/b>, remarca. \u00abQuedan horas de negociaci\u00f3n. Exigimos salir de aqu\u00ed con <a title=\"Reabren la COP30 tras seis horas de suspensi\u00f3n de las negociaciones por un incendio\" href=\"https:\/\/www.publico.es\/internacional\/america-latina\/reabren-cop30-seis-horas-suspension-negociaciones-incendio.html\">un mapa que sea capaz de avanzar <\/a>o de tener una propuesta m\u00e1s clara sobre c\u00f3mo vamos a abordar el di\u00e1logo para poner fin a los combustibles f\u00f3siles\u00bb, concluye.<\/p>\n<ul class=\"inline text-xl font-bold mb-2 desktop:mb-0\" data-original-text-size=\"text-xl\">\n<li class=\"inline text-xl font-bold\"><strong><a title=\"Listado de noticias de P\u00fablico \" href=\"https:\/\/www.publico.es\/author\/publico\">P\u00fablico <\/a><span class=\"mx-1.5\">\/<\/span><\/strong><a title=\"Listado de noticias de Agencias \" href=\"https:\/\/www.publico.es\/author\/agencias\"><strong>Agencias<\/strong> <\/a><\/li>\n<\/ul>\n<p>FOTO:\u00e7<span class=\"image-description\" title=\"Caricaturas de Javier Milei y Donald Trump durante una protesta de Oxfam en la COP30, a 20 de noviembre de 2025, en Bel\u00e9m (Brasil).\">aricaturas de Javier Milei y Donald Trump durante una protesta de Oxfam en la COP30, a 20 de noviembre de 2025, en Bel\u00e9m (Brasil).<\/span><strong class=\"author ml-1.5\" title=\"EFE\/ Andre Borges\">EFE\/ Andre Borges<\/strong><\/p>\n<p>https:\/\/www.publico.es\/sociedad\/m-ambiente\/nuevo-borrador-cop30-omite-abandono-combustibles-fosiles-espana-rechaza.html<\/p>\n<\/div>\n","protected":false},"excerpt":{"rendered":"<p>Movimientos sociales denuncian el oscurantismo con el que se han llevado a cabo las negociaciones&#8230;<\/p>\n","protected":false},"author":1,"featured_media":80238,"comment_status":"closed","ping_status":"closed","sticky":false,"template":"","format":"standard","meta":{"_coblocks_attr":"","_coblocks_dimensions":"","_coblocks_responsive_height":"","_coblocks_accordion_ie_support":"","jetpack_post_was_ever_published":false,"_jetpack_newsletter_access":"","_jetpack_dont_email_post_to_subs":false,"_jetpack_newsletter_tier_id":0,"_jetpack_memberships_contains_paywalled_content":false,"_jetpack_memberships_contains_paid_content":false,"footnotes":"","jetpack_publicize_message":"","jetpack_publicize_feature_enabled":true,"jetpack_social_post_already_shared":true,"jetpack_social_options":{"image_generator_settings":{"template":"highway","default_image_id":0,"enabled":false},"version":2}},"categories":[10804,1161,44,7671],"tags":[],"class_list":["post-80237","post","type-post","status-publish","format-standard","has-post-thumbnail","hentry","category-cambio-climatico","category-ciudadania","category-noticias-de-hoy","category-politica"],"jetpack_publicize_connections":[],"jetpack_featured_media_url":"https:\/\/i0.wp.com\/miradordeatarfe.es\/wp-content\/uploads\/2025\/11\/6920603aafdeb.jpeg?fit=990%2C557&ssl=1","jetpack_likes_enabled":true,"jetpack_sharing_enabled":true,"_links":{"self":[{"href":"https:\/\/miradordeatarfe.es\/index.php?rest_route=\/wp\/v2\/posts\/80237","targetHints":{"allow":["GET"]}}],"collection":[{"href":"https:\/\/miradordeatarfe.es\/index.php?rest_route=\/wp\/v2\/posts"}],"about":[{"href":"https:\/\/miradordeatarfe.es\/index.php?rest_route=\/wp\/v2\/types\/post"}],"author":[{"embeddable":true,"href":"https:\/\/miradordeatarfe.es\/index.php?rest_route=\/wp\/v2\/users\/1"}],"replies":[{"embeddable":true,"href":"https:\/\/miradordeatarfe.es\/index.php?rest_route=%2Fwp%2Fv2%2Fcomments&post=80237"}],"version-history":[{"count":1,"href":"https:\/\/miradordeatarfe.es\/index.php?rest_route=\/wp\/v2\/posts\/80237\/revisions"}],"predecessor-version":[{"id":80239,"href":"https:\/\/miradordeatarfe.es\/index.php?rest_route=\/wp\/v2\/posts\/80237\/revisions\/80239"}],"wp:featuredmedia":[{"embeddable":true,"href":"https:\/\/miradordeatarfe.es\/index.php?rest_route=\/wp\/v2\/media\/80238"}],"wp:attachment":[{"href":"https:\/\/miradordeatarfe.es\/index.php?rest_route=%2Fwp%2Fv2%2Fmedia&parent=80237"}],"wp:term":[{"taxonomy":"category","embeddable":true,"href":"https:\/\/miradordeatarfe.es\/index.php?rest_route=%2Fwp%2Fv2%2Fcategories&post=80237"},{"taxonomy":"post_tag","embeddable":true,"href":"https:\/\/miradordeatarfe.es\/index.php?rest_route=%2Fwp%2Fv2%2Ftags&post=80237"}],"curies":[{"name":"wp","href":"https:\/\/api.w.org\/{rel}","templated":true}]}}