{"id":80240,"date":"2025-11-23T10:10:05","date_gmt":"2025-11-23T09:10:05","guid":{"rendered":"https:\/\/miradordeatarfe.es\/?p=80240"},"modified":"2025-11-21T19:17:37","modified_gmt":"2025-11-21T18:17:37","slug":"25n-el-feminismo-marcha-en-granada","status":"publish","type":"post","link":"https:\/\/miradordeatarfe.es\/?p=80240","title":{"rendered":"25N EL FEMINISMO MARCHA EN GRANADA"},"content":{"rendered":"<h3 style=\"text-align: justify;\">El feminismo marcha en Granada, con la mirada puesta en Palestina, contra las violencias machistas.De nuevo unidos los dos grandes colectivos que agrupan a las mujeres feministas, la manifestaci\u00f3n del <span style=\"color: #800000;\">25N de este a\u00f1o cambia de recorrido y partir\u00e1 de la Fuente de las Batallas para finalizar en el Triunfo.\u00a0<\/span><\/h3>\n<div class=\"cuerpo\">\n<p style=\"text-align: justify;\">El movimiento feminista de Granada marchar\u00e1 el pr\u00f3ximo 25N, con la mirada puesta en Palestina, contra las violencias machistas y para reivindicar la necesidad de resistencia para frenar el \u00abavance ultraconservador\u00bb. De nuevo unidos los dos grandes colectivos que integran a las asociaciones feministas, la Plataforma 8M\/25N y Espacio Feminista Unitario de Gran\u00e1, la manifestaci\u00f3n de este a\u00f1o cambia de recorrido. As\u00ed, partir\u00e1 a las 18.00 horas de la Fuente de las Batallas y finalizar\u00e1 en el Triunfo, donde la fuente tendr\u00e1 agua violeta.<\/p>\n<p style=\"text-align: justify;\">Son aspectos de la intendencia de una manifestaci\u00f3n importante en el que las feministas de Granada prefieren aparcar diferencias y aspectos que no comparten para demostrar, un a\u00f1o m\u00e1s, la fuerza de las mujeres unidas.\u00a0<\/p>\n<p style=\"text-align: justify;\">\u00abDe Gran\u00e1 a Palestina. Contra las violencias machistas: resistencias y acciones feministas\u00bb es el potente lema de este a\u00f1o.\u00a0<\/p>\n<p style=\"text-align: justify;\">En Espa\u00f1a desde 2003, 1.333 mujeres han sido asesinadas por sus parejas o exparejas. Durante este a\u00f1o, los homicidios por raz\u00f3n de g\u00e9nero se elevan a 38 mujeres a los que se suman los 3 menores asesinados por sus progenitores (65 desde 2013). Y 20 ni\u00f1as y ni\u00f1os han quedado en situaci\u00f3n de orfandad este a\u00f1o (489 desde 2013) por<\/p>\n<div class=\"divdest\" style=\"text-align: justify;\">\n<div class=\"media media-element-container media-default\">\n<div id=\"file-121218\" class=\"file file-image file-image-jpeg\">\n<div class=\"content\"><img data-recalc-dims=\"1\" loading=\"lazy\" decoding=\"async\" class=\"media-element file-default\" src=\"https:\/\/i0.wp.com\/www.elindependientedegranada.es\/sites\/default\/files\/de_grana_a_palestina.jpg?resize=640%2C480&#038;ssl=1\" alt=\"\" width=\"640\" height=\"480\" data-delta=\"1\" \/><\/div>\n<\/div>\n<\/div>\n<div class=\"media media-element-container media-default\">\n<div id=\"file-121226\" class=\"file file-image file-image-jpeg\">\n<div class=\"content\">\u00a0<\/div>\n<\/div>\n<\/div>\n<\/div>\n<h4 style=\"text-align: justify;\">Reproducimos a continuaci\u00f3n el Manifiesto de la Plataforma 8M\/25N:<\/h4>\n<p style=\"text-align: justify;\"><strong>25 N DE GRAN\u00c1 A PALESTINA: CONTRA LAS VIOLENCIAS MACHISTAS: RESISTENCIAS Y ACCIONES FEMINISTAS<\/strong><\/p>\n<p>Llegamos al D\u00eda Internacional Contra las Violencias Machistas 25 de noviembre de 2025 y el mundo contin\u00faa siendo desigual para las mujeres y ni\u00f1as. El feminicidio es el tipo de asesinato motivado por razones de g\u00e9nero y por los desequilibrios en las relaciones de poder. Siendo la expresi\u00f3n m\u00e1s brutal de violencia contra las mujeres, en la casa, en el trabajo, la escuela o cualquier espacio p\u00fablico. Abarcando desde la violencia de pareja hasta el acoso sexual o razon de sexo como, la trata de mujeres.<\/p>\n<p style=\"text-align: justify;\">El patriarcado sigue ah\u00ed, disfrazado de normalidad, infiltrado en las instituciones, en la cultura, en los medios de comunicaci\u00f3n, en la calle y hasta en nuestros cuerpos. Y mientras nosotras seguimos resistiendo, crecen los discursos que quieren borrarnos, acabar con los avances logrados. Discursos que niegan la violencia, que ridiculizan nuestras luchas, que intentan reescribir nuestra historia para acallar nuestro dolor.<\/p>\n<p class=\"sumari\" style=\"text-align: justify;\">Compa\u00f1eras, no olvidemos lo que nos cost\u00f3 cada derecho conquistado. No olvidemos que cuando retroceden las libertades, las primeras en perder derechos somos las mujeres<\/p>\n<p style=\"text-align: justify;\">Compa\u00f1eras, no olvidemos lo que nos cost\u00f3 cada derecho conquistado. No olvidemos que cuando retroceden las libertades, las primeras en perder derechos somos las mujeres.<\/p>\n<p style=\"text-align: justify;\">Estas ideolog\u00edas reaccionarias no erradican la violencia: sino que la alimentan, la legitiman, la celebran. Lo vemos todos los d\u00edas en los recortes que realizan las CCAA gobernadas por el Partido Popular. Como ejemplo el Ayuntamiento de Granada, que nombr\u00f3 jefe de estudios de la Escuela de la Polic\u00eda Local, al subinspector que est\u00e1 pendiente de juicio por malos tratos, y que quebranto el sistema VioG\u00e9n, para acosar a su expareja, con la presunta colaboraci\u00f3n de sus compa\u00f1eros.<\/p>\n<p style=\"text-align: justify;\">Seguimos viviendo bajo un sistema patriarcal que sostiene la desigualdad, que normaliza el acoso, que perpet\u00faa la violencia por raz\u00f3n de sexo y que impone la dominaci\u00f3n machista sobre mujeres y ni\u00f1as.<\/p>\n<p style=\"text-align: justify;\">Este 25 de noviembre no solo denunciamos las violencias machistas que matan, que humillan, que silencian.<\/p>\n<p style=\"text-align: justify;\">Nosotras elegimos la vida. Elegimos el cuidado. Elegimos la Justicia, la Igualdad y la Libertad. En Espa\u00f1a desde 2003, son 1.333 las mujeres asesinadas por sus parejas o exparejas. Durante 2025 los homicidios por raz\u00f3n de g\u00e9nero se elevan a 38 mujeres a los que tenemos que sumar los 3 menores asesinados por sus progenitores (65 desde 2013). Y 20 ni\u00f1as y ni\u00f1os han quedado en situaci\u00f3n de orfandad este a\u00f1o (489 desde 2013) por los feminicidios cometidos en nuestro pa\u00eds.<\/p>\n<p style=\"text-align: justify;\">Desde las organizaciones feministas hemos puesto nombre, rostro y verdad a la violencia vicaria. Esa violencia cruel que utilizan los maltratadores para seguir da\u00f1ando a las Madres Protectoras a trav\u00e9s de sus criaturas (u otras personas allegadas), tiene como objetivo seguir da\u00f1ando a las mujeres.<\/p>\n<p style=\"text-align: justify;\">Hemos evidenciado, que la violencia vicaria se potencia y perpetua por el mal funcionamiento de instituciones con responsabilidad en la materia, las cuales, lejos de proteger a las v\u00edctimas, dejan a centenares de madres protectoras, ni\u00f1as y ni\u00f1os expuestas a sus agresores.<\/p>\n<p style=\"text-align: justify;\">Hablamos de un grav\u00edsimo problema social: la violencia institucional y su connivencia con la violencia vicaria.<\/p>\n<p style=\"text-align: justify;\">Este 25 de noviembre, tambi\u00e9n alzamos la voz por nuestras hermanas que viven bajo la guerra, la ocupaci\u00f3n y los autoritarismos. Porque todas estas violencias comparten la misma ra\u00edz: el deseo de dominar, el desprecio por la vida, la negaci\u00f3n del cuidado y de la justicia.<\/p>\n<p style=\"text-align: justify;\">Hoy nombramos a las mujeres de Sud\u00e1n, las grandes olvidadas. A las de Ucrania, de Yemen, Burkina Faso, Somalia, Myanmar, Nigeria, Siria, sin olvidar a las mujeres iran\u00edes y afganas que siguen resistiendo bajo el r\u00e9gimen talib\u00e1n. Y con un grito que atraviesa fronteras, nombramos a las mujeres del pueblo de Gaza, que sobreviven bajo un genocidio que el mundo prefiere no ver.<\/p>\n<p style=\"text-align: justify;\">Las violaciones de los derechos de las mujeres en los conflictos armados, son una violaci\u00f3n de la Declaraci\u00f3n Universal de Derechos Humanos. La paz est\u00e1 ligada a la Igualdad entre mujeres y hombres y al desarrollo de los pueblos.<\/p>\n<p style=\"text-align: justify;\">Porque no queremos ni una menos.<\/p>\n<p style=\"text-align: justify;\">Porque no queremos un mundo donde la violencia sea ley.<\/p>\n<p style=\"text-align: justify;\">Porque queremos un mundo donde vivir no sea un acto de valent\u00eda para las mujeres.<\/p>\n<p style=\"text-align: justify;\"><strong>EXIGIMOS desde la Plataforma 8M\/25N:<\/strong><\/p>\n<p style=\"text-align: justify;\">1. Erradicaci\u00f3n de la violencia machista contra las Mujeres, Ni\u00f1as y Ni\u00f1os.<\/p>\n<p style=\"text-align: justify;\">2. Garantizar el derecho a la Salud Integral de las Mujeres, especialmente ante los cribados de c\u00e1ncer de mama y c\u00e9rvix.<\/p>\n<p style=\"text-align: justify;\">3. Combatir la violencia econ\u00f3mica, que empobrece y somete.<\/p>\n<p style=\"text-align: justify;\">Pero NO van a callarnos.<\/p>\n<p style=\"text-align: justify;\">Mientras tanto, el mundo arde: guerras, invasiones, ocupaciones, pueblos arrasados. Una vez m\u00e1s, somos las mujeres quienes pagamos el precio m\u00e1s alto.<\/p>\n<p style=\"text-align: justify;\">Nosotras NO miramos hacia otro lado. A quienes niegan la violencia machista, a quienes niegan los genocidios, les decimos alto y claro: Basta de negacionismo. Basta de impunidad. Basta de miedo.<\/p>\n<p style=\"text-align: justify;\">4. Poner fin a la violencia institucional en el sistema judicial:<\/p>\n<ol style=\"text-align: justify;\">\n<li>a. La aplicaci\u00f3n real y efectiva de las leyes.<\/li>\n<li>b. Que se garantice el buen uso, control y seguimiento de las herramientas destinadas a proteger a las mujeres como es el sistema VioG\u00e9n.<\/li>\n<li>c. Que ni\u00f1as y ni\u00f1os v\u00edctimas de violencia vicaria sean escuchados.<\/li>\n<li>d. Que jueces y juezas dejen de aplicar el falso S\u00edndrome de Alienaci\u00f3n Parental (SAP), que dejen de criminalizar a las madres protectoras y se contemple la reparaci\u00f3n integral de las v\u00edctimas.<\/li>\n<li>e. Garantizar los recursos suficientes a los equipos de intervenci\u00f3n familiar y de infancia para detectar y dar respuesta espec\u00edfica a situaciones de violencia vicaria.<\/li>\n<li>f. La suspensi\u00f3n inmediata de las visitas en los casos de violencia de g\u00e9nero.<\/li>\n<li>g. Formaci\u00f3n obligatoria en violencia vicaria para todos los profesionales implicados.<\/li>\n<\/ol>\n<p style=\"text-align: justify;\">5. Educaci\u00f3n en Igualdad y formaci\u00f3n afectivo-sexual en todos los centros educativos. Cumplimiento total de los Planes de Igualdad de los Centros<\/p>\n<p style=\"text-align: justify;\">6. Transparencia total del uso que hacen los Ayuntamientos y CCAA de los fondos del PACTO DE ESTADO CONTRA LA VIOLENCIA DE G\u00c9NERO DEL GOBIERNO DE ESPA\u00d1A. Blindaje y cumplimiento de todas las medidas recogidas en el Pacto de Estado contra VG, as\u00ed como las modificaciones legislativas necesarias para su aplicaci\u00f3n efectiva.<\/p>\n<p style=\"text-align: justify;\">Desde Granada, decimos alto y claro:<\/p>\n<ul style=\"text-align: justify;\">\n<li>Nada sobre Palestina sin el pueblo palestino.<\/li>\n<li>Un proceso de paz real, supervisado por la ONU, los pa\u00edses \u00e1rabes y la sociedad civil.<\/li>\n<li>Exigimos responsabilidades al Estado de Israel por las violaciones de derechos humanos.<\/li>\n<\/ul>\n<p style=\"text-align: justify;\">Mientras haya una sola mujer que sufra violencia en el mundo, mientras haya una sola ni\u00f1a que tema hablar, el movimiento feminista seguir\u00e1 en pie.<\/p>\n<h3 style=\"text-align: justify;\">Por todo ello, la Plataforma 8M\/25N Contra la Violencia de G\u00e9nero de Granada, invita a la ciudadan\u00eda granadina a unirse a la Manifestaci\u00f3n Unitaria convocada de forma conjunta con el Espacio Feminista Unitario de Gran\u00e1, e<span style=\"color: #800000;\">l d\u00eda 25 de noviembre a las 18.00 horas de la Fuente de las Batallas y finalizar\u00e1 en el Triunfo, donde la fuente tendr\u00e1 agua violeta<\/span><\/h3>\n<p><strong>25 N DE GRAN\u00c1 A PALESTINA: CONTRA LAS VIOLENCIAS MACHISTAS: RESISTENCIAS Y ACCIONES FEMINISTAS<\/strong><\/p>\n<p>&nbsp;<\/p>\n<\/div>\n","protected":false},"excerpt":{"rendered":"<p>El feminismo marcha en Granada, con la mirada puesta en Palestina, contra las violencias machistas.De&#8230;<\/p>\n","protected":false},"author":1,"featured_media":80241,"comment_status":"closed","ping_status":"closed","sticky":false,"template":"","format":"standard","meta":{"_coblocks_attr":"","_coblocks_dimensions":"","_coblocks_responsive_height":"","_coblocks_accordion_ie_support":"","jetpack_post_was_ever_published":false,"_jetpack_newsletter_access":"","_jetpack_dont_email_post_to_subs":false,"_jetpack_newsletter_tier_id":0,"_jetpack_memberships_contains_paywalled_content":false,"_jetpack_memberships_contains_paid_content":false,"footnotes":"","jetpack_publicize_message":"","jetpack_publicize_feature_enabled":true,"jetpack_social_post_already_shared":true,"jetpack_social_options":{"image_generator_settings":{"template":"highway","default_image_id":0,"enabled":false},"version":2}},"categories":[1161,14,186,44,6937],"tags":[],"class_list":["post-80240","post","type-post","status-publish","format-standard","has-post-thumbnail","hentry","category-ciudadania","category-feminismo","category-instituciones","category-noticias-de-hoy","category-sociedad"],"jetpack_publicize_connections":[],"jetpack_featured_media_url":"https:\/\/i0.wp.com\/miradordeatarfe.es\/wp-content\/uploads\/2025\/11\/paqui_y_judith_1.jpg?fit=650%2C487&ssl=1","jetpack_likes_enabled":true,"jetpack_sharing_enabled":true,"_links":{"self":[{"href":"https:\/\/miradordeatarfe.es\/index.php?rest_route=\/wp\/v2\/posts\/80240","targetHints":{"allow":["GET"]}}],"collection":[{"href":"https:\/\/miradordeatarfe.es\/index.php?rest_route=\/wp\/v2\/posts"}],"about":[{"href":"https:\/\/miradordeatarfe.es\/index.php?rest_route=\/wp\/v2\/types\/post"}],"author":[{"embeddable":true,"href":"https:\/\/miradordeatarfe.es\/index.php?rest_route=\/wp\/v2\/users\/1"}],"replies":[{"embeddable":true,"href":"https:\/\/miradordeatarfe.es\/index.php?rest_route=%2Fwp%2Fv2%2Fcomments&post=80240"}],"version-history":[{"count":1,"href":"https:\/\/miradordeatarfe.es\/index.php?rest_route=\/wp\/v2\/posts\/80240\/revisions"}],"predecessor-version":[{"id":80242,"href":"https:\/\/miradordeatarfe.es\/index.php?rest_route=\/wp\/v2\/posts\/80240\/revisions\/80242"}],"wp:featuredmedia":[{"embeddable":true,"href":"https:\/\/miradordeatarfe.es\/index.php?rest_route=\/wp\/v2\/media\/80241"}],"wp:attachment":[{"href":"https:\/\/miradordeatarfe.es\/index.php?rest_route=%2Fwp%2Fv2%2Fmedia&parent=80240"}],"wp:term":[{"taxonomy":"category","embeddable":true,"href":"https:\/\/miradordeatarfe.es\/index.php?rest_route=%2Fwp%2Fv2%2Fcategories&post=80240"},{"taxonomy":"post_tag","embeddable":true,"href":"https:\/\/miradordeatarfe.es\/index.php?rest_route=%2Fwp%2Fv2%2Ftags&post=80240"}],"curies":[{"name":"wp","href":"https:\/\/api.w.org\/{rel}","templated":true}]}}