{"id":80248,"date":"2025-11-26T10:35:18","date_gmt":"2025-11-26T09:35:18","guid":{"rendered":"https:\/\/miradordeatarfe.es\/?p=80248"},"modified":"2025-11-21T19:50:38","modified_gmt":"2025-11-21T18:50:38","slug":"la-oms-reconoce-el-papel-del-feminismo-contra-la-violencia-machista-y-pide-avances-el-progreso-es-lento","status":"publish","type":"post","link":"https:\/\/miradordeatarfe.es\/?p=80248","title":{"rendered":"La OMS reconoce el papel del feminismo contra la violencia machista y pide avances: \u00abEl progreso es lento\u00bb"},"content":{"rendered":"<div class=\"text-base desktop:text-xl text-pretty text-neutral-gray-800 dark:text-cold-gray-200 mb-5 desktop:mb-7 [&amp;_ul]:list-disc desktop:[&amp;_ul]:ml-3 [&amp;_li]:marker:text-publico [&amp;_li]:mb-2 [&amp;_a]:text-link-normal dark:[&amp;_a]:text-link-dark [&amp;_a]:underline [&amp;_a:hover]:text-link-hover [&amp;_a:hover]:no-underline [&amp;_a:hover]:dark:text-link-dark-hover\" data-original-text-size=\"text-lg:text-xl\">\n<h3 style=\"text-align: justify;\">Seg\u00fan el estudio <i>Violence against women prevalence estimates 2023<\/i>, una de cada cuatro mujeres en el mundo ha sufrido en alg\u00fan momento de su vida violencia f\u00edsica o sexual por parte de su pareja.\u00a0<\/h3>\n<\/div>\n<div id=\"main-content\" class=\"desktop:flex desktop:justify-between\" style=\"text-align: justify;\">\n<div class=\"desktop:max-w-[670px] desktop:w-full desktop:min-h-[1400px]\">\n<div class=\"main-image image mb-5 relative\">\n<div class=\"composite-image main-image media-container image-zoomin\" data-video-width=\"660\" data-video-height=\"371\">\u00a0<\/div>\n<\/div>\n<\/div>\n<\/div>\n<div class=\"block--text desktop:flex desktop:mb-7\" style=\"text-align: justify;\">\n<div id=\"body-modules\" class=\"body-modules w-full\">\n<p class=\"paragraph text-xl pb-7 w-full text-pretty [&amp;_a]:text-link-normal dark:[&amp;_a]:text-link-dark [&amp;_a]:decoration-1 [&amp;_a:hover]:underline [&amp;_a:hover]:text-link-hover [&amp;_a:hover]:decoration-2 [&amp;_b_a]:text-link-normal dark:[&amp;_b_a]:text-link-dark [&amp;_b_a]:decoration-1 [&amp;_b_a:hover]:underline [&amp;_b_a:hover]:text-link-hover desktop:leading-relaxed break-words font-serif\" data-original-text-size=\"text-xl\">La <b>Organizaci\u00f3n Mundial de la Salud (OMS) <\/b>acaba de publicar el informe m\u00e1s extenso, seg\u00fan la entidad misma define, que ha elaborado sobre violencia contra las mujeres: <i><a title=\"Estimaciones de la prevalencia de la violencia contra las mujeres, 2023\" href=\"https:\/\/www.who.int\/publications\/i\/item\/9789240116962\" target=\"_blank\" rel=\"nofollow noopener noreferrer\">Violence against women prevalence estimates, 2023<\/a><\/i>. El documento abarca, por primera vez, la prevalencia a lo largo de\u00a023 a\u00f1os (2000\u20132023) y permite observar en qu\u00e9 medida la violencia f\u00edsica y sexual\u00a0ha evolucionado en<b> m\u00e1s de dos d\u00e9cadas<\/b>. \u00abLas reducciones m\u00ednimas en la prevalencia observadas desde el a\u00f1o 2000 muestran que<b> el progreso es demasiado lento<\/b>. A este ritmo, lograr la Meta 5.2 de los ODS -eliminar todas las formas de violencia contra mujeres y ni\u00f1as para 2030- sigue siendo <b>inalcanzable<\/b>\u00ab, advierte el estudio.<\/p>\n<p class=\"paragraph text-xl pb-7 w-full text-pretty [&amp;_a]:text-link-normal dark:[&amp;_a]:text-link-dark [&amp;_a]:decoration-1 [&amp;_a:hover]:underline [&amp;_a:hover]:text-link-hover [&amp;_a:hover]:decoration-2 [&amp;_b_a]:text-link-normal dark:[&amp;_b_a]:text-link-dark [&amp;_b_a]:decoration-1 [&amp;_b_a:hover]:underline [&amp;_b_a:hover]:text-link-hover desktop:leading-relaxed break-words font-serif\" data-original-text-size=\"text-xl\">Seg\u00fan el informe,\u00a0<b>una de cada cuatro mujeres<\/b>\u00a0en el mundo (25,8%) ha sufrido en alg\u00fan momento de su vida violencia f\u00edsica o sexual por parte de su pareja. Y cerca de\u00a0<b>una de cada siete<\/b>\u00a0(13,7%) la ha sufrido en el \u00faltimo a\u00f1o. Esto significa que\u00a0<b>682 millones de mujeres<\/b>\u00a0han experimentado violencia de pareja a lo largo de su vida, y\u00a0<b>316 millones<\/b>, solo en los \u00faltimos 12 meses.<\/p>\n<p class=\"paragraph text-xl pb-7 w-full text-pretty [&amp;_a]:text-link-normal dark:[&amp;_a]:text-link-dark [&amp;_a]:decoration-1 [&amp;_a:hover]:underline [&amp;_a:hover]:text-link-hover [&amp;_a:hover]:decoration-2 [&amp;_b_a]:text-link-normal dark:[&amp;_b_a]:text-link-dark [&amp;_b_a]:decoration-1 [&amp;_b_a:hover]:underline [&amp;_b_a:hover]:text-link-hover desktop:leading-relaxed break-words font-serif\" data-original-text-size=\"text-xl\">La prevalencia global de violencia por parte de la pareja a lo largo de la vida entre mujeres de 15 a 49 a\u00f1os era del <b>30,8% en el a\u00f1o 2000<\/b>. Diez a\u00f1os despu\u00e9s, en 2010, segu\u00eda exactamente en <b>30,8%<\/b>. Pero ya en 2018 baj\u00f3 a <b>27,2%<\/b> y en 2023 se situ\u00f3 en <b>25,8%<\/b>. Una ca\u00edda de cinco puntos porcentuales en m\u00e1s de dos d\u00e9cadas, que el propio documento lo califica de\u00a0\u00abm\u00ednima\u00bb, pero que existe.<\/p>\n<p class=\"paragraph text-xl pb-7 w-full text-pretty [&amp;_a]:text-link-normal dark:[&amp;_a]:text-link-dark [&amp;_a]:decoration-1 [&amp;_a:hover]:underline [&amp;_a:hover]:text-link-hover [&amp;_a:hover]:decoration-2 [&amp;_b_a]:text-link-normal dark:[&amp;_b_a]:text-link-dark [&amp;_b_a]:decoration-1 [&amp;_b_a:hover]:underline [&amp;_b_a:hover]:text-link-hover desktop:leading-relaxed break-words font-serif\" data-original-text-size=\"text-xl\">El informe se\u00f1ala que, pese al descenso, el n\u00famero total de mujeres afectadas \u00ab<b>ha permanecido en gran medida sin cambios durante m\u00e1s de dos d\u00e9cadas\u00bb<\/b>. Esto se explica porque la poblaci\u00f3n mundial ha crecido, pero la disminuci\u00f3n porcentual es tan peque\u00f1a que no contrarresta ese crecimiento. El resultado es que\u00a0<b>hoy hay aproximadamente 840 millones de mujeres que han sufrido violencia f\u00edsica o sexual por parte de sus parejas o de terceros<\/b>, casi lo mismo que lo estimado a principios de siglo.<\/p>\n<p class=\"paragraph text-xl pb-7 w-full text-pretty [&amp;_a]:text-link-normal dark:[&amp;_a]:text-link-dark [&amp;_a]:decoration-1 [&amp;_a:hover]:underline [&amp;_a:hover]:text-link-hover [&amp;_a:hover]:decoration-2 [&amp;_b_a]:text-link-normal dark:[&amp;_b_a]:text-link-dark [&amp;_b_a]:decoration-1 [&amp;_b_a:hover]:underline [&amp;_b_a:hover]:text-link-hover desktop:leading-relaxed break-words font-serif\" data-original-text-size=\"text-xl\">El estudio no permite identificar tendencias pa\u00eds por pa\u00eds, pero s\u00ed advierte que<b> \u00abe<\/b><b>xisten pa\u00edses y regiones en las que la prevalencia est\u00e1 aumentando\u00bb. <\/b>Las zonas con prevalencias m\u00e1s altas son tambi\u00e9n aquellas donde los cambios estructurales avanzan m\u00e1s despacio. Ocean\u00eda (excluyendo Australia y Nueva Zelanda) presenta un 56,9% de prevalencia a lo largo de la vida; \u00c1frica subsahariana, un 31,9%; Asia meridional y central, un 30,8%. En estas regiones, las transformaciones sociales, legales y econ\u00f3micas necesarias para frenar la violencia de g\u00e9nero han sido m\u00e1s lentas o irregulares.<\/p>\n<p class=\"paragraph text-xl pb-7 w-full text-pretty [&amp;_a]:text-link-normal dark:[&amp;_a]:text-link-dark [&amp;_a]:decoration-1 [&amp;_a:hover]:underline [&amp;_a:hover]:text-link-hover [&amp;_a:hover]:decoration-2 [&amp;_b_a]:text-link-normal dark:[&amp;_b_a]:text-link-dark [&amp;_b_a]:decoration-1 [&amp;_b_a:hover]:underline [&amp;_b_a:hover]:text-link-hover desktop:leading-relaxed break-words font-serif\" data-original-text-size=\"text-xl\">Mientras que, en <b>Europa<\/b>, se calcula que <b>una de cada cinco mujeres<\/b>\u00a0ha sufrido violencia f\u00edsica o sexual por parte de su pareja a lo largo de su vida <b>(21,7%). <\/b>Aunque la prevalencia en el \u00faltimo a\u00f1o es mucho m\u00e1s baja,\u00a06,5%. Si se estudia por zonas, hay una diferencia bastante notable, con el\u00a024,6%\u00a0en Europa del Norte y el\u00a018,6%\u00a0en Europa del Este, mientras que desciende al\u00a016,4%\u00a0en Europa Occidental y al\u00a0<b>14,8%\u00a0en Europa del Sur, la subregi\u00f3n con menor prevalencia identificada<\/b>. Son valores inferiores al promedio mundial (25,8% a lo largo de la vida y 13,7% en el \u00faltimo a\u00f1o), pero la OMS advierte que siguen siendo cifras \u00abinaceptablemente altas\u00bb.<\/p>\n<p class=\"paragraph text-xl pb-7 w-full text-pretty [&amp;_a]:text-link-normal dark:[&amp;_a]:text-link-dark [&amp;_a]:decoration-1 [&amp;_a:hover]:underline [&amp;_a:hover]:text-link-hover [&amp;_a:hover]:decoration-2 [&amp;_b_a]:text-link-normal dark:[&amp;_b_a]:text-link-dark [&amp;_b_a]:decoration-1 [&amp;_b_a:hover]:underline [&amp;_b_a:hover]:text-link-hover desktop:leading-relaxed break-words font-serif\" data-original-text-size=\"text-xl\">Las mujeres j\u00f3venes presentan prevalencias especialmente elevadas. El informe se\u00f1ala que entre las chicas de <b>15 a 19 a\u00f1os<\/b>, un <b>23,3%<\/b> ha sufrido violencia f\u00edsica o sexual por parte de su pareja a lo largo de su vida, y un <b>16%<\/b>, solo en el \u00faltimo a\u00f1o. Esto confirma que la violencia\u00a0<b>no es un fen\u00f3meno que surja en la edad a<\/b><b>dulta<\/b>.<\/p>\n<p class=\"paragraph text-xl pb-7 w-full text-pretty [&amp;_a]:text-link-normal dark:[&amp;_a]:text-link-dark [&amp;_a]:decoration-1 [&amp;_a:hover]:underline [&amp;_a:hover]:text-link-hover [&amp;_a:hover]:decoration-2 [&amp;_b_a]:text-link-normal dark:[&amp;_b_a]:text-link-dark [&amp;_b_a]:decoration-1 [&amp;_b_a:hover]:underline [&amp;_b_a:hover]:text-link-hover desktop:leading-relaxed break-words font-serif\" data-original-text-size=\"text-xl\">Sobre las posibles soluciones y medidas adoptadas, el informe incide sin rodeos en que \u00ablos <b>responsables pol\u00edticos todav\u00eda no lo consideran lo suficientemente prioritario como para invertir recursos<\/b> adecuados\u00bb.\u00a0Tambi\u00e9n afirma que \u00aben muchas sociedades la violencia de pareja se sigue viendo como un asunto privado\u00bb y \u00ablas actitudes de culpabilizaci\u00f3n de la v\u00edctima siguen siendo generalizadas\u00bb.\u00a0<\/p>\n<p class=\"paragraph text-xl pb-7 w-full text-pretty [&amp;_a]:text-link-normal dark:[&amp;_a]:text-link-dark [&amp;_a]:decoration-1 [&amp;_a:hover]:underline [&amp;_a:hover]:text-link-hover [&amp;_a:hover]:decoration-2 [&amp;_b_a]:text-link-normal dark:[&amp;_b_a]:text-link-dark [&amp;_b_a]:decoration-1 [&amp;_b_a:hover]:underline [&amp;_b_a:hover]:text-link-hover desktop:leading-relaxed break-words font-serif\" data-original-text-size=\"text-xl\">Asimismo, el documento subraya que las <b>normas sociales siguen siendo un n\u00facleo duro del problema<\/b>, sobre todo aquellas que refuerzan ideas arraigadas sobre el rol de las mujeres, alimentan expectativas sobre la obediencia femenina o narrativas sobre \u00abla familia\u00bb, entendida como espacio fuera del control del Estado.\u00a0Exactamente este es el terreno donde el negacionismo de la violencia machista encuentra su base.\u00a0<\/p>\n<div class=\"related-intext bg-warm-gray-100 px-5 -mx-5 py-5 mb-10 desktop:bg-lightmode desktop:border-t-2 desktop:border-b-2 desktop:border-warm-gray-300 desktop:dark:border-cold-gray-500 desktop:mx-0 desktop:px-1 desktop:mt-6 desktop:mb-12 dark:bg-cold-gray-700 dark:desktop:bg-darkmode\">\n<div class=\"pb-2 text-xl4 font-serif\">\n<article class=\"flex result-page listing-item\">Uno de los elementos m\u00e1s contundentes del informe es la menci\u00f3n expl\u00edcita a la <b>falta de penalizaci\u00f3n de la violaci\u00f3n conyugal en numerosos pa\u00edses<\/b> y a la persistencia de <b>leyes discriminatorias<\/b>. De hecho, la organizaci\u00f3n lo incluye como una de las razones por las que la violencia no disminuye al ritmo necesario.<\/article>\n<\/div>\n<\/div>\n<p class=\"paragraph text-xl pb-7 w-full text-pretty [&amp;_a]:text-link-normal dark:[&amp;_a]:text-link-dark [&amp;_a]:decoration-1 [&amp;_a:hover]:underline [&amp;_a:hover]:text-link-hover [&amp;_a:hover]:decoration-2 [&amp;_b_a]:text-link-normal dark:[&amp;_b_a]:text-link-dark [&amp;_b_a]:decoration-1 [&amp;_b_a:hover]:underline [&amp;_b_a:hover]:text-link-hover desktop:leading-relaxed break-words font-serif\" data-original-text-size=\"text-xl\">Otro es la cuesti\u00f3n econ\u00f3mica, cuando se menciona que <b>l<\/b><b>a financiaci\u00f3n sigue siendo insuficiente<\/b>. Este es otro de los rasgos caracter\u00edsticos de los gobiernos negacionistas o anti-g\u00e9nero. Reducir fondos para casas de acogida, para campa\u00f1as educativas, para l\u00edneas de atenci\u00f3n, para programas de prevenci\u00f3n o para sistemas judiciales especializados forma parte, en muchos pa\u00edses, de una estrategia expl\u00edcita de desmantelamiento.\u00a0<\/p>\n<div>\u00a0<\/div>\n<p class=\"paragraph text-xl pb-7 w-full text-pretty [&amp;_a]:text-link-normal dark:[&amp;_a]:text-link-dark [&amp;_a]:decoration-1 [&amp;_a:hover]:underline [&amp;_a:hover]:text-link-hover [&amp;_a:hover]:decoration-2 [&amp;_b_a]:text-link-normal dark:[&amp;_b_a]:text-link-dark [&amp;_b_a]:decoration-1 [&amp;_b_a:hover]:underline [&amp;_b_a:hover]:text-link-hover desktop:leading-relaxed break-words font-serif\" data-original-text-size=\"text-xl\">En contraposici\u00f3n, si en algo es expl\u00edcita la OMS, es en el reconocimiento del papel del activismo feminista: <b>\u00abD\u00e9cadas de activismo feminista han contribuido a reformas legales m\u00e1s s\u00f3lidas y respuestas m\u00e1s centradas en las supervivientes\u00bb,<\/b> establece el estudio.\u00a0En otro punto del informe, la OMS ampl\u00eda esta idea refiri\u00e9ndose a los movimientos feministas globales contempor\u00e1neos y a su capacidad para poner la violencia de g\u00e9nero en el centro del debate internacional. En este sentido, reconoce el papel de campa\u00f1as como el <b><i>#MeToo, #NiUnaMenos, #BalanceTonPorc, Tal\u2019at<\/i> o <i>#EndFemicideKE<\/i>,<\/b> se\u00f1al\u00e1ndolas como parte de una ola social que ha visibilizado la magnitud del problema y ha servido de <b>palanca para impulsar reformas.<\/b> Estos movimientos, afirma la OMS, han contribuido a una mayor conciencia p\u00fablica y han presionado a los gobiernos para actuar.<\/p>\n<\/div>\n<\/div>\n<div class=\"author-bio mb-10 w-full\">\n<div class=\"pt-7 border-t border-warm-gray-200 dark:border-cold-gray-600\">\n<p class=\"author-name text-lg pb-1 font-bold text-warm-gray-600 dark:text-cold-gray-400\" style=\"text-align: justify;\" data-original-text-size=\"text-lg\"><a title=\"Listado de noticias de Mar\u00eda Mart\u00ednez Collado\" href=\"https:\/\/www.publico.es\/author\/maria-martinez-collado\">Mar\u00eda Mart\u00ednez Collado<\/a><\/p>\n<p class=\"author-text text-sm pb-4 mb-4 text-balance last:tablet:border-b border-warm-gray-200 dark:border-cold-gray-600\" data-original-text-size=\"text-sm\">Redactora de Igualdad, Violencias Machistas, Resistencias y Salud Sexual en &#8216;P\u00fablico&#8217;. Antes cubr\u00eda temas de Sanidad y Educaci\u00f3n. Polit\u00f3loga especializada en Estudios Feministas, de G\u00e9nero y Ciudadan\u00eda.<\/p>\n<p class=\"author-text text-sm pb-4 mb-4 text-balance last:tablet:border-b border-warm-gray-200 dark:border-cold-gray-600\" data-original-text-size=\"text-sm\"><span class=\"image-description\" title=\"Im\u00e1genes de la manifestaci\u00f3n con motivo del 25N en M\u00e1laga.\">FOTO: Im\u00e1genes de la manifestaci\u00f3n con motivo del 25N en M\u00e1laga.<strong class=\"author ml-1.5\" title=\"\u00c1lex Zea \/ Europa Press\">\u00c1lex Zea \/ Europa Press<\/strong><\/span><\/p>\n<p>https:\/\/www.publico.es\/mujer\/violencia-machista\/oms-reconoce-papel-feminismo-violencia-machista-pide-avances-progreso-lento.html<\/p>\n<div class=\"block--text desktop:flex desktop:mb-7\">\n<div class=\"tablet:hidden\">\n<p>&nbsp;<\/p>\n<\/div>\n<\/div>\n<\/div>\n<\/div>\n","protected":false},"excerpt":{"rendered":"<p>Seg\u00fan el estudio Violence against women prevalence estimates 2023, una de cada cuatro mujeres en&#8230;<\/p>\n","protected":false},"author":1,"featured_media":80249,"comment_status":"closed","ping_status":"closed","sticky":false,"template":"","format":"standard","meta":{"_coblocks_attr":"","_coblocks_dimensions":"","_coblocks_responsive_height":"","_coblocks_accordion_ie_support":"","jetpack_post_was_ever_published":false,"_jetpack_newsletter_access":"","_jetpack_dont_email_post_to_subs":false,"_jetpack_newsletter_tier_id":0,"_jetpack_memberships_contains_paywalled_content":false,"_jetpack_memberships_contains_paid_content":false,"footnotes":"","jetpack_publicize_message":"","jetpack_publicize_feature_enabled":true,"jetpack_social_post_already_shared":true,"jetpack_social_options":{"image_generator_settings":{"template":"highway","default_image_id":0,"enabled":false},"version":2}},"categories":[1161,14,186,44],"tags":[],"class_list":["post-80248","post","type-post","status-publish","format-standard","has-post-thumbnail","hentry","category-ciudadania","category-feminismo","category-instituciones","category-noticias-de-hoy"],"jetpack_publicize_connections":[],"jetpack_featured_media_url":"https:\/\/i0.wp.com\/miradordeatarfe.es\/wp-content\/uploads\/2025\/11\/691debcce7f6f.r_d.796-372-7080.jpeg?fit=990%2C557&ssl=1","jetpack_likes_enabled":true,"jetpack_sharing_enabled":true,"_links":{"self":[{"href":"https:\/\/miradordeatarfe.es\/index.php?rest_route=\/wp\/v2\/posts\/80248","targetHints":{"allow":["GET"]}}],"collection":[{"href":"https:\/\/miradordeatarfe.es\/index.php?rest_route=\/wp\/v2\/posts"}],"about":[{"href":"https:\/\/miradordeatarfe.es\/index.php?rest_route=\/wp\/v2\/types\/post"}],"author":[{"embeddable":true,"href":"https:\/\/miradordeatarfe.es\/index.php?rest_route=\/wp\/v2\/users\/1"}],"replies":[{"embeddable":true,"href":"https:\/\/miradordeatarfe.es\/index.php?rest_route=%2Fwp%2Fv2%2Fcomments&post=80248"}],"version-history":[{"count":1,"href":"https:\/\/miradordeatarfe.es\/index.php?rest_route=\/wp\/v2\/posts\/80248\/revisions"}],"predecessor-version":[{"id":80250,"href":"https:\/\/miradordeatarfe.es\/index.php?rest_route=\/wp\/v2\/posts\/80248\/revisions\/80250"}],"wp:featuredmedia":[{"embeddable":true,"href":"https:\/\/miradordeatarfe.es\/index.php?rest_route=\/wp\/v2\/media\/80249"}],"wp:attachment":[{"href":"https:\/\/miradordeatarfe.es\/index.php?rest_route=%2Fwp%2Fv2%2Fmedia&parent=80248"}],"wp:term":[{"taxonomy":"category","embeddable":true,"href":"https:\/\/miradordeatarfe.es\/index.php?rest_route=%2Fwp%2Fv2%2Fcategories&post=80248"},{"taxonomy":"post_tag","embeddable":true,"href":"https:\/\/miradordeatarfe.es\/index.php?rest_route=%2Fwp%2Fv2%2Ftags&post=80248"}],"curies":[{"name":"wp","href":"https:\/\/api.w.org\/{rel}","templated":true}]}}