{"id":80254,"date":"2025-11-29T11:00:49","date_gmt":"2025-11-29T10:00:49","guid":{"rendered":"https:\/\/miradordeatarfe.es\/?p=80254"},"modified":"2025-11-29T10:09:06","modified_gmt":"2025-11-29T09:09:06","slug":"atarfe-narco-porretas-y-sinkope-encabezan-el-cartel-del-atarfe-vega-rock-2026","status":"publish","type":"post","link":"https:\/\/miradordeatarfe.es\/?p=80254","title":{"rendered":"Narco, Porretas y S\u00ednkope encabezan el cartel del Atarfe Vega Rock 2026"},"content":{"rendered":"<p>El <strong>Atarfe Vega Rock<\/strong> regresa con un cartel de \u00abalto voltaje\u00bb para su edici\u00f3n de 2026, que incluye a grupos como Narco, Porretas y S\u00ednkope. El festival, consolidado como la cita \u00abimprescindible\u00bb del punk y el rock de combate estatal, anuncia su programaci\u00f3n para el 25 de abril en el <strong>Coliseo de Atarfe<\/strong>, a partir de las 17.00 horas.<\/p>\n<p>Nacido entre 2002 y 2008, el festival marc\u00f3 una \u00e9poca dorada en la provincia al traer a grandes nombres internacionales como Megadeth, &#8216;W.A.S.P.&#8217; o Edguy, han informado los organizadores en una nota de prensa.<\/p>\n<p>Tras quince a\u00f1os de silencio, su regreso en 2024 y la \u00abmultitudinaria\u00bb edici\u00f3n de 2025 confirmaron que el <strong>Atarfe Vega Rock<\/strong> \u00abhab\u00eda vuelto para quedarse, apostando por la escena estatal con una identidad renovada y un poderoso respaldo del p\u00fablico\u00bb.<\/p>\n<p>As\u00ed las cosas, bandas como <strong>Tropa do Carallo, Soziedad Alkoholika, Lendakaris Muertos, Boikot o Reincidentes<\/strong> han encabezado esta nueva etapa, que ahora encara su tercera edici\u00f3n.<\/p>\n<h3 class=\"wp-block-heading\">Un cartel cargado de energ\u00eda y cr\u00edtica social<\/h3>\n<p>El cartel del<strong> Atarfe Vega Rock 2026<\/strong> re\u00fane a cinco formaciones que representan la esencia m\u00e1s combativa del panorama nacional. Encabezando la jornada estar\u00e1n Narco, pioneros del rap-metal patrio, que desde 1996 mezclan metal, punk y rap andaluz con una actitud irreverente y letras afiladas. Con su regreso en 2022 y el lanzamiento de Par\u00e1sitos, la banda se encuentra inmersa en una gira que har\u00e1 escala en <strong>Atarfe <\/strong>para descargar toda su fuerza.<\/p>\n<p>Desde Madrid llegar\u00e1n los m\u00edticos Porretas, uno de los grupos m\u00e1s queridos del rock urbano espa\u00f1ol. Con m\u00e1s de tres d\u00e9cadas de trayectoria y un estilo absolutamente reconocible, su gira Cl\u00e1sicos II los traer\u00e1 a <strong>Granada <\/strong>con el humor, la cercan\u00eda y la energ\u00eda que los han convertido en iconos generacionales.<\/p>\n<p>El cartel suma adem\u00e1s la presencia de S\u00ednkope, una de las bandas m\u00e1s s\u00f3lidas del rock estatal, con una propuesta l\u00edrica y musical que fusiona poes\u00eda, ra\u00edces extreme\u00f1as y contundencia el\u00e9ctrica. Su \u00faltimo trabajo, Creer y Luchar (2024), confirma su compromiso con la autenticidad que los ha acompa\u00f1ado a lo largo de quince discos de estudio.<\/p>\n<p>La propuesta m\u00e1s introspectiva llegar\u00e1 con Periferia, que tras el \u00e9xito de Fortuna o Discordia presentan Rincones de Nadie, un \u00e1lbum de once temas que explora las sombras y luces del propio ser, equilibrando sensibilidad y guitarras vigorosas.<\/p>\n<h3 class=\"wp-block-heading\">Representaci\u00f3n granadina<\/h3>\n<p>La representaci\u00f3n granadina correr\u00e1 a cargo de Mar\u00eda del Mal, referente del llamado &#8216;Rock radical andaluz&#8217;, una formaci\u00f3n visceral y camale\u00f3nica que comenz\u00f3 su andadura en 1994. Tras el fallecimiento de su vocalista y guitarrista Dani en 2024, la banda ha decidido seguir adelante con Carlos Aparicio al frente, un gesto que subraya su enorme resiliencia.<\/p>\n<p>La organizaci\u00f3n del evento corre a cargo de Uno Molar Producciones, con la colaboraci\u00f3n del <strong>Ayuntamiento de Atarfe<\/strong>.<\/p>\n<p>Las <strong>entradas ya est\u00e1n disponibles <\/strong>en su oferta de lanzamiento a trav\u00e9s de <strong>RedEntradas<\/strong>. Una edici\u00f3n que promete convertirse en una de las m\u00e1s potentes de esta nueva era del <strong>Atarfe Vega Rock<\/strong> y que volver\u00e1 a situar a <strong>Granada <\/strong>como epicentro del rock de combate estatal.<\/p>\n<p><span class=\"section-name\"><span class=\"autor\"><strong>Redacci\u00f3n aG<\/strong> <\/span><\/span><\/p>\n<p>FOTO: AYUNTAMIENTO DE ATARFE<\/p>\n<blockquote class=\"wp-embedded-content\" data-secret=\"ikYb9T5qom\"><p><a href=\"https:\/\/www.ahoragranada.com\/noticias\/narco-porretas-y-sinkope-encabezan-el-cartel-del-atarfe-vega-rock-2026\/\">Narco, Porretas y S\u00ednkope encabezan el cartel del Atarfe Vega Rock 2026<\/a><\/p><\/blockquote>\n<p><iframe loading=\"lazy\" class=\"wp-embedded-content\" sandbox=\"allow-scripts\" security=\"restricted\" style=\"position: absolute; visibility: hidden;\" title=\"\u00abNarco, Porretas y S\u00ednkope encabezan el cartel del Atarfe Vega Rock 2026\u00bb \u2014 Ahora Granada\" src=\"https:\/\/www.ahoragranada.com\/noticias\/narco-porretas-y-sinkope-encabezan-el-cartel-del-atarfe-vega-rock-2026\/embed\/#?secret=QAzNoSjIx0#?secret=ikYb9T5qom\" data-secret=\"ikYb9T5qom\" width=\"600\" height=\"338\" frameborder=\"0\" marginwidth=\"0\" marginheight=\"0\" scrolling=\"no\"><\/iframe><\/p>\n","protected":false},"excerpt":{"rendered":"<p>El Atarfe Vega Rock regresa con un cartel de \u00abalto voltaje\u00bb para su edici\u00f3n de&#8230;<\/p>\n","protected":false},"author":1,"featured_media":80255,"comment_status":"closed","ping_status":"closed","sticky":false,"template":"","format":"standard","meta":{"_coblocks_attr":"","_coblocks_dimensions":"","_coblocks_responsive_height":"","_coblocks_accordion_ie_support":"","jetpack_post_was_ever_published":false,"_jetpack_newsletter_access":"","_jetpack_dont_email_post_to_subs":false,"_jetpack_newsletter_tier_id":0,"_jetpack_memberships_contains_paywalled_content":false,"_jetpack_memberships_contains_paid_content":false,"footnotes":"","jetpack_publicize_message":"","jetpack_publicize_feature_enabled":true,"jetpack_social_post_already_shared":true,"jetpack_social_options":{"image_generator_settings":{"template":"highway","default_image_id":0,"enabled":false},"version":2}},"categories":[6916,1161,44],"tags":[],"class_list":["post-80254","post","type-post","status-publish","format-standard","has-post-thumbnail","hentry","category-ayuntamiento-de-atarfe","category-ciudadania","category-noticias-de-hoy"],"jetpack_publicize_connections":[],"jetpack_featured_media_url":"https:\/\/i0.wp.com\/miradordeatarfe.es\/wp-content\/uploads\/2025\/11\/Atarfe-Vega-Rock.jpg?fit=970%2C546&ssl=1","jetpack_likes_enabled":true,"jetpack_sharing_enabled":true,"_links":{"self":[{"href":"https:\/\/miradordeatarfe.es\/index.php?rest_route=\/wp\/v2\/posts\/80254","targetHints":{"allow":["GET"]}}],"collection":[{"href":"https:\/\/miradordeatarfe.es\/index.php?rest_route=\/wp\/v2\/posts"}],"about":[{"href":"https:\/\/miradordeatarfe.es\/index.php?rest_route=\/wp\/v2\/types\/post"}],"author":[{"embeddable":true,"href":"https:\/\/miradordeatarfe.es\/index.php?rest_route=\/wp\/v2\/users\/1"}],"replies":[{"embeddable":true,"href":"https:\/\/miradordeatarfe.es\/index.php?rest_route=%2Fwp%2Fv2%2Fcomments&post=80254"}],"version-history":[{"count":2,"href":"https:\/\/miradordeatarfe.es\/index.php?rest_route=\/wp\/v2\/posts\/80254\/revisions"}],"predecessor-version":[{"id":80409,"href":"https:\/\/miradordeatarfe.es\/index.php?rest_route=\/wp\/v2\/posts\/80254\/revisions\/80409"}],"wp:featuredmedia":[{"embeddable":true,"href":"https:\/\/miradordeatarfe.es\/index.php?rest_route=\/wp\/v2\/media\/80255"}],"wp:attachment":[{"href":"https:\/\/miradordeatarfe.es\/index.php?rest_route=%2Fwp%2Fv2%2Fmedia&parent=80254"}],"wp:term":[{"taxonomy":"category","embeddable":true,"href":"https:\/\/miradordeatarfe.es\/index.php?rest_route=%2Fwp%2Fv2%2Fcategories&post=80254"},{"taxonomy":"post_tag","embeddable":true,"href":"https:\/\/miradordeatarfe.es\/index.php?rest_route=%2Fwp%2Fv2%2Ftags&post=80254"}],"curies":[{"name":"wp","href":"https:\/\/api.w.org\/{rel}","templated":true}]}}