{"id":80257,"date":"2025-11-24T10:06:07","date_gmt":"2025-11-24T09:06:07","guid":{"rendered":"https:\/\/miradordeatarfe.es\/?p=80257"},"modified":"2025-11-23T19:45:46","modified_gmt":"2025-11-23T18:45:46","slug":"defendernos-de-los-que-han-normalizado-la-mentira-por-angels-barcelo","status":"publish","type":"post","link":"https:\/\/miradordeatarfe.es\/?p=80257","title":{"rendered":"\u00abDEFENDERNOS DE LOS QUE HAN NORMALIZADO LA MENTIRA\u00bb por Angels Barcel\u00f3"},"content":{"rendered":"<h3>\u00abTendremos que dejarnos la piel para defendernos de los que han normalizado la mentira\u00bb: la firma de \u00c0ngels Barcel\u00f3 tras la condena al fiscal general<\/h3>\n<p>Conocimos la sentencia que condena al fiscal general del estado por un delito de revelaci\u00f3n de secretos. Una sentencia emitida en tiempo expr\u00e9s un 20-N, d\u00eda de la conmemoraci\u00f3n del 50 aniversario de la muerte del dictador.<\/p>\n<div id=\"wms-intext\" class=\"wms-intext\">\n<div id=\"jw-ms180180\" class=\"St_jw-ms180180\">\n<div class=\"wm-wrapper jw-wrapper\">\n<div class=\"wm-aspect wm-media-wrapper\">\u00a0<\/div>\n<\/div>\n<\/div>\n<\/div>\n<p style=\"text-align: justify;\">Es una sentencia tan hist\u00f3rica, nunca antes se hab\u00eda condenado a un fiscal del estado, como sorprendente. Se le condena sin que en el juicio se haya evidenciado ninguna prueba que sustente que fue el fiscal quien filtr\u00f3 el famoso correo. As\u00ed que habr\u00e1 que esperar a conocer el contenido para intentar entender lo que ha pasado.<\/p>\n<p style=\"text-align: justify;\">Porque ahora mismo la sensaci\u00f3n es que ha triunfado la mentira. Hubo quien minti\u00f3 en relaci\u00f3n con el caso de los delitos fiscales reconocidos por la pareja de Isabel D\u00edaz Ayuso y hubo quien intent\u00f3 desmontar la mentira contando la verdad. Y ha ganado la mentira, reconocida en sede judicial, ante los magistrados. Dijo Miguel \u00c1ngel Rodr\u00edguez, jefe de gabinete de la presidenta madrile\u00f1a, que \u00e9l puede mentir, porque no es notario, solo un periodista que hace labores pol\u00edticas.<\/p>\n<p style=\"text-align: justify;\">Y tan convincente debi\u00f3 ser en su argumento que los se\u00f1ores magistrados que han condenado al fiscal debieron concluir que eso es lo que los periodistas hacemos a diario, mentir. Habr\u00e1 quien lo haga, pero no es el caso de ninguno de los compa\u00f1eros que testificaron en el juicio, porque ellos s\u00ed hicieron bien su trabajo. Investigar e investigar hasta conseguir desmontar una mentira que Miguel \u00c1ngel Rodr\u00edguez col\u00f3 donde \u00e9l ya sab\u00eda que iba a colar.<\/p>\n<p style=\"text-align: justify;\">Es descorazonador para el oficio que aquellos que hacen bien su trabajo, respetando los principios de esta profesi\u00f3n y luchando por el derecho democr\u00e1tico de los ciudadanos a ser informados con veracidad, no encuentren en la justicia el acompa\u00f1amiento indispensable en un Estado de derecho.<\/p>\n<section class=\"c-sum fotx\">\n<div><a href=\"https:\/\/cadenaser.com\/nacional\/2025\/11\/20\/no-sere-yo-quien-insinue-ninguna-intencion-oculta-en-la-decision-del-supremo-este-20-n-pero-ya-es-casualidad-cadena-ser\/\">Carles Francino: \u00abNo ser\u00e9 yo quien insin\u00fae ninguna intenci\u00f3n oculta en la decisi\u00f3n del Supremo este 20-N, pero ya es casualidad\u00bb<\/a><\/div>\n<\/section>\n<p>Le\u00eda el otro d\u00eda a alguien que dignifica esta profesi\u00f3n como pocos, <a title=\"https:\/\/elpais.com\/espana\/2025-11-14\/un-desprecio-intolerable-al-periodismo.html\" href=\"https:\/\/elpais.com\/espana\/2025-11-14\/un-desprecio-intolerable-al-periodismo.html\" target=\"_blank\" rel=\"noopener noreferrer\">le\u00eda a Soledad Gallego D\u00edaz<\/a>, que escrib\u00eda que el proceso contra el fiscal general del Estado era tambi\u00e9n un proceso contra el ejercicio de la profesi\u00f3n, y hemos sido condenados.<\/p>\n<p>Veremos c\u00f3mo se argumenta en la sentencia el menosprecio a la verdad de los periodistas que declararon que no fue el fiscal quien les filtr\u00f3 el correo. Ya lo hab\u00edan hecho en la fase de instrucci\u00f3n y el juez les ignor\u00f3. Pero el da\u00f1o ya est\u00e1 hecho. Tendremos que dejarnos la piel para defendernos de los que han normalizado la mentira con ayuda de algunas instituciones pol\u00edticas y de un sector de la judicatura.<\/p>\n<p>Quien minti\u00f3 y fue el origen de todo este caso, est\u00e1 celebrando hoy la sentencia. Se legitima una forma de hacer pol\u00edtica que socava los principios m\u00e1s b\u00e1sicos de la democracia.<\/p>\n<p>https:\/\/cadenaser.com\/nacional\/2025\/11\/21\/tendremos-que-dejarnos-la-piel-para-defendernos-de-los-que-han-normalizado-la-mentira-la-firma-de-angels-barcelo-tras-la-condena-al-fiscal-general-cadena-ser\/<\/p>\n<p>foto: https:\/\/www.articulo14.es<\/p>\n","protected":false},"excerpt":{"rendered":"<p>\u00abTendremos que dejarnos la piel para defendernos de los que han normalizado la mentira\u00bb: la&#8230;<\/p>\n","protected":false},"author":1,"featured_media":80258,"comment_status":"closed","ping_status":"closed","sticky":false,"template":"","format":"standard","meta":{"_coblocks_attr":"","_coblocks_dimensions":"","_coblocks_responsive_height":"","_coblocks_accordion_ie_support":"","jetpack_post_was_ever_published":false,"_jetpack_newsletter_access":"","_jetpack_dont_email_post_to_subs":false,"_jetpack_newsletter_tier_id":0,"_jetpack_memberships_contains_paywalled_content":false,"_jetpack_memberships_contains_paid_content":false,"footnotes":"","jetpack_publicize_message":"","jetpack_publicize_feature_enabled":true,"jetpack_social_post_already_shared":true,"jetpack_social_options":{"image_generator_settings":{"template":"highway","default_image_id":0,"enabled":false},"version":2}},"categories":[1161,44,7671],"tags":[],"class_list":["post-80257","post","type-post","status-publish","format-standard","has-post-thumbnail","hentry","category-ciudadania","category-noticias-de-hoy","category-politica"],"jetpack_publicize_connections":[],"jetpack_featured_media_url":"https:\/\/i0.wp.com\/miradordeatarfe.es\/wp-content\/uploads\/2025\/11\/ayuso.jpeg?fit=320%2C180&ssl=1","jetpack_likes_enabled":true,"jetpack_sharing_enabled":true,"_links":{"self":[{"href":"https:\/\/miradordeatarfe.es\/index.php?rest_route=\/wp\/v2\/posts\/80257","targetHints":{"allow":["GET"]}}],"collection":[{"href":"https:\/\/miradordeatarfe.es\/index.php?rest_route=\/wp\/v2\/posts"}],"about":[{"href":"https:\/\/miradordeatarfe.es\/index.php?rest_route=\/wp\/v2\/types\/post"}],"author":[{"embeddable":true,"href":"https:\/\/miradordeatarfe.es\/index.php?rest_route=\/wp\/v2\/users\/1"}],"replies":[{"embeddable":true,"href":"https:\/\/miradordeatarfe.es\/index.php?rest_route=%2Fwp%2Fv2%2Fcomments&post=80257"}],"version-history":[{"count":1,"href":"https:\/\/miradordeatarfe.es\/index.php?rest_route=\/wp\/v2\/posts\/80257\/revisions"}],"predecessor-version":[{"id":80259,"href":"https:\/\/miradordeatarfe.es\/index.php?rest_route=\/wp\/v2\/posts\/80257\/revisions\/80259"}],"wp:featuredmedia":[{"embeddable":true,"href":"https:\/\/miradordeatarfe.es\/index.php?rest_route=\/wp\/v2\/media\/80258"}],"wp:attachment":[{"href":"https:\/\/miradordeatarfe.es\/index.php?rest_route=%2Fwp%2Fv2%2Fmedia&parent=80257"}],"wp:term":[{"taxonomy":"category","embeddable":true,"href":"https:\/\/miradordeatarfe.es\/index.php?rest_route=%2Fwp%2Fv2%2Fcategories&post=80257"},{"taxonomy":"post_tag","embeddable":true,"href":"https:\/\/miradordeatarfe.es\/index.php?rest_route=%2Fwp%2Fv2%2Ftags&post=80257"}],"curies":[{"name":"wp","href":"https:\/\/api.w.org\/{rel}","templated":true}]}}