{"id":80279,"date":"2025-11-24T11:19:11","date_gmt":"2025-11-24T10:19:11","guid":{"rendered":"https:\/\/miradordeatarfe.es\/?p=80279"},"modified":"2025-11-24T12:58:07","modified_gmt":"2025-11-24T11:58:07","slug":"atarfew-25n-%c2%b7-dia-internacional-de-la-eliminacion-de-la-violencia-contra-la-mujer","status":"publish","type":"post","link":"https:\/\/miradordeatarfe.es\/?p=80279","title":{"rendered":"ATARFE: 25N \u00b7 D\u00eda Internacional de la Eliminaci\u00f3n de la Violencia contra la Mujer"},"content":{"rendered":"<h3 class=\"zfr3Q CDt4Ke \" dir=\"ltr\" style=\"text-align: justify;\"><span class=\"C9DxTc \">Nos sumamos, un a\u00f1o m\u00e1s, a la lucha contra cualquier forma de violencia hacia las mujeres.<\/span><\/h3>\n<p class=\"zfr3Q CDt4Ke \" dir=\"ltr\" style=\"text-align: justify;\"><span class=\"C9DxTc \">Un acto para alzar la voz, mostrar nuestro compromiso y recordar que la igualdad, el respeto y la libertad deben ser pilares fundamentales de nuestra sociedad.<\/span><span class=\"C9DxTc \">\u00a0La violencia contra la mujer no es un asunto individual, es un problema social que nos interpela a todos y todas.<\/span><\/p>\n<p dir=\"ltr\" style=\"text-align: justify;\"><span data-huuid=\"16133813999474840703\">El 25 de noviembre en Espa\u00f1a se celebra el <mark class=\"QVRyCf\">D\u00eda Internacional para la Eliminaci\u00f3n de la Violencia contra la Mujer<\/mark>. <\/span><span data-huuid=\"16133813999474839714\">Esta jornada se conmemora anualmente para denunciar la violencia de g\u00e9nero y reclamar pol\u00edticas para erradicarla. <\/span><span data-huuid=\"16133813999474842821\">A nivel internacional, el d\u00eda fue establecido por las Naciones Unidas en 1999 y en Espa\u00f1a se vienen realizando actos y actividades de sensibilizaci\u00f3n desde el a\u00f1o 2000.<\/span><\/p>\n<p dir=\"ltr\" style=\"text-align: justify;\">Con la confirmaci\u00f3n de los \u00faltimos\u00a0 casos, el n\u00famero de mujeres asesinadas por violencia de g\u00e9nero asciende a<strong> 39 en 2025 y a 1.334 desde 2003<\/strong>, cuando se empezaron a recopilar estos datos<\/p>\n<p dir=\"ltr\" style=\"text-align: justify;\"><span class=\"ILfuVd\" lang=\"es\"><span class=\"hgKElc pOOWX\">La elecci\u00f3n de esta fecha <b>se<\/b> debe al brutal asesinato de las tres hermanas Mirabal en la Rep\u00fablica Dominicana cometido <b>por<\/b> la polic\u00eda secreta del dictador Le\u00f3nidas Trujillo el <b>25 de noviembre<\/b> de 1960. La manifestaci\u00f3n m\u00e1s tr\u00e1gica de la desigualdad es la <b>violencia<\/b> machista<\/span><\/span><\/p>\n<p class=\"zfr3Q CDt4Ke \" dir=\"ltr\" style=\"text-align: justify;\"><span class=\"C9DxTc \">Sigamos construyendo un Atarfe libre de violencia y lleno de igualdad y apoya dicha concentraci\u00f3n.<\/span><\/p>\n<p class=\"zfr3Q CDt4Ke \" dir=\"ltr\"><strong><span class=\"C9DxTc \">MARTES 25 DE NOVIEMBRE<\/span><\/strong><\/p>\n<p class=\"zfr3Q CDt4Ke \" dir=\"ltr\"><strong><span class=\"C9DxTc \">&#x1f4e3; Concentraci\u00f3n<\/span><\/strong><\/p>\n<p class=\"zfr3Q CDt4Ke \" dir=\"ltr\"><strong><span class=\"C9DxTc \">&#x1f4cd; Plaza del Ayuntamiento de Atarfe<\/span><\/strong><\/p>\n<p class=\"zfr3Q CDt4Ke \" dir=\"ltr\"><strong><span class=\"C9DxTc \">&#x1f55a; Hora: 11:00 h<\/span><\/strong><\/p>\n<p class=\"zfr3Q CDt4Ke \" dir=\"ltr\"><span class=\"C9DxTc \"><img data-recalc-dims=\"1\" loading=\"lazy\" decoding=\"async\" class=\"alignnone wp-image-80280 size-full\" src=\"https:\/\/i0.wp.com\/miradordeatarfe.es\/wp-content\/uploads\/2025\/11\/errr.jpg?resize=600%2C748&#038;ssl=1\" alt=\"\" width=\"600\" height=\"748\" srcset=\"https:\/\/i0.wp.com\/miradordeatarfe.es\/wp-content\/uploads\/2025\/11\/errr.jpg?w=600&amp;ssl=1 600w, https:\/\/i0.wp.com\/miradordeatarfe.es\/wp-content\/uploads\/2025\/11\/errr.jpg?resize=241%2C300&amp;ssl=1 241w\" sizes=\"auto, (max-width: 600px) 100vw, 600px\" \/><\/span><\/p>\n","protected":false},"excerpt":{"rendered":"<p>Nos sumamos, un a\u00f1o m\u00e1s, a la lucha contra cualquier forma de violencia hacia las&#8230;<\/p>\n","protected":false},"author":1,"featured_media":80281,"comment_status":"closed","ping_status":"closed","sticky":false,"template":"","format":"standard","meta":{"_coblocks_attr":"","_coblocks_dimensions":"","_coblocks_responsive_height":"","_coblocks_accordion_ie_support":"","jetpack_post_was_ever_published":false,"_jetpack_newsletter_access":"","_jetpack_dont_email_post_to_subs":false,"_jetpack_newsletter_tier_id":0,"_jetpack_memberships_contains_paywalled_content":false,"_jetpack_memberships_contains_paid_content":false,"footnotes":"","jetpack_publicize_message":"","jetpack_publicize_feature_enabled":true,"jetpack_social_post_already_shared":false,"jetpack_social_options":{"image_generator_settings":{"template":"highway","default_image_id":0,"enabled":false},"version":2}},"categories":[1161,14,186,44,6937],"tags":[],"class_list":["post-80279","post","type-post","status-publish","format-standard","has-post-thumbnail","hentry","category-ciudadania","category-feminismo","category-instituciones","category-noticias-de-hoy","category-sociedad"],"jetpack_publicize_connections":[],"jetpack_featured_media_url":"https:\/\/i0.wp.com\/miradordeatarfe.es\/wp-content\/uploads\/2025\/11\/errr1.jpg?fit=525%2C279&ssl=1","jetpack_likes_enabled":true,"jetpack_sharing_enabled":true,"_links":{"self":[{"href":"https:\/\/miradordeatarfe.es\/index.php?rest_route=\/wp\/v2\/posts\/80279","targetHints":{"allow":["GET"]}}],"collection":[{"href":"https:\/\/miradordeatarfe.es\/index.php?rest_route=\/wp\/v2\/posts"}],"about":[{"href":"https:\/\/miradordeatarfe.es\/index.php?rest_route=\/wp\/v2\/types\/post"}],"author":[{"embeddable":true,"href":"https:\/\/miradordeatarfe.es\/index.php?rest_route=\/wp\/v2\/users\/1"}],"replies":[{"embeddable":true,"href":"https:\/\/miradordeatarfe.es\/index.php?rest_route=%2Fwp%2Fv2%2Fcomments&post=80279"}],"version-history":[{"count":2,"href":"https:\/\/miradordeatarfe.es\/index.php?rest_route=\/wp\/v2\/posts\/80279\/revisions"}],"predecessor-version":[{"id":80286,"href":"https:\/\/miradordeatarfe.es\/index.php?rest_route=\/wp\/v2\/posts\/80279\/revisions\/80286"}],"wp:featuredmedia":[{"embeddable":true,"href":"https:\/\/miradordeatarfe.es\/index.php?rest_route=\/wp\/v2\/media\/80281"}],"wp:attachment":[{"href":"https:\/\/miradordeatarfe.es\/index.php?rest_route=%2Fwp%2Fv2%2Fmedia&parent=80279"}],"wp:term":[{"taxonomy":"category","embeddable":true,"href":"https:\/\/miradordeatarfe.es\/index.php?rest_route=%2Fwp%2Fv2%2Fcategories&post=80279"},{"taxonomy":"post_tag","embeddable":true,"href":"https:\/\/miradordeatarfe.es\/index.php?rest_route=%2Fwp%2Fv2%2Ftags&post=80279"}],"curies":[{"name":"wp","href":"https:\/\/api.w.org\/{rel}","templated":true}]}}