{"id":80283,"date":"2025-11-28T11:20:10","date_gmt":"2025-11-28T10:20:10","guid":{"rendered":"https:\/\/miradordeatarfe.es\/?p=80283"},"modified":"2025-11-28T11:14:25","modified_gmt":"2025-11-28T10:14:25","slug":"madinat-ilbira-el-candil-magico-un-comic-para-difundir-la-grandeza-de-medina-elvira","status":"publish","type":"post","link":"https:\/\/miradordeatarfe.es\/?p=80283","title":{"rendered":"\u00abMadinat Ilbira: el candil m\u00e1gico\u00bb, un c\u00f3mic para difundir la grandeza de Medina Elvira"},"content":{"rendered":"<h3>Impulsado por la asociaci\u00f3n cultural La Cora de Ilbira y creado por Juanjo Meg\u00edas, el c\u00f3mic es un recurso cultural y educativo para difundir el patrimonio de Madinat Ilbira.<\/h3>\n<div class=\"cuerpo\">\n<p style=\"text-align: justify;\">La asociaci\u00f3n cultural Cora de Ilbira ha presentado el c\u00f3mico \u00abMadinat Ilibira: el candil m\u00e1gico\u00bb, una iniciativa que comenz\u00f3 hace m\u00e1s de dos a\u00f1os y que ha culminado con la puesta a disposici\u00f3n de una gran herramienta cultural y educativa para la difusi\u00f3n del patrimonio de Atarfe.<\/p>\n<p style=\"text-align: justify;\">Como explica la asociaci\u00f3n, fue un alumno de ESO del IES Il\u00edberis quien aport\u00f3 la idea de crear un c\u00f3mic, con el objetivo de facilitar el conocimiento de nuestra historia entre los siglos IX y XI a la infancia y juventud atarfe\u00f1as.<\/p>\n<p style=\"text-align: justify;\">Desde ese momento, la Junta Directiva dedic\u00f3 parte de su tiempo y sus contactos para hacer realidad la propuesta inicial. El autor del c\u00f3mic es Juanjo Meg\u00edas, dibujante, redactor y dise\u00f1ador, vecino de Atarfe. Para la Asociaci\u00f3n Cultural La Cora de Ilbira fue \u00abtodo un descubrimiento. Le propusimos la idea en una reuni\u00f3n\/desayuno y le entusiasm\u00f3, incorpor\u00e1ndose de inmediato al equipo\u00bb, relata el colectivo.<\/p>\n<p class=\"sumari\" style=\"text-align: justify;\">El c\u00f3mic tiene como objetivo \u00abdifundir el patrimonio de Madinat Ilbira, sus valores e inter\u00e9s hist\u00f3rico especialmente entre los centros escolares,adultos y poblaci\u00f3n general de la Vega\u00bb; \u00abelaborar un recurso pedag\u00f3gico asociado a nuestro patrimonio, potenciando el conocimiento de Madinat Ilbira\u00bb; y \u00abponer en valor la historia, el paisaje y las costumbres de la antigua ciudad de Madinat Ilbira ense\u00f1ando como respetar y comprender el Patrimonio\u00bb<\/p>\n<p style=\"text-align: justify;\">El c\u00f3mic tiene como objetivo \u00abdifundir el patrimonio de Madinat Ilbira, sus valores e inter\u00e9s hist\u00f3rico especialmente entre los centros escolares,adultos y poblaci\u00f3n general de la Vega\u00bb; \u00abelaborar un recurso pedag\u00f3gico asociado a nuestro patrimonio, potenciando el conocimiento de Madinat Ilbira\u00bb; y \u00abponer en valor la historia, el paisaje y las costumbres de la antigua ciudad de Madinat Ilbira ense\u00f1ando como respetar y comprender el Patrimonio\u00bb.<\/p>\n<p style=\"text-align: justify;\">Para la base cient\u00edfica, el colaborador, ha sido el profesor, director de la C\u00e1tedra G\u00f3mez Moreno de la Universidad de Granada y del Proyecto de investigaci\u00f3n para la recuperaci\u00f3n de Madinat Ilbira, Guillermo Garc\u00eda-Contreras.\u00a0<\/p>\n<p style=\"text-align: justify;\">Y se ha contado con la colaboraci\u00f3n del Ayuntamiento de Atarfe, a trav\u00e9s de la concejala de Cultura del Ayuntamiento de Atarfe, Jennifer Garc\u00eda Moreno.\u00a0<\/p>\n<p style=\"text-align: justify;\">Para la financiaci\u00f3n de la edici\u00f3n del c\u00f3mic se cont\u00f3 con la ayuda del presidente de la Fundaci\u00f3n Sierra Elvira, Cecilio Mart\u00edn, \u00aborganizaci\u00f3n que se destaca por su vocaci\u00f3n atarfe\u00f1a, qui\u00e9n tampoco dud\u00f3 en manifestar su apoyo e inter\u00e9s dirigido a financiar el coste de impresi\u00f3n del c\u00f3mic\u00bb, seg\u00fan la cora atarfe\u00f1a.<\/p>\n<p style=\"text-align: justify;\">El c\u00f3mic se present\u00f3 el pasado 11 de noviembre en un acto con la participaci\u00f3n de la alcaldesa de Atarfe, Yolanda Fern\u00e1ndezMorales, el presidente de la Fundaci\u00f3n Sierra Elvira, Cecilio Mart\u00edn, y el autor, Juanjo Meg\u00edas.<\/p>\n<p style=\"text-align: justify;\">La Asociaci\u00f3n Cultural \u201dLa Cora de Ilbira\u201d agradece \u00abel compromiso y apoyo\u00bb recibidos de parte del Ayuntamiento de Atarfe y la Fundaci\u00f3n Sierra Elvira, la Catedra G\u00f3mez Moreno\u00a0 y el grupo de Investigaci\u00f3n Itsmo de la Universidad de Granada\u00bb. \u00abEsta forma de funcionar que promueve la coordinaci\u00f3n, el entendimiento entre instituciones y organizaciones, que ejerce nuestra asociaci\u00f3n, como promotora del acceso de la ciudadan\u00eda a la cultura, solo puede dar buenos resultados, como la existencia del c\u00f3mic \u00abMadinat Ilbira: el candil m\u00e1gico\u00bb, que ya est\u00e1 en las bibliotecas de los centros educativos atarfe\u00f1os\u00bb.\u00a0<\/p>\n<p style=\"text-align: justify;\">Ha sido un trabajo fruto de las aportaciones de distintas instituciones de Atarfe que se unen a este proyecto como el asesoramiento e investigaci\u00f3n de la C\u00e1tedra G\u00f3mez Moreno del Departamento de Historia Medieval de la UGR, el Ayuntamiento de Atarfe y la Diputaci\u00f3n Provincial, m\u00e1s la Fundaci\u00f3n Sierra Elvira que cre\u00f3 Marcos Lamolda.\u00a0<\/p>\n<h4 class=\"divdest\"><strong>Entrevista con el autor del c\u00f3mic<\/strong><\/h4>\n<p><a href=\"https:\/\/www.elindependientedegranada.es\/cultura\/comic-hay-historia-cada-lector-comic-no-discrimina-te-esperando\">https:\/\/www.elindependientedegranada.es\/cultura\/comic-hay-historia-cada-lector-comic-no-discrimina-te-esperando<\/a><\/p>\n<p><strong>EL INDEPENDIENTE DE GRANADA<\/strong><\/p>\n<p>FOTO: Uno de los pasajes del c\u00f3mic \u00abMadinat Ilbira: el candil m\u00e1gico\u00bb. MIRADORDEATARFE<\/p>\n<p>https:\/\/www.elindependientedegranada.es\/cultura\/madinat-ilbira-candil-magico-comic-difundir-grandeza-medina-elvira<\/p>\n<\/div>\n","protected":false},"excerpt":{"rendered":"<p>Impulsado por la asociaci\u00f3n cultural La Cora de Ilbira y creado por Juanjo Meg\u00edas, el&#8230;<\/p>\n","protected":false},"author":1,"featured_media":80284,"comment_status":"closed","ping_status":"closed","sticky":false,"template":"","format":"standard","meta":{"_coblocks_attr":"","_coblocks_dimensions":"","_coblocks_responsive_height":"","_coblocks_accordion_ie_support":"","jetpack_post_was_ever_published":false,"_jetpack_newsletter_access":"","_jetpack_dont_email_post_to_subs":false,"_jetpack_newsletter_tier_id":0,"_jetpack_memberships_contains_paywalled_content":false,"_jetpack_memberships_contains_paid_content":false,"footnotes":"","jetpack_publicize_message":"","jetpack_publicize_feature_enabled":true,"jetpack_social_post_already_shared":true,"jetpack_social_options":{"image_generator_settings":{"template":"highway","default_image_id":0,"enabled":false},"version":2}},"categories":[12,186,5359,10431,44],"tags":[],"class_list":["post-80283","post","type-post","status-publish","format-standard","has-post-thumbnail","hentry","category-cultura","category-instituciones","category-madinat-ilbira","category-medina-elvira-2","category-noticias-de-hoy"],"jetpack_publicize_connections":[],"jetpack_featured_media_url":"https:\/\/i0.wp.com\/miradordeatarfe.es\/wp-content\/uploads\/2025\/11\/comic_madinat_ilbira.jpg?fit=650%2C479&ssl=1","jetpack_likes_enabled":true,"jetpack_sharing_enabled":true,"_links":{"self":[{"href":"https:\/\/miradordeatarfe.es\/index.php?rest_route=\/wp\/v2\/posts\/80283","targetHints":{"allow":["GET"]}}],"collection":[{"href":"https:\/\/miradordeatarfe.es\/index.php?rest_route=\/wp\/v2\/posts"}],"about":[{"href":"https:\/\/miradordeatarfe.es\/index.php?rest_route=\/wp\/v2\/types\/post"}],"author":[{"embeddable":true,"href":"https:\/\/miradordeatarfe.es\/index.php?rest_route=\/wp\/v2\/users\/1"}],"replies":[{"embeddable":true,"href":"https:\/\/miradordeatarfe.es\/index.php?rest_route=%2Fwp%2Fv2%2Fcomments&post=80283"}],"version-history":[{"count":3,"href":"https:\/\/miradordeatarfe.es\/index.php?rest_route=\/wp\/v2\/posts\/80283\/revisions"}],"predecessor-version":[{"id":80288,"href":"https:\/\/miradordeatarfe.es\/index.php?rest_route=\/wp\/v2\/posts\/80283\/revisions\/80288"}],"wp:featuredmedia":[{"embeddable":true,"href":"https:\/\/miradordeatarfe.es\/index.php?rest_route=\/wp\/v2\/media\/80284"}],"wp:attachment":[{"href":"https:\/\/miradordeatarfe.es\/index.php?rest_route=%2Fwp%2Fv2%2Fmedia&parent=80283"}],"wp:term":[{"taxonomy":"category","embeddable":true,"href":"https:\/\/miradordeatarfe.es\/index.php?rest_route=%2Fwp%2Fv2%2Fcategories&post=80283"},{"taxonomy":"post_tag","embeddable":true,"href":"https:\/\/miradordeatarfe.es\/index.php?rest_route=%2Fwp%2Fv2%2Ftags&post=80283"}],"curies":[{"name":"wp","href":"https:\/\/api.w.org\/{rel}","templated":true}]}}