{"id":80289,"date":"2025-11-30T08:30:59","date_gmt":"2025-11-30T07:30:59","guid":{"rendered":"https:\/\/miradordeatarfe.es\/?p=80289"},"modified":"2025-11-26T20:10:48","modified_gmt":"2025-11-26T19:10:48","slug":"la-muerte-de-franco","status":"publish","type":"post","link":"https:\/\/miradordeatarfe.es\/?p=80289","title":{"rendered":"LA MUERTE DE FRANCO"},"content":{"rendered":"<h3>EN EL BLOG\u00a0\u00a0<a href=\"https:\/\/historiadeespanaenlaprensa.blogspot.com\/\">HISTORIA DE ESPA\u00d1A EN LA PRENSA \u00a0\u00a0<\/a> REALIZADO POR <span style=\"color: #800000;\">Jorge Su\u00e1rez Borrajo HACE UN A RECOPILACI\u00d3N DE ART\u00cdCULOS INTERESANTES PARA LA HISTORIA QUE TAREMOS AQU\u00cd 50 A\u00d1OS DESPU\u00c9S\u00a0<\/span><\/h3>\n<p><strong><em>VIERNES 20 NOV-09: MUERTE DE FRANCO<\/em><\/strong><br \/>\n\u00a0\u00a0\u00a0\u00a0\u00a0\u00a0\u00a0\u00a0 <a href=\"http:\/\/www.abc.es\/20091120\/nacional-\/franco-muerte-hemeroteca-200911201639.html\">\u201cEspa\u00f1oles\u2026 Franco ha muerto\u201d<\/a><br \/>\nABC.es. Art\u00edculo en el que se recuerda c\u00f3mo se anunci\u00f3 en el peri\u00f3dico ABC la muerte de Franco, hace 34 a\u00f1os. 130 enviados especiales extranjeros fueron acreditados en Madrid para recoger los 56 partes m\u00e9dicos y 115 comunicados facilitados durante la enfermedad del Caudillo. \u201cPido perd\u00f3n a todos, como de todo coraz\u00f3n perdono a cuantos se declararon mis enemigos, sin que yo los tuviera como tales. Creo y deseo no haber tenido otros que aquellos que lo fueron de Espa\u00f1a.\u201d \/\/\/ Enlaces al peri\u00f3dico ABC del 21 de noviembre de 1975.<\/p>\n<p><em>VIERNES 30 MAY-08: DOCUMENTAL<\/em><br \/>\n\u00a0\u00a0\u00a0\u00a0\u00a0\u00a0\u00a0\u00a0\u00a0Dos horas y media de ficci\u00f3n para descifrar \u201cLos \u00faltimos d\u00edas de Franco\u201d <a href=\"https:\/\/youtu.be\/zpYkgHEbeTE?si=6SV3sw5xKZu1RaIK\">https:\/\/youtu.be\/zpYkgHEbeTE?si=6SV3sw5xKZu1RaIK<\/a><br \/>\nEl Mundo (Comunicaci\u00f3n). Art\u00edculo sobre una serie con tintes hist\u00f3ricos que se est\u00e1 grabando sobre los \u00faltimos d\u00edas de Franco. \/\/\/ De Don Juan Carlos a Arias Navarro.<\/p>\n<p>DIC-07: FIN DE LA DICTADURA<\/p>\n<p>La libertad a debate. An\u00e1lisis pol\u00edtico y social del camino a la democracia<\/p>\n<p>Historia y Vida n\u00ba477 (Libros). Cr\u00edtica de los libros \u201cLa transici\u00f3n a la democracia\u201d de Javier Tusell y \u201cEl final de la dictadura\u201d de Nicol\u00e1s Sartorius y Alberto Sabio. Visi\u00f3n desde abajo.<\/p>\n<p>LUNES 19 NOV-07: \u00daLTIMOS D\u00cdAS DE FRANCO<\/p>\n<p>\u00a0\u00a0\u00a0\u00a0\u00a0\u00a0\u00a0\u00a0<a href=\"http:\/\/elpais.com\/diario\/2007\/11\/19\/espana\/1195426814_850215.html\"> \u201cA Franco no le opera nadie\u201d<\/a><\/p>\n<p>El Pa\u00eds. Segunda entrega de las memorias de los \u00faltimos d\u00edas de Franco escritas por el doctor Rivera.<\/p>\n<p>MARTES 12 JUN-07: MUERTE DE FRANCO<\/p>\n<p>\u00a0\u00a0\u00a0\u00a0\u00a0\u00a0\u00a0\u00a0 <a href=\"http:\/\/www.elmundo.es\/elmundosalud\/2007\/06\/11\/medicina\/1181564612.html\">Franco muri\u00f3 por \u201cuna operaci\u00f3n mal hecha\u201d<\/a><\/p>\n<p>El Mundo. Art\u00edculo sobre las memorias de Juan Abarca, uno de los cirujanos del equipo que atendi\u00f3 a Franco, en el que detalla los \u00faltimos momentos del dictador. Gastritis hemorr\u00e1gica.<\/p>\n<p>VIERNES 18 NOV-05: MUERTE DE FRANCO<br \/>\n\u00a0\u00a0\u00a0\u00a0\u00a0 <a href=\"http:\/\/estaticos.elmundo.es\/documentos\/2005\/11\/18\/franco.pdf\">Agon\u00eda y muerte de un dictador<\/a><br \/>\nEl Mundo Documentos. Especial dedicado a los \u00faltimos d\u00edas del franquismo. Las \u00faltimas batallas del general (Victoria Prego). \u201cTengo la convicci\u00f3n de que Franco muri\u00f3 el 19 de noviembre\u201d (Antonio Piga, m\u00e9dico forense que particip\u00f3 en el embalsamiento). Nombre para la Historia (Justino Sinova). \u00daltimas intrigas pol\u00edticas (Joaqu\u00edn Bardav\u00edo). Falleci\u00f3 despu\u00e9s de muerto (Ra\u00fal del Pozo). \u00bfAtado y bien atado? (Ricardo de la Cierva). La familia y nadie m\u00e1s (Carmen Rigalt). La noche triste del caudillo (Franciso Umbral).<\/p>\n<p>MARTES 17 AGO-04: MUERTE DE FRANCO<br \/>\n\u00a0\u00a0\u00a0\u00a0\u00a0\u00a0\u00a0\u00a0 <a href=\"http:\/\/www.elmundo.es\/elmundolibro\/2004\/08\/13\/no_ficcion\/1092411929.html\">Toda la verdad sobre los \u00faltimos d\u00edas de vida de Francisco Franco<\/a><br \/>\nElmundo.es. Art\u00edculo sobre el libro \u201cEl paciente de El Pardo\u201d en el que Jos\u00e9 Luis Palma G\u00e1miz, m\u00e9dico personal de Franco, relata c\u00f3mo fueron los \u00faltimos d\u00edas de vida del dictador. Los partes m\u00e9dicos m\u00e1s dif\u00edciles. Un paciente dif\u00edcil. Oscurantismo oficial. Alargar la agon\u00eda.<\/p>\n<p>DIC-00: BIBLIOGRAF\u00cdA<\/p>\n<p>\u00a0\u00a0\u00a0\u00a0\u00a0\u00a0 Aquel mes de noviembre&#8230;<br \/>\nLa Aventura de la Historia n\u00ba26 (Libros). Rese\u00f1a de los libros \u201cFranquismo. El juicio de la Historia\u201d, de varios autores; \u201c25\u00a0 a\u00f1os sin Franco\u201d de Eduardo Chamorro; \u201c30 d\u00edas de noviembre\u201d de Pilar Cernuda; \u201cFotobiograf\u00eda de Franco\u201d, de Jos\u00e9 \u00c1ngel Garc\u00eda de Cort\u00e1zar; \u201cFotobiograf\u00eda de Juan Carlos I\u201d, de Javier Tusell; y \u201cFranco\u201d, de G. S\u00e1nchez Recio. Tinieblas y esperanza. Eficaz s\u00edntesis.<\/p>\n<p><a class=\"profile-name-link g-profile\" href=\"https:\/\/www.blogger.com\/profile\/09704640641962593690\" rel=\"author\">Jorge Su\u00e1rez Borrajo <\/a>Licenciado en Geograf\u00eda e Historia, y en Ciencias de la Informaci\u00f3n (Periodismo). Soy profesor de Secundaria (Ciencias Sociales, Geograf\u00eda e Historia) y actualmente trabajo en el IES Avalon de Valdemoro.<\/p>\n<p>https:\/\/historiadeespanaenlaprensa.blogspot.com\/2012\/11\/muerte-de-franco.html<\/p>\n<p>&nbsp;<\/p>\n","protected":false},"excerpt":{"rendered":"<p>EN EL BLOG\u00a0\u00a0HISTORIA DE ESPA\u00d1A EN LA PRENSA \u00a0\u00a0 REALIZADO POR Jorge Su\u00e1rez Borrajo HACE&#8230;<\/p>\n","protected":false},"author":1,"featured_media":80290,"comment_status":"closed","ping_status":"closed","sticky":false,"template":"","format":"standard","meta":{"_coblocks_attr":"","_coblocks_dimensions":"","_coblocks_responsive_height":"","_coblocks_accordion_ie_support":"","jetpack_post_was_ever_published":false,"_jetpack_newsletter_access":"","_jetpack_dont_email_post_to_subs":false,"_jetpack_newsletter_tier_id":0,"_jetpack_memberships_contains_paywalled_content":false,"_jetpack_memberships_contains_paid_content":false,"footnotes":"","jetpack_publicize_message":"","jetpack_publicize_feature_enabled":true,"jetpack_social_post_already_shared":true,"jetpack_social_options":{"image_generator_settings":{"template":"highway","default_image_id":0,"enabled":false},"version":2}},"categories":[1161,44,6937],"tags":[],"class_list":["post-80289","post","type-post","status-publish","format-standard","has-post-thumbnail","hentry","category-ciudadania","category-noticias-de-hoy","category-sociedad"],"jetpack_publicize_connections":[],"jetpack_featured_media_url":"https:\/\/i0.wp.com\/miradordeatarfe.es\/wp-content\/uploads\/2025\/11\/muerte-de-franco-1.jpg?fit=770%2C460&ssl=1","jetpack_likes_enabled":true,"jetpack_sharing_enabled":true,"_links":{"self":[{"href":"https:\/\/miradordeatarfe.es\/index.php?rest_route=\/wp\/v2\/posts\/80289","targetHints":{"allow":["GET"]}}],"collection":[{"href":"https:\/\/miradordeatarfe.es\/index.php?rest_route=\/wp\/v2\/posts"}],"about":[{"href":"https:\/\/miradordeatarfe.es\/index.php?rest_route=\/wp\/v2\/types\/post"}],"author":[{"embeddable":true,"href":"https:\/\/miradordeatarfe.es\/index.php?rest_route=\/wp\/v2\/users\/1"}],"replies":[{"embeddable":true,"href":"https:\/\/miradordeatarfe.es\/index.php?rest_route=%2Fwp%2Fv2%2Fcomments&post=80289"}],"version-history":[{"count":1,"href":"https:\/\/miradordeatarfe.es\/index.php?rest_route=\/wp\/v2\/posts\/80289\/revisions"}],"predecessor-version":[{"id":80291,"href":"https:\/\/miradordeatarfe.es\/index.php?rest_route=\/wp\/v2\/posts\/80289\/revisions\/80291"}],"wp:featuredmedia":[{"embeddable":true,"href":"https:\/\/miradordeatarfe.es\/index.php?rest_route=\/wp\/v2\/media\/80290"}],"wp:attachment":[{"href":"https:\/\/miradordeatarfe.es\/index.php?rest_route=%2Fwp%2Fv2%2Fmedia&parent=80289"}],"wp:term":[{"taxonomy":"category","embeddable":true,"href":"https:\/\/miradordeatarfe.es\/index.php?rest_route=%2Fwp%2Fv2%2Fcategories&post=80289"},{"taxonomy":"post_tag","embeddable":true,"href":"https:\/\/miradordeatarfe.es\/index.php?rest_route=%2Fwp%2Fv2%2Ftags&post=80289"}],"curies":[{"name":"wp","href":"https:\/\/api.w.org\/{rel}","templated":true}]}}