{"id":80305,"date":"2025-11-27T11:00:43","date_gmt":"2025-11-27T10:00:43","guid":{"rendered":"https:\/\/miradordeatarfe.es\/?p=80305"},"modified":"2025-11-25T13:54:15","modified_gmt":"2025-11-25T12:54:15","slug":"nueva-visita-guiada-al-yacimiento-de-madinat-ilbira","status":"publish","type":"post","link":"https:\/\/miradordeatarfe.es\/?p=80305","title":{"rendered":"Nueva visita guiada al yacimiento de Madinat Ilbira"},"content":{"rendered":"<h2>Nueva visita guiada al yacimiento de Madinat Ilbira dentro del programa Rutas de Atarfe, te invitamos a participar en la visita al yacimiento de Madinat Ilbira, una oportunidad \u00fanica para conocer nuestra historia.<\/h2>\n<div>\n<p>&#8211;<strong>\u00a030 de noviembre<\/strong><br \/>\n<strong>&#8211;\u00a0Salida: 09:30 h desde la Plaza de Toros<\/strong><br \/>\n<strong>_\u00a0Inscripciones en el Centro Cultural Medina Elvira<\/strong><\/p>\n<p>Esta ruta forma parte del itinerario cultural \u201cRutas de Atarfe\u201d, dise\u00f1ado para descubrir los rincones m\u00e1s significativos de nuestro entorno: patrimonio, naturaleza, memoria hist\u00f3rica y nuestro pasado andalus\u00ed.<\/p>\n<p>No te pierdas esta experiencia que nos conecta con nuestros or\u00edgenes y con la grandeza de Medina Elvira.<\/p>\n<p>&nbsp;<\/p>\n<p><img data-recalc-dims=\"1\" loading=\"lazy\" decoding=\"async\" class=\"alignnone wp-image-80306 \" src=\"https:\/\/i0.wp.com\/miradordeatarfe.es\/wp-content\/uploads\/2025\/11\/visita-madinat-ilbira-30-noviembre.jpg?resize=640%2C906&#038;ssl=1\" alt=\"\" width=\"640\" height=\"906\" srcset=\"https:\/\/i0.wp.com\/miradordeatarfe.es\/wp-content\/uploads\/2025\/11\/visita-madinat-ilbira-30-noviembre.jpg?w=600&amp;ssl=1 600w, https:\/\/i0.wp.com\/miradordeatarfe.es\/wp-content\/uploads\/2025\/11\/visita-madinat-ilbira-30-noviembre.jpg?resize=212%2C300&amp;ssl=1 212w\" sizes=\"auto, (max-width: 640px) 100vw, 640px\" \/><\/p>\n<\/div>\n","protected":false},"excerpt":{"rendered":"<p>Nueva visita guiada al yacimiento de Madinat Ilbira dentro del programa Rutas de Atarfe, te&#8230;<\/p>\n","protected":false},"author":1,"featured_media":80307,"comment_status":"closed","ping_status":"closed","sticky":false,"template":"","format":"standard","meta":{"_coblocks_attr":"","_coblocks_dimensions":"","_coblocks_responsive_height":"","_coblocks_accordion_ie_support":"","jetpack_post_was_ever_published":false,"_jetpack_newsletter_access":"","_jetpack_dont_email_post_to_subs":false,"_jetpack_newsletter_tier_id":0,"_jetpack_memberships_contains_paywalled_content":false,"_jetpack_memberships_contains_paid_content":false,"footnotes":"","jetpack_publicize_message":"","jetpack_publicize_feature_enabled":true,"jetpack_social_post_already_shared":true,"jetpack_social_options":{"image_generator_settings":{"template":"highway","default_image_id":0,"enabled":false},"version":2}},"categories":[6916,1161,10431,44],"tags":[],"class_list":["post-80305","post","type-post","status-publish","format-standard","has-post-thumbnail","hentry","category-ayuntamiento-de-atarfe","category-ciudadania","category-medina-elvira-2","category-noticias-de-hoy"],"jetpack_publicize_connections":[],"jetpack_featured_media_url":"https:\/\/i0.wp.com\/miradordeatarfe.es\/wp-content\/uploads\/2025\/11\/medina_elvira_1_rec.jpg?fit=615%2C293&ssl=1","jetpack_likes_enabled":true,"jetpack_sharing_enabled":true,"_links":{"self":[{"href":"https:\/\/miradordeatarfe.es\/index.php?rest_route=\/wp\/v2\/posts\/80305","targetHints":{"allow":["GET"]}}],"collection":[{"href":"https:\/\/miradordeatarfe.es\/index.php?rest_route=\/wp\/v2\/posts"}],"about":[{"href":"https:\/\/miradordeatarfe.es\/index.php?rest_route=\/wp\/v2\/types\/post"}],"author":[{"embeddable":true,"href":"https:\/\/miradordeatarfe.es\/index.php?rest_route=\/wp\/v2\/users\/1"}],"replies":[{"embeddable":true,"href":"https:\/\/miradordeatarfe.es\/index.php?rest_route=%2Fwp%2Fv2%2Fcomments&post=80305"}],"version-history":[{"count":1,"href":"https:\/\/miradordeatarfe.es\/index.php?rest_route=\/wp\/v2\/posts\/80305\/revisions"}],"predecessor-version":[{"id":80308,"href":"https:\/\/miradordeatarfe.es\/index.php?rest_route=\/wp\/v2\/posts\/80305\/revisions\/80308"}],"wp:featuredmedia":[{"embeddable":true,"href":"https:\/\/miradordeatarfe.es\/index.php?rest_route=\/wp\/v2\/media\/80307"}],"wp:attachment":[{"href":"https:\/\/miradordeatarfe.es\/index.php?rest_route=%2Fwp%2Fv2%2Fmedia&parent=80305"}],"wp:term":[{"taxonomy":"category","embeddable":true,"href":"https:\/\/miradordeatarfe.es\/index.php?rest_route=%2Fwp%2Fv2%2Fcategories&post=80305"},{"taxonomy":"post_tag","embeddable":true,"href":"https:\/\/miradordeatarfe.es\/index.php?rest_route=%2Fwp%2Fv2%2Ftags&post=80305"}],"curies":[{"name":"wp","href":"https:\/\/api.w.org\/{rel}","templated":true}]}}