{"id":80309,"date":"2025-11-27T11:26:10","date_gmt":"2025-11-27T10:26:10","guid":{"rendered":"https:\/\/miradordeatarfe.es\/?p=80309"},"modified":"2025-11-25T13:34:34","modified_gmt":"2025-11-25T12:34:34","slug":"atarfe-entrega-de-las-ayudas-a-colectivos-sociales","status":"publish","type":"post","link":"https:\/\/miradordeatarfe.es\/?p=80309","title":{"rendered":"ATARFE: ENTREGA DE LAS AYUDAS A COLECTIVOS SOCIALES"},"content":{"rendered":"<h3>Hemos hecho entrega de las ayudas econ\u00f3micas destinadas a las asociaciones de nuestro municipio.<\/h3>\n<p>Tras estudiar los proyectos presentados al \u00c1rea de Participaci\u00f3n Ciudadana, se han concedido subvenciones que permitir\u00e1n a estas entidades desarrollar las actividades y programas que tienen previstos.Queremos felicitar y dar la enhorabuena a las siete Asociaciones beneficiarias en esta convocatoria por su trabajo, su compromiso y su aportaci\u00f3n a la vida social y cultural de Atarfe.<\/p>\n<p>En el acto se anim\u00f3 al resto de Asociaciones del municipio a participar de forma activa en las pr\u00f3ximas convocatorias. Entre todos, seguimos construyendo un Atarfe m\u00e1s diverso, participativo y unido.<\/p>\n<p>\u00a0Los requisitos fueron publicadas en el Portal de Transparencia y en el BOP n\u00fam. 154, de 9 de agosto de 2024.<\/p>\n<p>Entre los objetivos espec\u00edficos de la presente convocatoria del a\u00f1o 2025 son:<br \/>\n\u2022 Potenciar el tejido social y vecinal de Atarfe.<br \/>\n\u2022 Promover la dinamizaci\u00f3n de la vida colectiva y la relaci\u00f3n entre los vecinos y vecinas.<br \/>\n\u2022 Propiciar espacios abiertos al debate, intercambio de ideas y elaboraci\u00f3n de propuestas.<br \/>\n\u2022 Facilitar la cohesi\u00f3n social en el municipio de Atarfe.<br \/>\n\u2022 Potenciar el trabajo en red, entre asociaciones y de \u00e9stas con las instituciones y la ciudadan\u00eda. P\u00e1gina 1 de 20 P\u00e1gina 23 de un total de 193<br \/>\n\u2022 Incidir en la formaci\u00f3n e informaci\u00f3n para la participaci\u00f3n ciudadana.<br \/>\n\u2022 Fomentar la incorporaci\u00f3n, dinamizaci\u00f3n o vinculaci\u00f3n de personas j\u00f3venes dentro de las entidades ciudadanas como relevo generacional.<br \/>\n\u2022 Fomentar la perspectiva de g\u00e9nero y el medioambiente como elemento transversal en los proyectos socioculturales ciudadanos.<\/p>\n<p>Los proyectos presentados est\u00e1n directamente relacionados con el fomento de la participaci\u00f3n ciudadana en el municipio de Atarfe<\/p>\n<p>&nbsp;<\/p>\n<p>https:\/\/youtube.com\/shorts\/wvn5q63M8Sc?si=EYXbO4mx-zykuOMR<\/p>\n","protected":false},"excerpt":{"rendered":"<p>Hemos hecho entrega de las ayudas econ\u00f3micas destinadas a las asociaciones de nuestro municipio. Tras&#8230;<\/p>\n","protected":false},"author":1,"featured_media":80310,"comment_status":"closed","ping_status":"closed","sticky":false,"template":"","format":"standard","meta":{"_coblocks_attr":"","_coblocks_dimensions":"","_coblocks_responsive_height":"","_coblocks_accordion_ie_support":"","jetpack_post_was_ever_published":false,"_jetpack_newsletter_access":"","_jetpack_dont_email_post_to_subs":false,"_jetpack_newsletter_tier_id":0,"_jetpack_memberships_contains_paywalled_content":false,"_jetpack_memberships_contains_paid_content":false,"footnotes":"","jetpack_publicize_message":"","jetpack_publicize_feature_enabled":true,"jetpack_social_post_already_shared":true,"jetpack_social_options":{"image_generator_settings":{"template":"highway","default_image_id":0,"enabled":false},"version":2}},"categories":[1161,186,44,10801],"tags":[],"class_list":["post-80309","post","type-post","status-publish","format-standard","has-post-thumbnail","hentry","category-ciudadania","category-instituciones","category-noticias-de-hoy","category-participa-atarfe"],"jetpack_publicize_connections":[],"jetpack_featured_media_url":"https:\/\/i0.wp.com\/miradordeatarfe.es\/wp-content\/uploads\/2025\/11\/subvenciones-asociaciones-2025.jpg?fit=1080%2C1350&ssl=1","jetpack_likes_enabled":true,"jetpack_sharing_enabled":true,"_links":{"self":[{"href":"https:\/\/miradordeatarfe.es\/index.php?rest_route=\/wp\/v2\/posts\/80309","targetHints":{"allow":["GET"]}}],"collection":[{"href":"https:\/\/miradordeatarfe.es\/index.php?rest_route=\/wp\/v2\/posts"}],"about":[{"href":"https:\/\/miradordeatarfe.es\/index.php?rest_route=\/wp\/v2\/types\/post"}],"author":[{"embeddable":true,"href":"https:\/\/miradordeatarfe.es\/index.php?rest_route=\/wp\/v2\/users\/1"}],"replies":[{"embeddable":true,"href":"https:\/\/miradordeatarfe.es\/index.php?rest_route=%2Fwp%2Fv2%2Fcomments&post=80309"}],"version-history":[{"count":3,"href":"https:\/\/miradordeatarfe.es\/index.php?rest_route=\/wp\/v2\/posts\/80309\/revisions"}],"predecessor-version":[{"id":80348,"href":"https:\/\/miradordeatarfe.es\/index.php?rest_route=\/wp\/v2\/posts\/80309\/revisions\/80348"}],"wp:featuredmedia":[{"embeddable":true,"href":"https:\/\/miradordeatarfe.es\/index.php?rest_route=\/wp\/v2\/media\/80310"}],"wp:attachment":[{"href":"https:\/\/miradordeatarfe.es\/index.php?rest_route=%2Fwp%2Fv2%2Fmedia&parent=80309"}],"wp:term":[{"taxonomy":"category","embeddable":true,"href":"https:\/\/miradordeatarfe.es\/index.php?rest_route=%2Fwp%2Fv2%2Fcategories&post=80309"},{"taxonomy":"post_tag","embeddable":true,"href":"https:\/\/miradordeatarfe.es\/index.php?rest_route=%2Fwp%2Fv2%2Ftags&post=80309"}],"curies":[{"name":"wp","href":"https:\/\/api.w.org\/{rel}","templated":true}]}}