{"id":80344,"date":"2025-11-26T11:00:57","date_gmt":"2025-11-26T10:00:57","guid":{"rendered":"https:\/\/miradordeatarfe.es\/?p=80344"},"modified":"2025-11-25T13:31:17","modified_gmt":"2025-11-25T12:31:17","slug":"el-seat-vigilsa-cab-atarfe-nueva-victoria-y-sigue-siendo-lider","status":"publish","type":"post","link":"https:\/\/miradordeatarfe.es\/?p=80344","title":{"rendered":"El Seat Vigilsa CAB Atarfe nueva victoria y sigue siendo lider"},"content":{"rendered":"<h1>Seat Vigilsa CAB Atarfe 90 \u2013 80 Ciudad de Vera<\/h1>\n<p>El Seat Vigilsa CAB Atarfe suma y sigue en este s\u00e1bado firm\u00f3 una victoria de car\u00e1cter por 90-80 ante un competitivo Ciudad de Vera, en un encuentro que no se decidi\u00f3 hasta los minutos finales ,gracias en parte a un Julio Torres que se fue a los 35 de valoraci\u00f3n. Aunque el conjunto atarfe\u00f1o estuvo por debajo en el marcador durante buena parte del duelo, supo imponer su ritmo en el \u00faltimo cuarto para terminar doblegando al equipo almeriense.<\/p>\n<p>El CAB Atarfe mostr\u00f3 un alt\u00edsimo nivel de acierto tanto en el juego interior como desde la l\u00ednea de tres puntos, claves para voltear un partido que exig\u00eda m\u00e1xima concentraci\u00f3n . Enfrente, el Ciudad de Vera \u2014uno de los equipos llamados a pelear por los puestos altos esta temporada\u2014 dej\u00f3 patente su enorme potencial, especialmente en el apartado ofensivo, donde fue capaz de castigar cada despiste defensivo. Gracias en parte a Julio<\/p>\n<p>Con este triunfo, el conjunto atarfe\u00f1o se repone de la \u00fanica derrota sufrida la pasada jornada en Roquetas y retoma sensaciones positivas. Adem\u00e1s, llegan buenas noticias desde la enfermer\u00eda: Lolo, una de las dos incorporaciones de esta campa\u00f1a, volvi\u00f3 a disputar minutos tras recuperarse de su esguince de tobillo.<\/p>\n<p>La competici\u00f3n no se detiene. Este <em><strong>mi\u00e9rcoles 26 de noviembre, en una jornada adelantada, el CAB Atarfe visitar\u00e1 al Caja Rural Ja\u00e9n, en un encuentro programado para las 21:15 h<\/strong><\/em>.<\/p>\n","protected":false},"excerpt":{"rendered":"<p>Seat Vigilsa CAB Atarfe 90 \u2013 80 Ciudad de Vera El Seat Vigilsa CAB Atarfe&#8230;<\/p>\n","protected":false},"author":1,"featured_media":80345,"comment_status":"closed","ping_status":"closed","sticky":false,"template":"","format":"standard","meta":{"_coblocks_attr":"","_coblocks_dimensions":"","_coblocks_responsive_height":"","_coblocks_accordion_ie_support":"","jetpack_post_was_ever_published":false,"_jetpack_newsletter_access":"","_jetpack_dont_email_post_to_subs":false,"_jetpack_newsletter_tier_id":0,"_jetpack_memberships_contains_paywalled_content":false,"_jetpack_memberships_contains_paid_content":false,"footnotes":"","jetpack_publicize_message":"","jetpack_publicize_feature_enabled":true,"jetpack_social_post_already_shared":true,"jetpack_social_options":{"image_generator_settings":{"template":"highway","default_image_id":0,"enabled":false},"version":2}},"categories":[182,186,44],"tags":[],"class_list":["post-80344","post","type-post","status-publish","format-standard","has-post-thumbnail","hentry","category-deportes","category-instituciones","category-noticias-de-hoy"],"jetpack_publicize_connections":[],"jetpack_featured_media_url":"https:\/\/i0.wp.com\/miradordeatarfe.es\/wp-content\/uploads\/2025\/11\/Imagen-de-WhatsApp-2025-11-24-a-las-13.14.01_fe3e1b54.jpg?fit=1080%2C957&ssl=1","jetpack_likes_enabled":true,"jetpack_sharing_enabled":true,"_links":{"self":[{"href":"https:\/\/miradordeatarfe.es\/index.php?rest_route=\/wp\/v2\/posts\/80344","targetHints":{"allow":["GET"]}}],"collection":[{"href":"https:\/\/miradordeatarfe.es\/index.php?rest_route=\/wp\/v2\/posts"}],"about":[{"href":"https:\/\/miradordeatarfe.es\/index.php?rest_route=\/wp\/v2\/types\/post"}],"author":[{"embeddable":true,"href":"https:\/\/miradordeatarfe.es\/index.php?rest_route=\/wp\/v2\/users\/1"}],"replies":[{"embeddable":true,"href":"https:\/\/miradordeatarfe.es\/index.php?rest_route=%2Fwp%2Fv2%2Fcomments&post=80344"}],"version-history":[{"count":1,"href":"https:\/\/miradordeatarfe.es\/index.php?rest_route=\/wp\/v2\/posts\/80344\/revisions"}],"predecessor-version":[{"id":80346,"href":"https:\/\/miradordeatarfe.es\/index.php?rest_route=\/wp\/v2\/posts\/80344\/revisions\/80346"}],"wp:featuredmedia":[{"embeddable":true,"href":"https:\/\/miradordeatarfe.es\/index.php?rest_route=\/wp\/v2\/media\/80345"}],"wp:attachment":[{"href":"https:\/\/miradordeatarfe.es\/index.php?rest_route=%2Fwp%2Fv2%2Fmedia&parent=80344"}],"wp:term":[{"taxonomy":"category","embeddable":true,"href":"https:\/\/miradordeatarfe.es\/index.php?rest_route=%2Fwp%2Fv2%2Fcategories&post=80344"},{"taxonomy":"post_tag","embeddable":true,"href":"https:\/\/miradordeatarfe.es\/index.php?rest_route=%2Fwp%2Fv2%2Ftags&post=80344"}],"curies":[{"name":"wp","href":"https:\/\/api.w.org\/{rel}","templated":true}]}}