{"id":80352,"date":"2025-11-30T11:00:07","date_gmt":"2025-11-30T10:00:07","guid":{"rendered":"https:\/\/miradordeatarfe.es\/?p=80352"},"modified":"2025-11-26T20:46:14","modified_gmt":"2025-11-26T19:46:14","slug":"el-hundimiento-de-la-vega-por-jose-en-rique-granados","status":"publish","type":"post","link":"https:\/\/miradordeatarfe.es\/?p=80352","title":{"rendered":"\u00abEL HUNDIMIENTO DE LA VEGA\u00bb por Jos\u00e9 En rique Granados"},"content":{"rendered":"<div class=\"html-div xdj266r x14z9mp xat24cr x1lziwak xexx8yu xyri2b x18d9i69 x1c1uobl\" dir=\"auto\">\n<div class=\"html-div xdj266r x14z9mp xat24cr x1lziwak xexx8yu xyri2b x18d9i69 x1c1uobl\" data-ad-rendering-role=\"story_message\">\n<div id=\"_r_h9_\" class=\"x1l90r2v x1iorvi4 x1g0dm76 xpdmqnj\" data-ad-comet-preview=\"message\" data-ad-preview=\"message\">\n<div class=\"x78zum5 xdt5ytf xz62fqu x16ldp7u\">\n<div class=\"xu06os2 x1ok221b\">\n<div class=\"html-div xdj266r x14z9mp xat24cr x1lziwak xexx8yu xyri2b x18d9i69 x1c1uobl\">\n<div class=\"xdj266r x14z9mp xat24cr x1lziwak x1vvkbs x126k92a\">\n<h3 dir=\"auto\">En la revista Ense\u00f1anza de las Ciencias de la Tierra, 2017, Rosa Mar\u00eda Mateos y colaboradores publicaron un art\u00edculo sobre el hundimiento de la Vega de Granada, coma consecuencia de la sequ\u00eda.<\/h3>\n<\/div>\n<div class=\"x14z9mp xat24cr x1lziwak x1vvkbs xtlvy1s x126k92a\">\n<div dir=\"auto\">Usando datos obtenidos con sat\u00e9lites han puesto de manifiesto que durante el periodo seco 2003-2009, el acu\u00edfero fue explotado con mayor intensidad en la zona de Armilla, Atarfe, Chauchina y Santa Fe, lo que gener\u00f3 hundimientos del terreno de hasta 1 cm\/a\u00f1o en zonas localizadas al norte de Chauchina, n\u00facleo urbano de Santa Fe, al este de Vegas del Genil, as\u00ed como en Atarfe y sur de Maracena. Curiosamente estas zonas coinciden con una mayor presencia de suelos de grano fino (arcillas y arcillas limosas) en el subsuelo, que se compactan durante las bajadas del nivel fre\u00e1tico.<\/div>\n<div dir=\"auto\">\u00a0<\/div>\n<\/div>\n<div class=\"x14z9mp xat24cr x1lziwak x1vvkbs xtlvy1s x126k92a\">\n<div dir=\"auto\">Aunque los datos de subsidencia obtenidos no son alarmantes, y no implican riesgo alguno por el momento, s\u00ed son de enorme inter\u00e9s para una gesti\u00f3n adecuada del acu\u00edfero, especialmente durante los periodos de sequ\u00eda. En zonas muy vulnerables, con elevados contenidos en arcillas, bajadas de tan solo un par de metros del nivel fre\u00e1tico pueden generar hundimientos del terreno que, de acumularse, pueden suponer subsidencias de varios cent\u00edmetros a la d\u00e9cada y representar un peligro a largo plazo para los n\u00facleos urbanos asentados en la Vega de Granada.<\/div>\n<div dir=\"auto\">\u00a0<\/div>\n<\/div>\n<div class=\"x14z9mp xat24cr x1lziwak x1vvkbs xtlvy1s x126k92a\">\n<div dir=\"auto\">En la fotograf\u00eda, uno de los lugares m\u00e1s emblem\u00e1ticos del casco urbano de Atarfe, el Paseo de Santa Ana.<\/div>\n<div dir=\"auto\">\u00a0<\/div>\n<\/div>\n<div class=\"x14z9mp xat24cr x1lziwak x1vvkbs xtlvy1s x126k92a\">\n<div dir=\"auto\"><strong>Gacetilla y curiosidades elvirenses<\/strong><\/div>\n<div dir=\"auto\">\u00a0<\/div>\n<\/div>\n<\/div>\n<\/div>\n<\/div>\n<\/div>\n<\/div>\n<\/div>\n","protected":false},"excerpt":{"rendered":"<p>En la revista Ense\u00f1anza de las Ciencias de la Tierra, 2017, Rosa Mar\u00eda Mateos y&#8230;<\/p>\n","protected":false},"author":1,"featured_media":80353,"comment_status":"closed","ping_status":"closed","sticky":false,"template":"","format":"standard","meta":{"_coblocks_attr":"","_coblocks_dimensions":"","_coblocks_responsive_height":"","_coblocks_accordion_ie_support":"","jetpack_post_was_ever_published":false,"_jetpack_newsletter_access":"","_jetpack_dont_email_post_to_subs":false,"_jetpack_newsletter_tier_id":0,"_jetpack_memberships_contains_paywalled_content":false,"_jetpack_memberships_contains_paid_content":false,"footnotes":"","jetpack_publicize_message":"","jetpack_publicize_feature_enabled":true,"jetpack_social_post_already_shared":true,"jetpack_social_options":{"image_generator_settings":{"template":"highway","default_image_id":0,"enabled":false},"version":2}},"categories":[2,10797,186,38,44],"tags":[],"class_list":["post-80352","post","type-post","status-publish","format-standard","has-post-thumbnail","hentry","category-atarfe","category-ciencia","category-instituciones","category-opinion-de-jose-enrique-granados","category-noticias-de-hoy"],"jetpack_publicize_connections":[],"jetpack_featured_media_url":"https:\/\/i0.wp.com\/miradordeatarfe.es\/wp-content\/uploads\/2025\/11\/568286671_1380169964116482_648124953503872957_n.jpg?fit=842%2C540&ssl=1","jetpack_likes_enabled":true,"jetpack_sharing_enabled":true,"_links":{"self":[{"href":"https:\/\/miradordeatarfe.es\/index.php?rest_route=\/wp\/v2\/posts\/80352","targetHints":{"allow":["GET"]}}],"collection":[{"href":"https:\/\/miradordeatarfe.es\/index.php?rest_route=\/wp\/v2\/posts"}],"about":[{"href":"https:\/\/miradordeatarfe.es\/index.php?rest_route=\/wp\/v2\/types\/post"}],"author":[{"embeddable":true,"href":"https:\/\/miradordeatarfe.es\/index.php?rest_route=\/wp\/v2\/users\/1"}],"replies":[{"embeddable":true,"href":"https:\/\/miradordeatarfe.es\/index.php?rest_route=%2Fwp%2Fv2%2Fcomments&post=80352"}],"version-history":[{"count":1,"href":"https:\/\/miradordeatarfe.es\/index.php?rest_route=\/wp\/v2\/posts\/80352\/revisions"}],"predecessor-version":[{"id":80354,"href":"https:\/\/miradordeatarfe.es\/index.php?rest_route=\/wp\/v2\/posts\/80352\/revisions\/80354"}],"wp:featuredmedia":[{"embeddable":true,"href":"https:\/\/miradordeatarfe.es\/index.php?rest_route=\/wp\/v2\/media\/80353"}],"wp:attachment":[{"href":"https:\/\/miradordeatarfe.es\/index.php?rest_route=%2Fwp%2Fv2%2Fmedia&parent=80352"}],"wp:term":[{"taxonomy":"category","embeddable":true,"href":"https:\/\/miradordeatarfe.es\/index.php?rest_route=%2Fwp%2Fv2%2Fcategories&post=80352"},{"taxonomy":"post_tag","embeddable":true,"href":"https:\/\/miradordeatarfe.es\/index.php?rest_route=%2Fwp%2Fv2%2Ftags&post=80352"}],"curies":[{"name":"wp","href":"https:\/\/api.w.org\/{rel}","templated":true}]}}